{"id":605303,"date":"2025-12-17T13:37:11","date_gmt":"2025-12-17T13:37:11","guid":{"rendered":"https:\/\/www.europesays.com\/fr\/605303\/"},"modified":"2025-12-17T13:37:11","modified_gmt":"2025-12-17T13:37:11","slug":"ag-insurance-soudal-le-maillot-2026-directvelo","status":"publish","type":"post","link":"https:\/\/www.europesays.com\/fr\/605303\/","title":{"rendered":"AG Insurance-Soudal : Le maillot 2026 &#8211; DirectVelo"},"content":{"rendered":"<ol>\n<li><a href=\"https:\/\/news.google.com\/rss\/articles\/CBMihgFBVV95cUxOM0RQaFZQSVZWLVduT0R5WHJzRkM4a2h3ek4tdHFCNkxUMnRVUkZHOGFibG5SWGgtemtpWHZlSTk1aWFBZG5hbmdqam5mVlMwbWhqT2dhODFOZjc1S1RPcndfcTVKSFV3a0p3NUdUZWI2WVVZZTZnbl9UdVRRVTFpd0ZoZTRrUQ?oc=5\" target=\"_blank\" rel=\"noopener\">AG Insurance-Soudal : Le maillot 2026<\/a>&nbsp;&nbsp;DirectVelo<\/li>\n<li><a href=\"https:\/\/news.google.com\/rss\/articles\/CBMiywFBVV95cUxOYWxlMFJWRF9uakJfcXBaMHRaaTdweW1xbVdWclc0NkZXSXdFcDRJVlU5UGdSQnprSWpYZ29lUG1tRmR4SHNObnJ3TXFIQmcwMWFWNXpRN01IVGFQZllFOXktODFvQS1LekdSbTZCa194dXRSQWk2OEVXalZTc2pkSlZYUEx5X0h2bWRkY0dmNXFkLWlZdmVpZHoyMldsZVRvR2s2VmNOcmY1dkpWZ0JiQUJWNlp4ckZ6UHVCUUtUNlhhbFY5NjVTM1Z5TQ?oc=5\" target=\"_blank\" rel=\"noopener\">Soudal Quick-Step d\u00e9voile son maillot 2026 \u00e0 l&rsquo;aube d&rsquo;un nouveau cycle<\/a>&nbsp;&nbsp;L&rsquo;\u00c9quipe<\/li>\n<li><a href=\"https:\/\/news.google.com\/rss\/articles\/CBMi7gFBVV95cUxPdmwyNzRuZjM0dWxlTy1maTV4SFMxZnlwMW1tRWlsa01wV2k5QzM1dFloMDVWY2R6YVpCejFzLUl2c1ZSdW5yektONTFoSGVaSmw2THg0MHhmNHN0eU8yeXU1cWE5YWpOaEU0ck1wWEtMTGhiWmg0S0dXaTk0T0pxOWVnUW9NcW9WNDEyZDlfSExtdmVNcHpOVXAxRjlqbnhIX0xPU2hTM19hREtJVmlZSmh5UDU4NXpVQ1c4UGhObVMyRG5rYjBCeFBCR3UyUy1TUl84b0h0eWpncFBwNkMxTzBQbWlsWVR0Si1URFNB?oc=5\" target=\"_blank\" rel=\"noopener\">Cyclisme. Soudal Quick-Step d\u00e9voile son nouveau maillot 2026<\/a>&nbsp;&nbsp;Ouest-France<\/li>\n<li><a href=\"https:\/\/news.google.com\/rss\/articles\/CBMigwFBVV95cUxQYWNKTzNUQ0FBdW9lWTkxaFJkY1A5MUdvTGNFQ3VaMmxtX1cyaTFNUkZVQ2JiRGlMT0pFa2NaQU5HeC01MFhJMUNIOWNsTWJoVWdGT2R3WmJBcHdqLTJNSzJTdVZxWWdFTk1oUXR4SjRKWFFucTVMY254SFVIRHhsOGRNTQ?oc=5\" target=\"_blank\" rel=\"noopener\">Soudal Quick-Step d\u00e9voile son maillot 2026<\/a>&nbsp;&nbsp;Velo-Club<\/li>\n<li><a href=\"https:\/\/news.google.com\/rss\/articles\/CBMilwFBVV95cUxPWV9LYlZJVUFpYmpYdmpqUWJpNTd0Wkx0bU5wTXpFNFpQd1dsblhfM01laEhPb0lOMmE1dURDY0lPWVZKbEFvV0RtVFNTNnc2X3g4WnhMbVB1dVVrYlRjbklETktHZnBkMXFuOENTUk8zMktRaWViMnR5Wm9GakQ1SjIxaFdyWS1vdng3bHN4NzdOLXVwbWlB?oc=5\" target=\"_blank\" rel=\"noopener\">Maillot Soudal Quick-Step 2026 : un design pour plus de s\u00e9curit\u00e9<\/a>&nbsp;&nbsp;velopack.fr<\/li>\n<\/ol>\n","protected":false},"excerpt":{"rendered":"AG Insurance-Soudal : Le maillot 2026&nbsp;&nbsp;DirectVelo Soudal Quick-Step d\u00e9voile son maillot 2026 \u00e0 l&rsquo;aube d&rsquo;un nouveau cycle&nbsp;&nbsp;L&rsquo;\u00c9quipe Cyclisme.&hellip;\n","protected":false},"author":2,"featured_media":605304,"comment_status":"","ping_status":"","sticky":false,"template":"","format":"standard","meta":{"footnotes":""},"categories":[1411],"tags":[834,828,836,829,837,827,83,826,824,823,1154,207,814,817,815,816,822,821,832,211,839,1011,27,820,818,819,835,831,830,833,838,60,212,208,825],"class_list":{"0":"post-605303","1":"post","2":"type-post","3":"status-publish","4":"format-standard","5":"has-post-thumbnail","7":"category-cyclisme","8":"tag-attaque","9":"tag-belgique","10":"tag-braquet","11":"tag-bretagne","12":"tag-chute","13":"tag-competition","14":"tag-coupe-de-france","15":"tag-coureur","16":"tag-course-cyclisme","17":"tag-course-cycliste","18":"tag-cycling","19":"tag-cyclisme","20":"tag-direct","21":"tag-direct-velo","22":"tag-directvelo","23":"tag-directvelo-com","24":"tag-epreuve","25":"tag-epreuve-cycliste","26":"tag-federation-francaise-de-cyclisme","27":"tag-ffc","28":"tag-flandres","29":"tag-fr","30":"tag-france","31":"tag-live","32":"tag-live-course","33":"tag-live-epreuve","34":"tag-peloton","35":"tag-radio-peloton","36":"tag-radio-tour","37":"tag-ravitaillement","38":"tag-relance","39":"tag-sports","40":"tag-uci","41":"tag-velo","42":"tag-velos"},"share_on_mastodon":{"url":"https:\/\/pubeurope.com\/@fr\/115735183092820597","error":""},"_links":{"self":[{"href":"https:\/\/www.europesays.com\/fr\/wp-json\/wp\/v2\/posts\/605303","targetHints":{"allow":["GET"]}}],"collection":[{"href":"https:\/\/www.europesays.com\/fr\/wp-json\/wp\/v2\/posts"}],"about":[{"href":"https:\/\/www.europesays.com\/fr\/wp-json\/wp\/v2\/types\/post"}],"author":[{"embeddable":true,"href":"https:\/\/www.europesays.com\/fr\/wp-json\/wp\/v2\/users\/2"}],"replies":[{"embeddable":true,"href":"https:\/\/www.europesays.com\/fr\/wp-json\/wp\/v2\/comments?post=605303"}],"version-history":[{"count":0,"href":"https:\/\/www.europesays.com\/fr\/wp-json\/wp\/v2\/posts\/605303\/revisions"}],"wp:featuredmedia":[{"embeddable":true,"href":"https:\/\/www.europesays.com\/fr\/wp-json\/wp\/v2\/media\/605304"}],"wp:attachment":[{"href":"https:\/\/www.europesays.com\/fr\/wp-json\/wp\/v2\/media?parent=605303"}],"wp:term":[{"taxonomy":"category","embeddable":true,"href":"https:\/\/www.europesays.com\/fr\/wp-json\/wp\/v2\/categories?post=605303"},{"taxonomy":"post_tag","embeddable":true,"href":"https:\/\/www.europesays.com\/fr\/wp-json\/wp\/v2\/tags?post=605303"}],"curies":[{"name":"wp","href":"https:\/\/api.w.org\/{rel}","templated":true}]}}