{"id":605310,"date":"2025-12-17T13:42:14","date_gmt":"2025-12-17T13:42:14","guid":{"rendered":"https:\/\/www.europesays.com\/fr\/605310\/"},"modified":"2025-12-17T13:42:14","modified_gmt":"2025-12-17T13:42:14","slug":"danse-avec-les-stars-juju-fitcats-confirmee","status":"publish","type":"post","link":"https:\/\/www.europesays.com\/fr\/605310\/","title":{"rendered":"\u00ab\u00a0Danse avec les stars\u00a0\u00bb\u00a0: Juju Fitcats confirm\u00e9e"},"content":{"rendered":"<p>      R\u00e9sum\u00e9<\/p>\n<p>Juju Fitcats rejoint le casting de la prochaine saison de \u00ab\u00a0Danse avec les stars\u00a0\u00bb sur TF1. Une nouvelle aventure pour la YouTubeuse qui s&rsquo;illustre depuis peu en tant qu&rsquo;animatrice sur M6.<\/p>\n<p>        Sommaire<\/p>\n<p><strong>Qui succ\u00e9dera \u00e0 L\u00e9nie<\/strong> (Star Academy) et remportera la <strong>quinzi\u00e8me saison<\/strong> de \u00ab\u00a0Danse avec les stars\u00a0\u00bb sur TF1\u00a0? Alors que le programme culte sera diffus\u00e9 d\u00e8s le premier semestre 2026, le casting se pr\u00e9cise. En effet, nos confr\u00e8res du <a href=\"https:\/\/www.leparisien.fr\/culture-loisirs\/tv\/danse-avec-les-stars-juju-fitcats-rejoint-le-casting-de-la-nouvelle-saison-17-12-2025-KJ7BKN6BIBHGRGUQFSDLENMDC4.php\" target=\"_blank\" rel=\"noopener\">Parisien <\/a> viennent de faire <strong>une annonce de taille <\/strong>ce mercredi 17\u00a0d\u00e9cembre. Le quotidien est en mesure de r\u00e9v\u00e9ler que <strong>Juju Fitcats fera partie de l&rsquo;aventure<\/strong>\u00a0! Un nouveau challenge pour <a href=\"https:\/\/www.public.fr\/mon-corps-ne-me-permet-pas-de-continuer-juju-fitcats-apres-le-mariage-avec-tibo-inshape-les-problemes-de-sante\" target=\"_blank\" rel=\"noopener\">la cr\u00e9atrice de contenus et sportive de 30 ans<\/a>.<\/p>\n<p>Toutefois, en int\u00e9grant l&rsquo;\u00e9quipe de \u00ab\u00a0DALS\u00a0\u00bb, <a href=\"https:\/\/www.public.fr\/vous-mavez-grille-tibo-inshape-deux-mois-apres-son-mariage-avec-jujufitcats-laveu-inattendu\" target=\"_blank\" rel=\"noopener\">la femme de Tibo InShape<\/a> fait <strong>une petite infid\u00e9lit\u00e9 \u00e0 M6<\/strong>. En effet, depuis sa participation aux \u00ab\u00a0Tra\u00eetres\u00a0\u00bb en 2023, cette derni\u00e8re est aux manettes de \u00ab\u00a0Le France a un incroyable talent\u2026 \u00c7a continue\u00a0\u00bb. Par ailleurs, la saison derni\u00e8re, elle a aussi pr\u00e9sent\u00e9 l&rsquo;\u00e9mission suivant \u00ab\u00a0Les Tra\u00eetres\u00a0\u00bb en deuxi\u00e8me partie de soir\u00e9e et a \u00e9t\u00e9 vue aux c\u00f4t\u00e9s d&rsquo;Eric Antoine dans le jeu \u00ab\u00a099 \u00e0 battre\u00a0\u00bb. Toutefois, sa participation \u00e0 \u00ab\u00a0Danse avec les stars\u00a0\u00bb n&rsquo;est pas vraiment une surprise.<\/p>\n<p>En effet, en 2024, ann\u00e9e de la victoire de Natasha St-Pier, Juju Fitcats \u00e9tait <strong>d\u00e9j\u00e0 pressentie pour int\u00e9grer le programme<\/strong>. Lors d&rsquo;une session de questions\/r\u00e9ponses avec ses abonn\u00e9s sur YouTube, elle avait r\u00e9v\u00e9l\u00e9\u00a0:  \u00ab\u00a0<strong>Cette ann\u00e9e, j\u2019aurais d\u00fb, j\u2019aurais pu faire \u00ab\u00a0Danse avec les stars\u00a0\u00bb saison 13.<\/strong> Malheureusement, j\u2019ai \u00e9t\u00e9 oblig\u00e9e, pour des raisons de sant\u00e9, de ne pas accepter la proposition \u00e9tant donn\u00e9 que <strong>mon genou ne m\u2019aurait pas du tout permis de faire l\u2019\u00e9mission <\/strong>au maximum de mes capacit\u00e9s physiques\u00a0\u00bb. \u00c0 l\u2019\u00e9poque, <a href=\"https:\/\/www.public.fr\/tibo-inshape-et-juju-fitcats-leur-mariage-tant-attendu-enfin-celebre-les-fans-emus-par-les-premieres-photos\" target=\"_blank\" rel=\"noopener\">la star des r\u00e9seaux sociaux<\/a> avait m\u00eame pass\u00e9 <strong>des auditions avec le danseur Jordan Mouillerac<\/strong>. Participer \u00e0 \u00ab\u00a0DALS\u00a0\u00bb, c&rsquo;est <strong>un r\u00eave qu&rsquo;elle nourrit depuis qu&rsquo;elle a \u00ab\u00a015 ans\u00a0\u00bb.<\/strong> Un r\u00eave qui s&rsquo;appr\u00eate donc \u00e0 devenir r\u00e9alit\u00e9.<\/p>\n<p>\u00ab\u00a0Danse avec les stars\u00a0\u00bb\u00a0: qui sont les candidats d\u00e9j\u00e0 confirm\u00e9s\u00a0?<\/p>\n<p>Si Juju Fitcats a \u00e9t\u00e9 confirm\u00e9e par Le Parisien, la production de \u00ab\u00a0Danse avec les stars\u00a0\u00bb n&rsquo;a pas confirm\u00e9 l&rsquo;info. Par ailleurs, la principale concern\u00e9e <strong>n&rsquo;a pas encore r\u00e9agi<\/strong> sur ses r\u00e9seaux sociaux. En revanche, <strong>TF1 a d\u00e9j\u00e0 d\u00e9voil\u00e9 le nom de six personnalit\u00e9s <\/strong>qui fouleront bel et bien le parquet de \u00ab\u00a0DALS\u00a0\u00bb. Parmi elles, on retrouvera notamment <strong>l&rsquo;ancienne nageuse professionnelle <a href=\"https:\/\/www.google.com\/url?sa=t&amp;source=web&amp;rct=j&amp;opi=89978449&amp;url=https:\/\/vsd.fr\/88095-laure-manaudou-tres-inquiete-pour-la-sante-mentale-de-leon-marchand\/&amp;ved=2ahUKEwii_8Lls8SRAxUJUqQEHcDLOeEQFnoECBgQAQ&amp;usg=AOvVaw0A0I1yhfLf3ulv7LlZsVJw\" target=\"_blank\" rel=\"noopener\">Laure Manaudou<\/a><\/strong> et ce alors que son fr\u00e8re Florent est arriv\u00e9 deuxi\u00e8me l&rsquo;an dernier avec Elsa Bois.<\/p>\n<p>Par ailleurs, les t\u00e9l\u00e9spectateurs d\u00e9couvriront aussi les performances de <strong>Miss France 2025, Ang\u00e9lique Angarni-Filopon<\/strong>. Il y aura aussi <a href=\"https:\/\/www.google.com\/url?sa=t&amp;source=web&amp;rct=j&amp;opi=89978449&amp;url=https:\/\/vsd.fr\/47225-stephane-bern-sans-tabou-sur-son-operation-de-chirurgie-esthetique\/&amp;ved=2ahUKEwijm4GqtMSRAxXrcKQEHZ4eIhAQFnoECDYQAQ&amp;usg=AOvVaw3zLd-4g86qPvcKMWSwR5C7\" target=\"_blank\" rel=\"noopener\">l&rsquo;animateur <strong>St\u00e9phane Bern<\/strong><\/a> et la star de la s\u00e9rie Beverly Hills 90210, <strong>Ian Ziering<\/strong>. Enfin, deux anciens candidats de la \u00ab\u00a0Star Academy\u00a0\u00bb ont accept\u00e9 de relever le d\u00e9fi. Tout d&rsquo;abord, il y aura <a href=\"https:\/\/www.google.com\/url?sa=t&amp;source=web&amp;rct=j&amp;opi=89978449&amp;url=https:\/\/vsd.fr\/88748-cest-une-agression-sexuelle-julien-lieb-et-pierre-garnier-victimes-de-mains-baladeuses-des-meres-de-famille-pointees-du-doigt\/&amp;ved=2ahUKEwjej67TtMSRAxUIK_sDHf00PIQQFnoECD8QAQ&amp;usg=AOvVaw0pZIHka3hpaoYTDvoTBaCh\" target=\"_blank\" rel=\"noopener\"><strong>Julien Lieb<\/strong>, le camarade de Pierre Garnier<\/a> et Helena mais aussi <strong>Emma <\/strong>vue dans la saison 12 aux c\u00f4t\u00e9s de Marine.<\/p>\n<p>\n          Hits &amp; People en continu\n        <\/p>\n<p>\n          Public Radio\n        <\/p>\n<p>      Mentionn\u00e9s dans cet article<\/p>\n<p>      Sur le m\u00eame sujet<\/p>\n","protected":false},"excerpt":{"rendered":"R\u00e9sum\u00e9 Juju Fitcats rejoint le casting de la prochaine saison de \u00ab\u00a0Danse avec les stars\u00a0\u00bb sur TF1. Une&hellip;\n","protected":false},"author":2,"featured_media":605311,"comment_status":"","ping_status":"","sticky":false,"template":"","format":"standard","meta":{"footnotes":""},"categories":[1356],"tags":[193,426,194,58,59,1011,27,1760,252,199,1364],"class_list":{"0":"post-605310","1":"post","2":"type-post","3":"status-publish","4":"format-standard","5":"has-post-thumbnail","7":"category-television","8":"tag-camille-combal","9":"tag-candidat","10":"tag-danse-avec-les-stars","11":"tag-divertissement","12":"tag-entertainment","13":"tag-fr","14":"tag-france","15":"tag-juju-fitcats","16":"tag-television","17":"tag-tf1","18":"tag-tv"},"share_on_mastodon":{"url":"https:\/\/pubeurope.com\/@fr\/115735202781841586","error":""},"_links":{"self":[{"href":"https:\/\/www.europesays.com\/fr\/wp-json\/wp\/v2\/posts\/605310","targetHints":{"allow":["GET"]}}],"collection":[{"href":"https:\/\/www.europesays.com\/fr\/wp-json\/wp\/v2\/posts"}],"about":[{"href":"https:\/\/www.europesays.com\/fr\/wp-json\/wp\/v2\/types\/post"}],"author":[{"embeddable":true,"href":"https:\/\/www.europesays.com\/fr\/wp-json\/wp\/v2\/users\/2"}],"replies":[{"embeddable":true,"href":"https:\/\/www.europesays.com\/fr\/wp-json\/wp\/v2\/comments?post=605310"}],"version-history":[{"count":0,"href":"https:\/\/www.europesays.com\/fr\/wp-json\/wp\/v2\/posts\/605310\/revisions"}],"wp:featuredmedia":[{"embeddable":true,"href":"https:\/\/www.europesays.com\/fr\/wp-json\/wp\/v2\/media\/605311"}],"wp:attachment":[{"href":"https:\/\/www.europesays.com\/fr\/wp-json\/wp\/v2\/media?parent=605310"}],"wp:term":[{"taxonomy":"category","embeddable":true,"href":"https:\/\/www.europesays.com\/fr\/wp-json\/wp\/v2\/categories?post=605310"},{"taxonomy":"post_tag","embeddable":true,"href":"https:\/\/www.europesays.com\/fr\/wp-json\/wp\/v2\/tags?post=605310"}],"curies":[{"name":"wp","href":"https:\/\/api.w.org\/{rel}","templated":true}]}}