{"id":605314,"date":"2025-12-17T13:44:11","date_gmt":"2025-12-17T13:44:11","guid":{"rendered":"https:\/\/www.europesays.com\/fr\/605314\/"},"modified":"2025-12-17T13:44:11","modified_gmt":"2025-12-17T13:44:11","slug":"doomsday-on-a-vu-le-premier-teaser-du-film-marvel","status":"publish","type":"post","link":"https:\/\/www.europesays.com\/fr\/605314\/","title":{"rendered":"Doomsday, on a vu le premier teaser du film Marvel"},"content":{"rendered":"<p>Marvel r\u00e9serve une surprise aux spectateurs d\u2019<a href=\"https:\/\/www.journaldugeek.com\/critique\/critique-avatar-3-une-conclusion-en-apotheose\/\" target=\"_blank\" rel=\"noopener\">Avatar\u00a0: de feu et de cendres<\/a>. D\u00e8s ce mercredi 17 d\u00e9cembre, le studio lance un dispositif exceptionnel pour promouvoir son prochain projet cin\u00e9matographique. \u00c0 un an d\u2019Avengers\u00a0: Doomsday, le premier teaser est projet\u00e9 en exclusivit\u00e9 au cin\u00e9ma. Un pr\u00e9ambule au retour de Pandora qui fait d\u00e9j\u00e0 beaucoup parler sur les r\u00e9seaux sociaux.<\/p>\n<p>Cette s\u00e9quence serait la premi\u00e8re d\u2019une s\u00e9rie de quatre extraits exclusifs qui seront projet\u00e9s en salles \u00e0 un rythme d\u2019un nouveau par semaine. Si de nombreux \u00e9l\u00e9ments ont d\u00e9j\u00e0 \u00e9t\u00e9 d\u00e9voil\u00e9s, sans la validation de Marvel ou Disney, Journal du Geek s\u2019est rendu en salle pour voir ce que r\u00e9serve vraiment la s\u00e9quence.<\/p>\n<p> Steve Rogers reprend du service <\/p>\n<p><a href=\"https:\/\/www.journaldugeek.com\/critique\/critique-avengers-endgame-a-claquement-de-doigts-de-perfection\/\" target=\"_blank\" rel=\"noopener\">Avengers\u00a0: Endgame<\/a> devait signer le d\u00e9but d\u2019une nouvelle \u00e8re pour le MCU. Le film des fr\u00e8res Russo concluait plus d\u2019une d\u00e9cennie de films au cin\u00e9ma et officialisait le d\u00e9part de l\u2019int\u00e9gralit\u00e9 des h\u00e9ros originaux\u2026 ou presque. Iron Man est mort, Steve Rogers a pris sa retraite et Black Widow s\u2019\u00e9tait sacrifi\u00e9e pour sauver le monde.<\/p>\n<p>Thor a eu le droit \u00e0 quatri\u00e8me film sous la houlette de Taika Waititi et dans lequel il se r\u00e9invente p\u00e8re de famille. Hulk, lui aussi est devenu p\u00e8re et se contentait de former sa jeune cousine aux rudiments du m\u00e9tier. Hawkeye a accompagn\u00e9 la jeune Kate Bishop dans une aventure new-yorkaise riche en rebondissement. A priori, l<strong>es Avengers historiques ne devaient pas rempiler pour ce cinqui\u00e8me film<\/strong>. Marvel en a d\u00e9cid\u00e9 autrement.<\/p>\n<p>Apr\u00e8s l\u2019annonce du retour de Robert Downey Jr dans le r\u00f4le de Doctor Fatalis, c\u2019est au tour de Chris Evans de reprendre du service sur le grand \u00e9cran. La participation de l\u2019acteur \u00e0 Doomsday faisait l\u2019objet de nombreuses rumeurs mais ni le principal int\u00e9ress\u00e9 ni Kevin Feige n\u2019avaient souhait\u00e9 commenter. Kevin Feige s\u2019\u00e9tait content\u00e9 d\u2019une pr\u00e9cision \u00e0 l\u2019issue d\u2019un live de six heures annon\u00e7ant les h\u00e9ros convoqu\u00e9s pour Doomsday. Toute la distribution n\u2019\u00e9tait pas officielle. La suite des annonces a donc eu lieu ce 17 d\u00e9cembre au cin\u00e9ma. Steve Rogers est bien de retour dans le MCU\u2026 et il y a du changement.<\/p>\n<p> Deux Captain pour le prix d\u2019un\u00a0? <\/p>\n<p>Sam Wilson sera sans doute ravi d\u2019apprendre que sa carri\u00e8re solo au cin\u00e9ma prend d\u00e9j\u00e0 fin. Apr\u00e8s une s\u00e9rie aux c\u00f4t\u00e9s de Bucky Barnes et un film dans les salles obscures, l\u2019allier de Steve Rogers doit de nouveau partager la lumi\u00e8re. Chris Evans n\u2019a pas encore officiellement renfil\u00e9 le costume, puisque Marvel se contente de le pr\u00e9senter sous son nom civil. Il appara\u00eet sur une moto, bague au doigt et casque \u00e0 la main. Il se dirige ensuite vers sa maison. Les spectateurs auront reconnu celle dans laquelle il danse avec Peggy Carter \u00e0 la fin d\u2019Endgame. Son apparence jeune laisse \u00e0 penser qu\u2019il s\u2019agit d\u2019un voyage dans le pass\u00e9, sans doute apr\u00e8s qu\u2019il ait rapport\u00e9 les pierres de l\u2019Infini. Les circonstances de ce retour restent pour l\u2019heure myst\u00e9rieuses.<\/p>\n<p>On peut tout de m\u00eame imaginer que l\u2019irruption de Doom dans la dimension des h\u00e9ros que l\u2019on conna\u00eet ait pouss\u00e9 les superh\u00e9ros \u00e0 se tourner vers leurs plus vaillants soldats. Quoi qu\u2019il en soit, il sort son vieux costume du placard sans doute pour en d\u00e9coudre avec le nouveau grand m\u00e9chant de la franchise.<\/p>\n<p> Une grosse surprise <\/p>\n<p>La sc\u00e8ne d\u2019un peu plus d\u2019une minute livre tout de m\u00eame une information importante sur ce qu\u2019il arrive \u00e0 Steve Rogers apr\u00e8s son d\u00e9part dans Endgame. Il a fond\u00e9 une famille avec Peggy Carter et tient un enfant dans les bras. Un nouveau n\u00e9 qu\u2019il berce en silence. On n\u2019en saura pas plus pour l\u2019instant, il faudra patienter jusqu\u2019au mois de janvier pour obtenir une v\u00e9ritable bande-annonce. Le compte \u00e0 rebours est lanc\u00e9, litt\u00e9ralement puisqu\u2019il appara\u00eet \u00e0 l\u2019\u00e9cran et d\u00e9marre \u00e0 M-12.<\/p>\n<p> Ce n\u2019est que le d\u00e9but <\/p>\n<p>Cette courte s\u00e9quence pourrait frustrer plus d\u2019un spectateur, mais elle s\u2019inscrit dans une strat\u00e9gie \u00e0 plus long terme qui veut qu\u2019une s\u00e9quence in\u00e9dite soit pr\u00e9sent\u00e9e chaque semaine. Si l\u2019on suit la logique avanc\u00e9e par le tr\u00e8s s\u00e9rieux The Hollywood Reporter, et confirm\u00e9e ce matin par le Grand Rex, la vraie bande-annonce pourrait \u00eatre partag\u00e9e<strong> le 7 janvier prochain<\/strong> en France dans les salles obscures et sans doute le vendredi suivant aux \u00c9tats-Unis. On peut imaginer que, pour prot\u00e9ger l\u2019exp\u00e9rience en salle, la Maison des id\u00e9es attende le weekend suivant avant de l\u2019ajouter sur YouTube. On ne sait pas non plus quand les images projet\u00e9es ce matin seront accessibles au grand public. Il va falloir se rendre au cin\u00e9ma pour en profiter d\u00e8s aujourd\u2019hui.<\/p>\n<blockquote style=\"border:1px solid #971048;border-radius:8px;\">\n<p class=\"text-base text-neutral-700 dark:text-neutral-300\" style=\"color:grey;\">\ud83d\udfe3 Pour ne manquer aucune news sur le Journal du Geek, <a href=\"https:\/\/profile.google.com\/cp\/CgwvZy8xejJ2N182c2MaHmh0dHBzOi8vd3d3LmpvdXJuYWxkdWdlZWsuY29tLw==?pf=6\" target=\"_blank\" rel=\"noopener\">suivez-nous sur Google<\/a> et sur notre canal <a href=\"https:\/\/whatsapp.com\/channel\/0029VaClM5y4tRry12tb7D2h\" target=\"_blank\" rel=\"noopener\">WhatsApp<\/a>. Et si vous nous adorez, on a <a href=\"https:\/\/www.journaldugeek.com\/newsletter\/\" target=\"_blank\" rel=\"noopener\">une newsletter tous les matins<\/a>.<\/p>\n<\/blockquote>\n","protected":false},"excerpt":{"rendered":"Marvel r\u00e9serve une surprise aux spectateurs d\u2019Avatar\u00a0: de feu et de cendres. D\u00e8s ce mercredi 17 d\u00e9cembre, le&hellip;\n","protected":false},"author":2,"featured_media":605315,"comment_status":"","ping_status":"","sticky":false,"template":"","format":"standard","meta":{"footnotes":""},"categories":[1354],"tags":[4553,54444,7408,68632,58,59,1346,1011,27,1360,71709],"class_list":{"0":"post-605314","1":"post","2":"type-post","3":"status-publish","4":"format-standard","5":"has-post-thumbnail","7":"category-films","8":"tag-avengers-doomsday","9":"tag-avengers-5","10":"tag-captain-america","11":"tag-chris-evans","12":"tag-divertissement","13":"tag-entertainment","14":"tag-films","15":"tag-fr","16":"tag-france","17":"tag-movies","18":"tag-steve-rogers"},"share_on_mastodon":{"url":"https:\/\/pubeurope.com\/@fr\/115735210513250682","error":""},"_links":{"self":[{"href":"https:\/\/www.europesays.com\/fr\/wp-json\/wp\/v2\/posts\/605314","targetHints":{"allow":["GET"]}}],"collection":[{"href":"https:\/\/www.europesays.com\/fr\/wp-json\/wp\/v2\/posts"}],"about":[{"href":"https:\/\/www.europesays.com\/fr\/wp-json\/wp\/v2\/types\/post"}],"author":[{"embeddable":true,"href":"https:\/\/www.europesays.com\/fr\/wp-json\/wp\/v2\/users\/2"}],"replies":[{"embeddable":true,"href":"https:\/\/www.europesays.com\/fr\/wp-json\/wp\/v2\/comments?post=605314"}],"version-history":[{"count":0,"href":"https:\/\/www.europesays.com\/fr\/wp-json\/wp\/v2\/posts\/605314\/revisions"}],"wp:featuredmedia":[{"embeddable":true,"href":"https:\/\/www.europesays.com\/fr\/wp-json\/wp\/v2\/media\/605315"}],"wp:attachment":[{"href":"https:\/\/www.europesays.com\/fr\/wp-json\/wp\/v2\/media?parent=605314"}],"wp:term":[{"taxonomy":"category","embeddable":true,"href":"https:\/\/www.europesays.com\/fr\/wp-json\/wp\/v2\/categories?post=605314"},{"taxonomy":"post_tag","embeddable":true,"href":"https:\/\/www.europesays.com\/fr\/wp-json\/wp\/v2\/tags?post=605314"}],"curies":[{"name":"wp","href":"https:\/\/api.w.org\/{rel}","templated":true}]}}