{"id":605324,"date":"2025-12-17T13:49:13","date_gmt":"2025-12-17T13:49:13","guid":{"rendered":"https:\/\/www.europesays.com\/fr\/605324\/"},"modified":"2025-12-17T13:49:13","modified_gmt":"2025-12-17T13:49:13","slug":"societe-generale-en-tete-du-cac-40-grace-a-bank-of-america-17-12-2025-a-1217","status":"publish","type":"post","link":"https:\/\/www.europesays.com\/fr\/605324\/","title":{"rendered":"Soci\u00e9t\u00e9 G\u00e9n\u00e9rale en t\u00eate du CAC 40 gr\u00e2ce \u00e0 Bank of America &#8211; 17\/12\/2025 \u00e0 12:17"},"content":{"rendered":"<p>\n (AOF) &#8211;<br \/>\n <a href=\"https:\/\/www.boursorama.com\/cours\/1rPGLE\/\" target=\"_blank\" rel=\"noopener\"><br \/>\n  Soci\u00e9t\u00e9 G\u00e9n\u00e9rale<br \/>\n <\/a><br \/>\n (+3,54, \u00e0 66,64 euros) se distingue en t\u00eate de l\u2019indice CAC 40 et pourrait encha\u00eener une troisi\u00e8me s\u00e9ance cons\u00e9cutive de progression. Le titre est soutenu par l\u2019avis de Bank of America qui l\u2019a int\u00e9gr\u00e9 dans sa liste \u00ab\u00a0Europe 1\u00a0\u00bb de ses meilleures convictions et fait partie des \u00ab\u00a025 valeurs pour 2026\u00a0\u00bb de la banque am\u00e9ricaine.\n<\/p>\n<p>\n Les analystes estiment que, malgr\u00e9 son excellent parcours en 2025 (+144% depuis le 1er janvier, soit la plus forte hausse du CAC 40), le titre dispose d&rsquo;un potentiel de revalorisation significatif. Ils misent notamment sur un redressement de la rentabilit\u00e9, avec un ROTE (rendement des capitaux propres tangibles) de 13% d&rsquo;ici 2028, contre 10% en 2025.\n<\/p>\n<p>\n Ils misent \u00e9galement sur un taux de croissance annuel compos\u00e9 du b\u00e9n\u00e9fice net par action de plus de 20% sur la p\u00e9riode 2025-2028, soit l&rsquo;un des plus \u00e9lev\u00e9s au monde, ce qui le place entre 6 et 13% au-dessus du consensus.\n<\/p>\n<p>\n La recommandation de Bank of America sur le titre est \u00e0 Acheter, avec une cible de cours relev\u00e9e de 67 \u00e0 85 euros, ce qui repr\u00e9sente un potentiel de hausse de 32% par rapport au cours de mardi soir.\n<\/p>\n<p>\n Outre Bank of America, les bancaires profitent dans leur ensemble d&rsquo;une am\u00e9lioration du sentiment des investisseurs sur le secteur. Ce dernier devrait \u00e9galement profiter, selon un analyste interrog\u00e9 par Zonebourse, d&rsquo;un potentiel arr\u00eat des baisses de taux de la Banque centrale europ\u00e9enne, ainsi que d&rsquo;une am\u00e9lioration des perspectives de croissance pour l&rsquo;\u00e9conomie europ\u00e9enne.\n<\/p>\n<p>\n <strong><br \/>\n  AOF &#8211; EN SAVOIR PLUS<br \/>\n <\/strong>\n<\/p>\n<p>\n <strong><br \/>\n  Points cl\u00e9s<br \/>\n <\/strong>\n<\/p>\n<p>\n &#8211; Banque n\u00e9e en 1864, l\u2019un des 1ers groupes europ\u00e9ens de services financiers ;\n<\/p>\n<p>\n &#8211; Produit net bancaire de 26,8 Mds\u20ac r\u00e9alis\u00e9 par la banque de d\u00e9tail, la banque priv\u00e9e et l\u2019assurance en France \u2013marques Soci\u00e9t\u00e9 g\u00e9n\u00e9rale et Boursorama, la banque de d\u00e9tail, les services financiers et de mobilit\u00e9 \u00e0 l\u2019international et par la banque de grande client\u00e8le et solutions investisseurs ;\n<\/p>\n<p>\n &#8211; Ambition : une banque robuste, \u00e0 l&rsquo;avant-garde des transformations positives et durables, \u00e0 100 % digitalis\u00e9e ;\n<\/p>\n<p>\n &#8211; Forte pr\u00e9sence des salari\u00e9s (9,84 % et 14,94  % des droits de vote) dans le capital, avec un conseil de 15 administrateurs pr\u00e9sid\u00e9 par Lorenzo Bini Smaghi, Slawomir Krupa \u00e9tant directeur g\u00e9n\u00e9ral.\n<\/p>\n<p>\n <strong><br \/>\n  Enjeux<br \/>\n <\/strong>\n<\/p>\n<p>\n &#8211; Agilit\u00e9 du mod\u00e8le d\u2019affaires r\u00e9organis\u00e9e par une direction resserr\u00e9e :\n<\/p>\n<p>\n &#8211; performance de l\u2019utilisation du capital : croissance des encours pond\u00e9r\u00e9s limit\u00e9e \u00e0 1 % par an -hors Boursorama et ALD,\n<\/p>\n<p>\n &#8211; poursuite des \u00e9conomies de co\u00fbts (680 M\u20ac d\u2019ici fin 2026) via l\u2019efficience IT, la simplification de l\u2019organisation et la proximit\u00e9 des m\u00e9tiers favorisant les ventes crois\u00e9es,\n<\/p>\n<p>\n &#8211; renforcement des positions fortes : r\u00e9seau fran\u00e7ais, Boursobank, positions mondiales dans la mobilit\u00e9 (location de voiture Ayvens), les m\u00e9tiers actions (joint-venture avec Bernstein pour l\u2019analyse ou avec Brookield pour la dette priv\u00e9e),\n<\/p>\n<p>\n &#8211; innovation ancr\u00e9e dans l&rsquo;ADN du groupe, au service :\n<\/p>\n<p>\n &#8211; d\u2019une  banque data driven via l\u2019intelligence artificielle (+ 200 M\u20ac de cr\u00e9ation de valeur annuelle via les donn\u00e9es et l\u2019IA), le cloud \u00ab 2nde g\u00e9n\u00e9ration \u00bb, \u00e9galement r\u00e9parti entre le priv\u00e9 et le public,\n<\/p>\n<p>\n &#8211; de la cr\u00e9ation de mod\u00e8les d\u2019affaires -Shine pour les clients particuliers, Forge pour les obligations digitales, Arquant pour les cryptomonnaies\u2026 ;\n<\/p>\n<p>\n &#8211; Strat\u00e9gie environnementale visant le rang de n\u00b0 1 mondial de la finance durable en 2025 :\n<\/p>\n<p>\n &#8211; projet \u00ab ESG by Design \u00bb d\u2019int\u00e9gration des crit\u00e8res dans tous les m\u00e9tiers,\n<\/p>\n<p>\n &#8211; engagement de 500 Mds\u20ac de contribution \u00e0 la finance durable entre 2025 et 2030,\n<\/p>\n<p>\n &#8211; fonds d\u2019investissement pour la transition \u00e9nerg\u00e9tique d\u2019un montant de 1 Md\u20ac,\n<\/p>\n<p>\n &#8211; partenariat avec la BEI de d\u00e9bouclage de 8 Mds\u20ac pour financer les \u00e9oliennes ;\n<\/p>\n<p>\n &#8211; Bilan solide avec un ratio CET 1 de 13,3 % % et un ratio de couverture des liquidit\u00e9s de 156 %.\n<\/p>\n<p>\n <strong><br \/>\n  D\u00e9fis<br \/>\n <\/strong>\n<\/p>\n<p>\n &#8211; Evolution de l\u2019actif net par action de 70 \u20ac, \u00e0 comparer au cours de Bourse et du co\u00fbt du risque, fortement diminu\u00e9 \u00e0 23 points de base au 1<\/p>\n<p>  er<\/p>\n<p> trimestre, notamment en banque de d\u00e9tail en France ;\n<\/p>\n<p>\n &#8211; R\u00e9alisation d\u2019un retour de capital additionnel \u00e9lev\u00e9 au 2<\/p>\n<p>  nd<\/p>\n<p> semestre ;\n<\/p>\n<p>\n &#8211; Attente des investisseurs d\u2019un rel\u00e8vement du programme de rachat d\u2019actions ;\n<\/p>\n<p>\n &#8211; Apr\u00e8s un 1<\/p>\n<p>  er<\/p>\n<p> trimestre de hausse de 10,2 % des revenus et de 69 % du r\u00e9sultat op\u00e9rationnel, objectifs 2025 inchang\u00e9s : ratio CET1 \u00e0 13%, co\u00fbt du risque entre 25 et 30 points de base, hausse des revenus de + 3 %, coefficient d\u2019exploitation inf\u00e9rieur \u00e0 66 % ;\n<\/p>\n<p>\n &#8211; Dividende 2024 de 1,09 \u20ac, programme de rachat d\u2019actions de 872 M\u20ac, avec engagement d\u2019un taux de distribution global de 50 % r\u00e9parti \u00e9galement entre dividendes et rachats d\u2019actions.<\/p>\n","protected":false},"excerpt":{"rendered":"(AOF) &#8211; Soci\u00e9t\u00e9 G\u00e9n\u00e9rale (+3,54, \u00e0 66,64 euros) se distingue en t\u00eate de l\u2019indice CAC 40 et pourrait&hellip;\n","protected":false},"author":2,"featured_media":605325,"comment_status":"","ping_status":"","sticky":false,"template":"","format":"standard","meta":{"footnotes":""},"categories":[6],"tags":[400,398,408,35,405,33,34,1011,27,403,402,399,404,401,406,407],"class_list":{"0":"post-605324","1":"post","2":"type-post","3":"status-publish","4":"format-standard","5":"has-post-thumbnail","7":"category-economie","8":"tag-action-cac-40","9":"tag-bourse-de-paris","10":"tag-boursorama","11":"tag-business","12":"tag-cotations","13":"tag-economie","14":"tag-economy","15":"tag-fr","16":"tag-france","17":"tag-indices-devises","18":"tag-investir","19":"tag-investissement","20":"tag-marche-boursier","21":"tag-sicav","22":"tag-trackers","23":"tag-warrants"},"share_on_mastodon":{"url":"https:\/\/pubeurope.com\/@fr\/115735230216655599","error":""},"_links":{"self":[{"href":"https:\/\/www.europesays.com\/fr\/wp-json\/wp\/v2\/posts\/605324","targetHints":{"allow":["GET"]}}],"collection":[{"href":"https:\/\/www.europesays.com\/fr\/wp-json\/wp\/v2\/posts"}],"about":[{"href":"https:\/\/www.europesays.com\/fr\/wp-json\/wp\/v2\/types\/post"}],"author":[{"embeddable":true,"href":"https:\/\/www.europesays.com\/fr\/wp-json\/wp\/v2\/users\/2"}],"replies":[{"embeddable":true,"href":"https:\/\/www.europesays.com\/fr\/wp-json\/wp\/v2\/comments?post=605324"}],"version-history":[{"count":0,"href":"https:\/\/www.europesays.com\/fr\/wp-json\/wp\/v2\/posts\/605324\/revisions"}],"wp:featuredmedia":[{"embeddable":true,"href":"https:\/\/www.europesays.com\/fr\/wp-json\/wp\/v2\/media\/605325"}],"wp:attachment":[{"href":"https:\/\/www.europesays.com\/fr\/wp-json\/wp\/v2\/media?parent=605324"}],"wp:term":[{"taxonomy":"category","embeddable":true,"href":"https:\/\/www.europesays.com\/fr\/wp-json\/wp\/v2\/categories?post=605324"},{"taxonomy":"post_tag","embeddable":true,"href":"https:\/\/www.europesays.com\/fr\/wp-json\/wp\/v2\/tags?post=605324"}],"curies":[{"name":"wp","href":"https:\/\/api.w.org\/{rel}","templated":true}]}}