{"id":605326,"date":"2025-12-17T13:50:23","date_gmt":"2025-12-17T13:50:23","guid":{"rendered":"https:\/\/www.europesays.com\/fr\/605326\/"},"modified":"2025-12-17T13:50:23","modified_gmt":"2025-12-17T13:50:23","slug":"invite-a-un-festival-dextreme-droite-gianluigi-buffon-fait-leloge-de-la-premiere-ministre-giorgia-meloni-lequipe","status":"publish","type":"post","link":"https:\/\/www.europesays.com\/fr\/605326\/","title":{"rendered":"Invit\u00e9 \u00e0 un festival d&#039;extr\u00eame droite, Gianluigi Buffon fait l&#039;\u00e9loge de la premi\u00e8re ministre Giorgia Meloni &#8211; L&#039;\u00c9quipe"},"content":{"rendered":"<ol>\n<li><a href=\"https:\/\/news.google.com\/rss\/articles\/CBMi7gFBVV95cUxQUVhWdEFDUm1TNmxqZWJFZ3B6SDRCSTFGWnE4ZHgxell5NWp1YWtrOXduQWx2MzVjTXlDa3p1dVVxMzJGcl9iZFpYNGlOZlhrUWsxUW5pdmNsd1Vkc25oMXpjYl9ER3NlcldPTjR4dmNrS09MYUtFeDFPNzJBaDAyMm51c29uYlBLS2xsUlEzcVoyS3VyTGdpRGE5dUg4R3ctZDNRMU42ZEc5eW5tend3dERjY3RTRTdFaENoREFxQ3hyUXh4MEliajhXWE9ibjVsYl9TUXJ1TUY5QU1rRzYzZ05ua1dHYmg1S2FQY2tR?oc=5\" target=\"_blank\" rel=\"noopener\">Invit\u00e9 \u00e0 un festival d&rsquo;extr\u00eame droite, Gianluigi Buffon fait l&rsquo;\u00e9loge de la premi\u00e8re ministre Giorgia Meloni<\/a>&nbsp;&nbsp;L&rsquo;\u00c9quipe<\/li>\n<li><a href=\"https:\/\/news.google.com\/rss\/articles\/CBMingJBVV95cUxNZkhJREh5TWZQRFMzOHhQb082YWVfV2pFMUVTU3dMQnYzSWhSdnNvLUdtSjk3N0tyckgxM1RYLUxJNHplMjhKRFRGSWdKVEFaV1hneFVBM3RPQWk1RHE5TW15eERtZHFBLV9yUEtya0ZTM1k5ZkJqclFiV0Q1X3ZQQmFfUHRDbUF6RkFVdVRUc05lTlE3X3dGZ1ZIV2tGdmZ5aEh5VTBoY1pkMjhuS3NLaDZXbFZEZUpJdWstWG9ETjFxYzBjd3dsS2t4VUMzTFNrLUtXQmJ0dXFLTWViSy1EcXZCZllFdjhhQ2o5bkhXTVdTQUlPbUk3alpaX3Q0R0ZfVFRXVmFKSHNEaDE2WURISjFzczBfeUplTlQzNVh3?oc=5\" target=\"_blank\" rel=\"noopener\">\u00ab\u00a0Elle repr\u00e9sente notre nation de la meilleure fa\u00e7on\u00a0\u00bb: le soutien sans faille de Buffon \u00e0 Meloni lors d&rsquo;un festival d&rsquo;extr\u00eame droite<\/a>&nbsp;&nbsp;RMC Sport<\/li>\n<li><a href=\"https:\/\/news.google.com\/rss\/articles\/CBMiwgFBVV95cUxPTXpxMVJmR1FUUHRPdGJwRFpQRHg2dk1yUUJNczg1OVJ1TzlvQ25vVEFnZUdUVjNMbVcxQ1IySndkNWlBNDMxLUVVQmlKTDl6dldsdldSYzFENzN4YUNtRU0xY0Ftb0k1ZzFTLXpZNGZ3cXNPOGZnM1lDeEhKRTJ1QXZtU1oyd1NsRDhNYXFTWHRKRzFuVjU1Qk9LSlY4QnFQMUJGcV91MFNVQnVLeGp6OWp6TXB6ODhuUDFhYnltMDdDZw?oc=5\" target=\"_blank\" rel=\"noopener\">Comment Giorgia Meloni a transform\u00e9 Rome en terre promise du national-conservatisme<\/a>&nbsp;&nbsp;parismatch.com<\/li>\n<li><a href=\"https:\/\/news.google.com\/rss\/articles\/CBMi7wFBVV95cUxQeVd5aFljZFl0MklFNXRnX0ZYNng2Nlo1UnJIU2VMYTRqcmlONjBzTk00aUg3NEFSUGMxRGRxdzVydGxYVHlfemFHY1VRU0xWV1VFMmJ6MXR2bUJGdHR6eEV4M0g0ZDFGTllMV09sVnVUdjRVRTl6NEgycDlOVUFYclYxTWtIMzRuUjBUelpPZk9jaTlWNGRhVnZBUlE3RWVWMFhhZ2Rmdi1OZE50QVdjaXBJcExrNUZ1Vk83X1V6RWJnSFZHcUpkRVRQcG5MNmJRNWFGVUtid3ZuYl95NnVQMHBPakctYlg4VXlJQ2xVTQ?oc=5\" target=\"_blank\" rel=\"noopener\">\u00abMeloni repr\u00e9sente le mieux notre nation\u00bb : Gianluigi Buffon, l\u00e9gende du foot italien, apporte son soutien \u00e0 la premi\u00e8re ministre<\/a>&nbsp;&nbsp;Le Figaro<\/li>\n<li><a href=\"https:\/\/news.google.com\/rss\/articles\/CBMiyAFBVV95cUxQU1hrMTJXVGVfVEJ3b1BObHdVOXBPVjdWWDZQMU1tUkZrQUt4aFNuZFRVU0VRVmhDdm5qVVFJOEVYejZ0S0ltSDFMLWFsbC04dnV0QWFpczhJbHphOG9nM1FsaTV1anlkbmxfdHMtdU1uWktUVGZid3dTTE54MzlLck1ISi1mQWsyMUFrd1VDcEJkSFlhQ1FTTHJUR3daN1l3VzAyYWlXTEtzZkZDdWxvMjd2UElCUm4xYnFWV3BkQV9oakZiTVhsZdIBzgFBVV95cUxQOHlLdmFkVTkyVldCU2h2OC1zT3R3MkxDakU1bVRBVDlWOHZ3RHB2RzFYNDQ3ak90ZUVUQnViZ1ZTRDFOQ3RIV1NCQ3ZiOWwxUjFMT0ZmZ1gwd3NuaFpVYzU1RVJEUGU2MHo3Mzh0N0RmOEEwTDdyeWVGamFHb0I4TnhDaHRqMlZMYThZU1ZEMm8wNVY2ZmVkbEh4Vk5iTTBscmFHc1F4WUt0dnNzZkVOMXBwd0lCN25nbDFreWdSc1hfcm5wVkdhMnhPYTg4dw?oc=5\" target=\"_blank\" rel=\"noopener\">En Italie, le Buffon de Giorgia Meloni<\/a>&nbsp;&nbsp;Boursorama<\/li>\n<\/ol>\n","protected":false},"excerpt":{"rendered":"Invit\u00e9 \u00e0 un festival d&rsquo;extr\u00eame droite, Gianluigi Buffon fait l&rsquo;\u00e9loge de la premi\u00e8re ministre Giorgia Meloni&nbsp;&nbsp;L&rsquo;\u00c9quipe \u00ab\u00a0Elle repr\u00e9sente&hellip;\n","protected":false},"author":2,"featured_media":605327,"comment_status":"","ping_status":"","sticky":false,"template":"","format":"standard","meta":{"footnotes":""},"categories":[5],"tags":[11,1011,27,14,12,28],"class_list":{"0":"post-605326","1":"post","2":"type-post","3":"status-publish","4":"format-standard","5":"has-post-thumbnail","7":"category-international","8":"tag-actualites","9":"tag-fr","10":"tag-france","11":"tag-international","12":"tag-news","13":"tag-world"},"share_on_mastodon":{"url":"https:\/\/pubeurope.com\/@fr\/115735234325222669","error":""},"_links":{"self":[{"href":"https:\/\/www.europesays.com\/fr\/wp-json\/wp\/v2\/posts\/605326","targetHints":{"allow":["GET"]}}],"collection":[{"href":"https:\/\/www.europesays.com\/fr\/wp-json\/wp\/v2\/posts"}],"about":[{"href":"https:\/\/www.europesays.com\/fr\/wp-json\/wp\/v2\/types\/post"}],"author":[{"embeddable":true,"href":"https:\/\/www.europesays.com\/fr\/wp-json\/wp\/v2\/users\/2"}],"replies":[{"embeddable":true,"href":"https:\/\/www.europesays.com\/fr\/wp-json\/wp\/v2\/comments?post=605326"}],"version-history":[{"count":0,"href":"https:\/\/www.europesays.com\/fr\/wp-json\/wp\/v2\/posts\/605326\/revisions"}],"wp:featuredmedia":[{"embeddable":true,"href":"https:\/\/www.europesays.com\/fr\/wp-json\/wp\/v2\/media\/605327"}],"wp:attachment":[{"href":"https:\/\/www.europesays.com\/fr\/wp-json\/wp\/v2\/media?parent=605326"}],"wp:term":[{"taxonomy":"category","embeddable":true,"href":"https:\/\/www.europesays.com\/fr\/wp-json\/wp\/v2\/categories?post=605326"},{"taxonomy":"post_tag","embeddable":true,"href":"https:\/\/www.europesays.com\/fr\/wp-json\/wp\/v2\/tags?post=605326"}],"curies":[{"name":"wp","href":"https:\/\/api.w.org\/{rel}","templated":true}]}}