{"id":605328,"date":"2025-12-17T13:51:12","date_gmt":"2025-12-17T13:51:12","guid":{"rendered":"https:\/\/www.europesays.com\/fr\/605328\/"},"modified":"2025-12-17T13:51:12","modified_gmt":"2025-12-17T13:51:12","slug":"le-prefet-refuse-la-demission-du-maire-qui-ne-voulait-pas-marier-un-homme-sous-oqtf","status":"publish","type":"post","link":"https:\/\/www.europesays.com\/fr\/605328\/","title":{"rendered":"Le pr\u00e9fet refuse la d\u00e9mission du maire qui ne voulait pas marier un homme sous OQTF"},"content":{"rendered":"<p>Le maire de Chessy et ses sept adjoints avaient choisi de d\u00e9missionner pour <a href=\"https:\/\/www.20minutes.fr\/faits_divers\/4191754-20251216-seine-marne-oblige-celebrer-mariage-etranger-sous-oqtf-maire-prefere-demissionner\" target=\"_blank\" class=\"c-link c-link--is-underlined\" rel=\"noopener\">ne pas avoir \u00e0 c\u00e9l\u00e9brer un mariage<\/a>, comme les y obligeait la justice. Un refus motiv\u00e9 du fait que le mari\u00e9 avait \u00e9t\u00e9 sous une OQTF. Mais le bras de fer entre les \u00e9lus et le pr\u00e9fet continue. Ce mercredi, on apprend que la pr\u00e9fecture de <a href=\"https:\/\/www.20minutes.fr\/societe\/seine-et-marne\/\" class=\"c-link c-link--is-underlined\" target=\"_blank\" rel=\"noopener\">Seine-et-Marn<\/a>e a refus\u00e9 cette \u00ab\u00a0demande de d\u00e9mission\u00a0\u00bb du maire de Chessy \u00ab\u00a0ainsi que celles de ses adjoints\u00a0\u00bb, a indiqu\u00e9 mercredi la <a href=\"https:\/\/www.20minutes.fr\/dossier\/prefecture\" class=\"c-link c-link--is-underlined\" target=\"_blank\" rel=\"noopener\">pr\u00e9fecture<\/a>, confirmant des informations de presse.<\/p>\n<p>Cette d\u00e9cision, r\u00e9v\u00e9l\u00e9e par le quotidien <a href=\"https:\/\/actu.fr\/la-marne\/\" rel=\"nofollow noopener\" target=\"_blank\" class=\"c-link c-link--is-underlined\">La Marne<\/a>, vise \u00e0 \u00ab\u00a0pr\u00e9venir toute perturbation \u00e9ventuelle du fonctionnement de la commune\u00a0\u00bb. La pr\u00e9fecture a par ailleurs \u00ab\u00a0invit\u00e9 (le maire) \u00e0 pr\u00e9server la continuit\u00e9 de la vie communale, particuli\u00e8rement \u00e0 l\u2019approche des prochaines \u00e9lections municipales\u00a0\u00bb de mars\u00a02026.<\/p>\n<\/p>\n<p>Une d\u00e9cision de \u00ab\u00a0non-opposition\u00a0\u00bb<\/p>\n<p>Pour rappel, en mai\u00a02025, le parquet de Meaux avait re\u00e7u un signalement de la ville sur le projet de <a href=\"https:\/\/www.20minutes.fr\/dossier\/mariage\" class=\"c-link c-link--is-underlined\" target=\"_blank\" rel=\"noopener\">mariage<\/a> entre une ressortissante europ\u00e9enne et un \u00e9tranger qui avait eu l\u2019obligation de quitter le territoire fran\u00e7ais (<a href=\"https:\/\/www.20minutes.fr\/politique\/4182741-20251031-denonciation-accord-franco-algerien-1968-pourquoi-texte-rn-aucune-valeur-autre-politique\" target=\"_blank\" class=\"c-link c-link--is-underlined\" rel=\"noopener\">OQTF<\/a>). Mais les investigations n\u2019avaient \u00ab\u00a0pas permis de d\u00e9montrer l\u2019intention frauduleuse des membres du couple, ces derniers livrant au contraire plusieurs preuves sur la nature personnelle et amoureuse de leurs relations\u00a0\u00bb.<\/p>\n<p>Une d\u00e9cision de \u00ab\u00a0non-opposition\u00a0\u00bb avait d\u2019ailleurs \u00e9t\u00e9 rendue le 7\u00a0juillet, relatait mardi le procureur de la R\u00e9publique de Meaux, Jean-Baptiste Bladier. Mais la mairie ne souhaitant toujours pas marier le couple, le procureur avait entrepris une proc\u00e9dure de r\u00e9f\u00e9r\u00e9 civil qui a abouti, le 10\u00a0d\u00e9cembre 2025, \u00e0 une ordonnance enjoignant la mairie de proc\u00e9der \u00e0 la c\u00e9l\u00e9bration du mariage, le tribunal faisant notamment valoir que l\u2019OQTF n\u2019\u00e9tait \u00ab\u00a0plus valide\u00a0\u00bb et que \u00ab\u00a0<a href=\"https:\/\/www.20minutes.fr\/dossier\/procureur_de_la_republique\" class=\"c-link c-link--is-underlined\" target=\"_blank\" rel=\"noopener\">l\u2019officier d\u2019\u00e9tat civil<\/a> ne peut sans outrepasser ses comp\u00e9tences valablement substituer sa propre appr\u00e9ciation [\u2026] \u00e0 la d\u00e9cision de non-opposition rendue par le parquet apr\u00e8s l\u2019enqu\u00eate\u00a0\u00bb.<\/p>\n<p>Le mariage d\u2019une personne sous OQTF, \u00ab\u00a0une aberration\u00a0\u00bb\u00a0?<\/p>\n<p>C\u2019est en r\u00e9action \u00e0 cette d\u00e9cision que les \u00e9lus ont annonc\u00e9 leur d\u00e9mission afin, selon les mots du maire DVD de Chessy Olivier Bourjot, de \u00ab\u00a0rester fid\u00e8le \u00e0 (leurs) convictions\u00a0\u00bb. Interrog\u00e9 par France Info sur la <a href=\"https:\/\/www.20minutes.fr\/justice\/\" class=\"c-link c-link--is-underlined\" target=\"_blank\" rel=\"noopener\">d\u00e9cision de justice<\/a>, le ministre de l\u2019Int\u00e9rieur <a href=\"https:\/\/www.20minutes.fr\/politique\/laurent-nunez\/\" class=\"c-link c-link--is-underlined\" target=\"_blank\" rel=\"noopener\">Laurent Nunez<\/a> a d\u00e9clar\u00e9 mercredi\u00a0: \u00ab\u00a0Je comprends que \u00e7a choque\u00a0\u00bb. \u00ab\u00a0Apr\u00e8s, il y a les r\u00e8gles de droit qui s\u2019appliquent et \u00e7a rel\u00e8ve d\u2019abord du procureur de la R\u00e9publique qui peut, ou pas, d\u00e9cider d\u2019invalider le mariage quand il est saisi en ce sens par le maire\u00a0\u00bb, a-t-il ajout\u00e9, tout en redisant qu\u2019il lui semblait \u00ab\u00a0aberrant\u00a0\u00bb d\u2019\u00eatre oblig\u00e9 de marier quelqu\u2019un qui avait \u00e9t\u00e9 sous OQTF.<\/p>\n","protected":false},"excerpt":{"rendered":"Le maire de Chessy et ses sept adjoints avaient choisi de d\u00e9missionner pour ne pas avoir \u00e0 c\u00e9l\u00e9brer&hellip;\n","protected":false},"author":2,"featured_media":605329,"comment_status":"","ping_status":"","sticky":false,"template":"","format":"standard","meta":{"footnotes":""},"categories":[4],"tags":[47,11,1193,18087,1011,3844,27,5454,420,5107,5415,1930,7088,12,8916,14583,3764,25,104],"class_list":{"0":"post-605328","1":"post","2":"type-post","3":"status-publish","4":"format-standard","5":"has-post-thumbnail","7":"category-france","8":"tag-actualite","9":"tag-actualites","10":"tag-couple","11":"tag-etranger","12":"tag-fr","13":"tag-francais","14":"tag-france","15":"tag-laurent-nunez","16":"tag-loi","17":"tag-maire","18":"tag-mairie","19":"tag-mariage","20":"tag-ministre-de-linterieur","21":"tag-news","22":"tag-prefecture","23":"tag-prefet","24":"tag-procureur-de-la-republique","25":"tag-republique-francaise","26":"tag-societe"},"share_on_mastodon":{"url":"https:\/\/pubeurope.com\/@fr\/115735238093061851","error":""},"_links":{"self":[{"href":"https:\/\/www.europesays.com\/fr\/wp-json\/wp\/v2\/posts\/605328","targetHints":{"allow":["GET"]}}],"collection":[{"href":"https:\/\/www.europesays.com\/fr\/wp-json\/wp\/v2\/posts"}],"about":[{"href":"https:\/\/www.europesays.com\/fr\/wp-json\/wp\/v2\/types\/post"}],"author":[{"embeddable":true,"href":"https:\/\/www.europesays.com\/fr\/wp-json\/wp\/v2\/users\/2"}],"replies":[{"embeddable":true,"href":"https:\/\/www.europesays.com\/fr\/wp-json\/wp\/v2\/comments?post=605328"}],"version-history":[{"count":0,"href":"https:\/\/www.europesays.com\/fr\/wp-json\/wp\/v2\/posts\/605328\/revisions"}],"wp:featuredmedia":[{"embeddable":true,"href":"https:\/\/www.europesays.com\/fr\/wp-json\/wp\/v2\/media\/605329"}],"wp:attachment":[{"href":"https:\/\/www.europesays.com\/fr\/wp-json\/wp\/v2\/media?parent=605328"}],"wp:term":[{"taxonomy":"category","embeddable":true,"href":"https:\/\/www.europesays.com\/fr\/wp-json\/wp\/v2\/categories?post=605328"},{"taxonomy":"post_tag","embeddable":true,"href":"https:\/\/www.europesays.com\/fr\/wp-json\/wp\/v2\/tags?post=605328"}],"curies":[{"name":"wp","href":"https:\/\/api.w.org\/{rel}","templated":true}]}}