{"id":60533,"date":"2025-04-29T00:30:13","date_gmt":"2025-04-29T00:30:13","guid":{"rendered":"https:\/\/www.europesays.com\/fr\/60533\/"},"modified":"2025-04-29T00:30:13","modified_gmt":"2025-04-29T00:30:13","slug":"pour-protester-lequipe-pedagogique-passera-une-nouvelle-nuit-dans-ce-college-rennais","status":"publish","type":"post","link":"https:\/\/www.europesays.com\/fr\/60533\/","title":{"rendered":"Pour protester, l\u2019\u00e9quipe p\u00e9dagogique passera une nouvelle nuit dans ce coll\u00e8ge rennais"},"content":{"rendered":"<p>Sans r\u00e9ponse du Directeur acad\u00e9mique des services de l\u2019\u00c9ducation nationale (DASEN), ils poursuivront leurs occupations nocturnes. Ce lundi 28\u00a0avril 2025 au soir, une quinzaine de membres de l\u2019\u00e9quipe p\u00e9dagogique du coll\u00e8ge des Hautes-Ourmes, situ\u00e9 dans le quartier du Blosne \u00e0 Rennes, s\u2019appr\u00eate \u00e0 passer une deuxi\u00e8me nuit dans l\u2019\u00e9tablissement.<\/p>\n<p>\u00ab\u00a0On travaille tous \u00e9norm\u00e9ment, on tient la barque\u00a0\u00bb<\/p>\n<p>Dans ce coll\u00e8ge, seul class\u00e9 R\u00e9seau d\u2019\u00e9ducation prioritaire (REP) +\u00a0de Bretagne o\u00f9 \u00e9tudient 677\u00a0\u00e9l\u00e8ves, l\u2019\u00e9quipe r\u00e9clame la cr\u00e9ation de deux postes\u00a0: un nouvel assistant d\u2019\u00e9ducation, et \u00bd poste de CPE pour atteindre les deux \u00e9quivalents temps plein. Une premi\u00e8re occupation a eu lieu jeudi 24\u00a0avril, 45\u00a0personnes dont des parents se sont mobilis\u00e9s.<\/p>\n<p><strong>Lire aussi<\/strong>\u00a0: <a href=\"https:\/\/rennes.maville.com\/actu\/actudet_-a-bout-l-equipe-pedagogique-dort-dans-ce-college-rennais-pour-se-faire-entendre-_52674-6779308_actu.Htm?utm_source=troove&amp;utm_medium=site\" target=\"_blank\" rel=\"noopener\">\u00c0 bout, l\u2019\u00e9quipe p\u00e9dagogique dort dans ce coll\u00e8ge rennais pour se faire entendre<\/a><\/p>\n<p>En effet, les assistants d\u2019\u00e9ducation (AED) g\u00e8rent chacun 97\u00a0\u00e9l\u00e8ves, alors que <strong>\u00ab\u00a0la norme est de 1\u00a0pour 89\u00a0\u00bb<\/strong>. \u00c0 l\u2019instar de leurs coll\u00e8gues enseignants, ils se disent <strong>\u00ab\u00a0tr\u00e8s fatigu\u00e9s. On travaille tous \u00e9norm\u00e9ment, on tient la barque. On a besoin de stabilit\u00e9.\u00a0\u00bb<\/strong><\/p>\n<p>\u00a0<\/p>\n","protected":false},"excerpt":{"rendered":"Sans r\u00e9ponse du Directeur acad\u00e9mique des services de l\u2019\u00c9ducation nationale (DASEN), ils poursuivront leurs occupations nocturnes. Ce lundi&hellip;\n","protected":false},"author":2,"featured_media":60534,"comment_status":"","ping_status":"","sticky":false,"template":"","format":"standard","meta":{"footnotes":""},"categories":[2821],"tags":[1111,11,829,1124,2263,1777,674,1011,27,12,2043,293,15758,15757,15756,3319,13658,584,25],"class_list":{"0":"post-60533","1":"post","2":"type-post","3":"status-publish","4":"format-standard","5":"has-post-thumbnail","7":"category-rennes","8":"tag-actu","9":"tag-actualites","10":"tag-bretagne","11":"tag-college","12":"tag-equipe","13":"tag-eu","14":"tag-europe","15":"tag-fr","16":"tag-france","17":"tag-news","18":"tag-nouvelle","19":"tag-nuit","20":"tag-passera","21":"tag-pedagogique","22":"tag-protester","23":"tag-quimper","24":"tag-rennais","25":"tag-rennes","26":"tag-republique-francaise"},"share_on_mastodon":{"url":"https:\/\/pubeurope.com\/@fr\/114418432399948883","error":""},"_links":{"self":[{"href":"https:\/\/www.europesays.com\/fr\/wp-json\/wp\/v2\/posts\/60533","targetHints":{"allow":["GET"]}}],"collection":[{"href":"https:\/\/www.europesays.com\/fr\/wp-json\/wp\/v2\/posts"}],"about":[{"href":"https:\/\/www.europesays.com\/fr\/wp-json\/wp\/v2\/types\/post"}],"author":[{"embeddable":true,"href":"https:\/\/www.europesays.com\/fr\/wp-json\/wp\/v2\/users\/2"}],"replies":[{"embeddable":true,"href":"https:\/\/www.europesays.com\/fr\/wp-json\/wp\/v2\/comments?post=60533"}],"version-history":[{"count":0,"href":"https:\/\/www.europesays.com\/fr\/wp-json\/wp\/v2\/posts\/60533\/revisions"}],"wp:featuredmedia":[{"embeddable":true,"href":"https:\/\/www.europesays.com\/fr\/wp-json\/wp\/v2\/media\/60534"}],"wp:attachment":[{"href":"https:\/\/www.europesays.com\/fr\/wp-json\/wp\/v2\/media?parent=60533"}],"wp:term":[{"taxonomy":"category","embeddable":true,"href":"https:\/\/www.europesays.com\/fr\/wp-json\/wp\/v2\/categories?post=60533"},{"taxonomy":"post_tag","embeddable":true,"href":"https:\/\/www.europesays.com\/fr\/wp-json\/wp\/v2\/tags?post=60533"}],"curies":[{"name":"wp","href":"https:\/\/api.w.org\/{rel}","templated":true}]}}