{"id":605330,"date":"2025-12-17T13:52:13","date_gmt":"2025-12-17T13:52:13","guid":{"rendered":"https:\/\/www.europesays.com\/fr\/605330\/"},"modified":"2025-12-17T13:52:13","modified_gmt":"2025-12-17T13:52:13","slug":"la-visite-demmanuel-macron-a-marseille-a-eu-une-lourde-consequence-pour-les-restos-du-coeur","status":"publish","type":"post","link":"https:\/\/www.europesays.com\/fr\/605330\/","title":{"rendered":"La visite d\u2019Emmanuel Macron \u00e0 Marseille a eu une lourde cons\u00e9quence pour les Restos du c\u0153ur"},"content":{"rendered":"<p>        <img decoding=\"async\" loading=\"lazy\" src=\"https:\/\/www.europesays.com\/fr\/wp-content\/uploads\/2025\/12\/578dcd0_upload-1-mnzf1b4wbp6w-afp-20251216-88av99e-v1-highres-francegovernmentmedia.jpg\"  width=\"728\" height=\"409\" alt=\"Emmanuel Macron lors d\u2019un \u00e9change \u00e0 Marseille le 16\u00a0d\u00e9cembre 2025.\"\/>  <\/p>\n<p>MIGUEL MEDINA \/ AFP<\/p>\n<p>Emmanuel Macron lors d\u2019un \u00e9change \u00e0 Marseille le 16\u00a0d\u00e9cembre 2025.<\/p>\n<p class=\"asset asset-text\">Des centaines de b\u00e9n\u00e9ficiaires sur le carreau. Ce mardi 16\u00a0d\u00e9cembre, de nombreuses familles des Bouches-du-Rh\u00f4ne devaient recevoir un colis alimentaire des Restos du c\u0153ur. Mais <a href=\"https:\/\/www.huffingtonpost.fr\/politique\/article\/a-marseille-emmanuel-macron-face-a-l-echec-de-la-lutte-contre-le-narcotrafic_258256.html\" target=\"_blank\" rel=\"noopener\">le d\u00e9placement d\u2019Emmanuel Macron<\/a> a tout chamboul\u00e9. Elles ne recevront finalement rien.<\/p>\n<p class=\"asset asset-text\">Le chef de l\u2019\u00c9tat s\u2019est rendu \u00e0 Marseille, o\u00f9 il a particip\u00e9 \u00e0 un \u00e9change avec les lecteurs de la Provence. Pendant plusieurs heures, le Pr\u00e9sident a r\u00e9pondu \u00e0 des questions portant notamment sur l\u2019usage des r\u00e9seaux sociaux et la confiance dans la d\u00e9mocratie. Un \u00e9v\u00e9nement organis\u00e9 au sein de l\u2019entrep\u00f4t solidaire CMA-CGM appartenant \u00e0 Rodolphe Saad\u00e9&#8230; o\u00f9 les Restos stockent leurs denr\u00e9es.<\/p>\n<p class=\"asset asset-text\">\u00ab\u00a0Compte tenu de la visite inopin\u00e9e du pr\u00e9sident de la R\u00e9publique dans l\u2019entrep\u00f4t solidaire mardi 16 d\u00e9cembre et des contraintes normales de s\u00e9curit\u00e9 qui nous ont \u00e9t\u00e9 impos\u00e9es, nous avons d\u00fb modifier toute l\u2019organisation du travail du service, des pr\u00e9parations et des livraisons pour cette semaine\u00a0\u00bb, explicite un mail envoy\u00e9 par l\u2019association \u00e0 ses \u00e9quipes et r\u00e9v\u00e9l\u00e9 par le site d\u2019investigation <a href=\"https:\/\/marsactu.fr\/marseille-macron-fait-son-show-a-lentrepot-cma-cgm-et-bloque-les-colis-des-restos-du-coeur\/?utm_medium=notification&amp;utm_source=onesignal&amp;utm_campaign=-\" target=\"_blank\" rel=\"noopener\" title=\"Nouvelle fen\u00eatre\">Mars Actu<\/a>. En d\u2019autres termes\u00a0: la pr\u00e9sence d\u2019Emmanuel Macron bloque toutes les livraisons de colis. Ni produits frais, ni surgel\u00e9s pour les familles les plus pauvres.<\/p>\n<p class=\"asset asset-text\">Elles devront attendre la semaine prochaine. Ce qui n\u2019est pas sans cons\u00e9quence pour les b\u00e9n\u00e9voles. \u00ab\u00a0Mardi prochain, veille de No\u00ebl, on va mobiliser [les \u00e9quipes] pour d\u00e9charger des<br \/>palettes plut\u00f4t que pr\u00e9parer les f\u00eates dans leur famille. On a les boules\u00a0\u00bb, explique l\u2019un d\u2019eux aupr\u00e8s de Mars Actu. Ajoutant\u00a0: \u00ab\u00a0C\u2019est dr\u00f4le de voir comment les hommes politiques sont mis dans des bulles, ils ne voient plus rien et perturbent plus la vie des gens qu\u2019ils ne r\u00e9solvent les probl\u00e8mes\u00a0\u00bb. La raison pr\u00e9cise de cette annulation n\u2019aurait pas \u00e9t\u00e9 donn\u00e9e aux b\u00e9n\u00e9voles. \u00ab\u00a0Partout o\u00f9 il passe, il pourrit la vie des plus pauvres, s\u2019est insurg\u00e9 le d\u00e9put\u00e9 LFI de Marseille Manuel Bompard. La honte en grand\u00a0\u00bb.<\/p>\n<p class=\"asset asset-text\">Du c\u00f4t\u00e9 du groupe CMA-CGM, propri\u00e9taire des murs, on temporise. \u00ab\u00a0C\u2019est une interruption d\u2019une journ\u00e9e. C\u2019est beaucoup, mais ce n\u2019est pas \u00e9norme non plus\u00a0\u00bb, minimise le directeur de la communication Damien Denizot, dans le m\u00eame m\u00e9dia local. Il ajoute : \u00ab\u00a0Nous avons renforc\u00e9 les \u00e9quipes pour aider les associations \u00e0 rattraper ces vingt-quatre heures de c\u00e9sure. Et je crois qu\u2019elles sont plut\u00f4t fi\u00e8res d\u2019accueillir le Pr\u00e9sident\u00a0\u00bb. Lequel a annonc\u00e9 notamment le doublement de l\u2019amende pour consommation de drogue.<\/p>\n<p class=\"asset asset-text\">Sur fond de pauvret\u00e9 record, les Restos du c\u0153ur ont lanc\u00e9 cet hiver leur 41e campagne. Plus de quatre d\u00e9cennies apr\u00e8s l\u2019appel de Coluche, les besoins sont toujours aussi criants. <a href=\"https:\/\/www.huffingtonpost.fr\/france\/article\/le-taux-de-pauvrete-a-connu-en-2023-un-pic-sans-precedent-en-france_252333.html#:~:text=Entre%202022%20et%202023%2C%20le,l%E2%80%99indicateur%20Insee%20en%201996.\" target=\"_blank\" rel=\"noopener\">Le taux de pauvret\u00e9<\/a>\u00a0a atteint un niveau record en France m\u00e9tropolitaine, avec pr\u00e8s de dix millions de personnes concern\u00e9es.<\/p>\n","protected":false},"excerpt":{"rendered":"MIGUEL MEDINA \/ AFP Emmanuel Macron lors d\u2019un \u00e9change \u00e0 Marseille le 16\u00a0d\u00e9cembre 2025. Des centaines de b\u00e9n\u00e9ficiaires&hellip;\n","protected":false},"author":2,"featured_media":605331,"comment_status":"","ping_status":"","sticky":false,"template":"","format":"standard","meta":{"footnotes":""},"categories":[2],"tags":[11,1073,1011,27,884,12,316,15710],"class_list":{"0":"post-605330","1":"post","2":"type-post","3":"status-publish","4":"format-standard","5":"has-post-thumbnail","7":"category-actualites","8":"tag-actualites","9":"tag-emmanuel-macron","10":"tag-fr","11":"tag-france","12":"tag-marseille","13":"tag-news","14":"tag-politique","15":"tag-restos-du-coeur"},"share_on_mastodon":{"url":"https:\/\/pubeurope.com\/@fr\/115735242734943964","error":""},"_links":{"self":[{"href":"https:\/\/www.europesays.com\/fr\/wp-json\/wp\/v2\/posts\/605330","targetHints":{"allow":["GET"]}}],"collection":[{"href":"https:\/\/www.europesays.com\/fr\/wp-json\/wp\/v2\/posts"}],"about":[{"href":"https:\/\/www.europesays.com\/fr\/wp-json\/wp\/v2\/types\/post"}],"author":[{"embeddable":true,"href":"https:\/\/www.europesays.com\/fr\/wp-json\/wp\/v2\/users\/2"}],"replies":[{"embeddable":true,"href":"https:\/\/www.europesays.com\/fr\/wp-json\/wp\/v2\/comments?post=605330"}],"version-history":[{"count":0,"href":"https:\/\/www.europesays.com\/fr\/wp-json\/wp\/v2\/posts\/605330\/revisions"}],"wp:featuredmedia":[{"embeddable":true,"href":"https:\/\/www.europesays.com\/fr\/wp-json\/wp\/v2\/media\/605331"}],"wp:attachment":[{"href":"https:\/\/www.europesays.com\/fr\/wp-json\/wp\/v2\/media?parent=605330"}],"wp:term":[{"taxonomy":"category","embeddable":true,"href":"https:\/\/www.europesays.com\/fr\/wp-json\/wp\/v2\/categories?post=605330"},{"taxonomy":"post_tag","embeddable":true,"href":"https:\/\/www.europesays.com\/fr\/wp-json\/wp\/v2\/tags?post=605330"}],"curies":[{"name":"wp","href":"https:\/\/api.w.org\/{rel}","templated":true}]}}