{"id":605336,"date":"2025-12-17T13:55:20","date_gmt":"2025-12-17T13:55:20","guid":{"rendered":"https:\/\/www.europesays.com\/fr\/605336\/"},"modified":"2025-12-17T13:55:20","modified_gmt":"2025-12-17T13:55:20","slug":"bois-de-haye-premier-marche-de-noel-pour-la-maternelle-geo-conde","status":"publish","type":"post","link":"https:\/\/www.europesays.com\/fr\/605336\/","title":{"rendered":"Bois-de-Haye. Premier march\u00e9 de No\u00ebl pour la maternelle Geo-Cond\u00e9"},"content":{"rendered":"<p>Ce fut une premi\u00e8re\u00a0: la maternelle Geo-Cond\u00e9 et les P\u2019tits Loups ont d\u00e9cid\u00e9 d\u2019organiser leur march\u00e9 de No\u00ebl en commun dans la salle des f\u00eates de Velaine-en-Haye. Les \u00e9coliers, les enseignantes et les animateurs du p\u00e9riscolaire ont propos\u00e9 aux familles les cr\u00e9ations pr\u00e9par\u00e9es avec soin par les enfants et vendues pour quelques euros. Le tirage de la tombola a fait des heureux qui ont emport\u00e9 des paniers garnis.<\/p>\n","protected":false},"excerpt":{"rendered":"Ce fut une premi\u00e8re\u00a0: la maternelle Geo-Cond\u00e9 et les P\u2019tits Loups ont d\u00e9cid\u00e9 d\u2019organiser leur march\u00e9 de No\u00ebl&hellip;\n","protected":false},"author":2,"featured_media":605337,"comment_status":"","ping_status":"","sticky":false,"template":"","format":"standard","meta":{"footnotes":""},"categories":[9635],"tags":[1111,11,11734,11735,1705,1057,1777,674,1011,27,775,10425,1702,12,25],"class_list":{"0":"post-605336","1":"post","2":"type-post","3":"status-publish","4":"format-standard","5":"has-post-thumbnail","7":"category-nancy","8":"tag-actu","9":"tag-actualites","10":"tag-bois-de-haye","11":"tag-cc-terres-touloises-54d","12":"tag-edition-toul","13":"tag-education","14":"tag-eu","15":"tag-europe","16":"tag-fr","17":"tag-france","18":"tag-grand-est","19":"tag-maternelle-elementaire","20":"tag-nancy","21":"tag-news","22":"tag-republique-francaise"},"share_on_mastodon":{"url":"https:\/\/pubeurope.com\/@fr\/115735253702961972","error":""},"_links":{"self":[{"href":"https:\/\/www.europesays.com\/fr\/wp-json\/wp\/v2\/posts\/605336","targetHints":{"allow":["GET"]}}],"collection":[{"href":"https:\/\/www.europesays.com\/fr\/wp-json\/wp\/v2\/posts"}],"about":[{"href":"https:\/\/www.europesays.com\/fr\/wp-json\/wp\/v2\/types\/post"}],"author":[{"embeddable":true,"href":"https:\/\/www.europesays.com\/fr\/wp-json\/wp\/v2\/users\/2"}],"replies":[{"embeddable":true,"href":"https:\/\/www.europesays.com\/fr\/wp-json\/wp\/v2\/comments?post=605336"}],"version-history":[{"count":0,"href":"https:\/\/www.europesays.com\/fr\/wp-json\/wp\/v2\/posts\/605336\/revisions"}],"wp:featuredmedia":[{"embeddable":true,"href":"https:\/\/www.europesays.com\/fr\/wp-json\/wp\/v2\/media\/605337"}],"wp:attachment":[{"href":"https:\/\/www.europesays.com\/fr\/wp-json\/wp\/v2\/media?parent=605336"}],"wp:term":[{"taxonomy":"category","embeddable":true,"href":"https:\/\/www.europesays.com\/fr\/wp-json\/wp\/v2\/categories?post=605336"},{"taxonomy":"post_tag","embeddable":true,"href":"https:\/\/www.europesays.com\/fr\/wp-json\/wp\/v2\/tags?post=605336"}],"curies":[{"name":"wp","href":"https:\/\/api.w.org\/{rel}","templated":true}]}}