{"id":605344,"date":"2025-12-17T13:59:15","date_gmt":"2025-12-17T13:59:15","guid":{"rendered":"https:\/\/www.europesays.com\/fr\/605344\/"},"modified":"2025-12-17T13:59:15","modified_gmt":"2025-12-17T13:59:15","slug":"journees-immersives-pour-plonger-au-coeur-des-industries-culturelles-et-creatives","status":"publish","type":"post","link":"https:\/\/www.europesays.com\/fr\/605344\/","title":{"rendered":"Journ\u00e9es immersives, pour plonger au c\u0153ur des Industries Culturelles et Cr\u00e9atives"},"content":{"rendered":"<p><strong>ESMA et\u00a0Cin\u00e9Cr\u00e9atis<\/strong><br \/>Regroup\u00e9es sur un m\u00eame campus cr\u00e9atif \u00e0 Montpellier, l\u2019ESMA et Cin\u00e9Cr\u00e9atis forment un p\u00f4le majeur des Industries Culturelles et Cr\u00e9atives en Occitanie. Install\u00e9 depuis cinq ans sur le site d\u2019une ancienne caserne, ce campus de 16\u00a0000 m\u00b2 a \u00e9t\u00e9 con\u00e7u pour favoriser les \u00e9changes entre formations et d\u00e9velopper un v\u00e9ritable \u00e9cosyst\u00e8me cr\u00e9atif. Fond\u00e9e \u00e0 Montpellier en 1993, l\u2019ESMA est historiquement reconnue pour sa formation en animation 3D et effets sp\u00e9ciaux, qui a form\u00e9 plus de 4\u00a0000 anciens \u00e9l\u00e8ves aujourd\u2019hui int\u00e9gr\u00e9s dans de nombreux studios. Elle propose \u00e9galement des cursus en jeux vid\u00e9o, illustration, design graphique et architecture d\u2019int\u00e9rieur. \u00c0 ses c\u00f4t\u00e9s, Cin\u00e9Cr\u00e9atis, \u00e9cole du cin\u00e9ma et de l\u2019audiovisuel forte de quarante ans d\u2019existence, forme aux m\u00e9tiers de l\u2019\u00e9criture, de la r\u00e9alisation et de la production, en lien \u00e9troit avec les r\u00e9alit\u00e9s du secteur.<\/p>\n<p><strong>Ynov<\/strong><br \/>Pr\u00e9sente lors des Journ\u00e9es Immersions des Industries Culturelles et Cr\u00e9atives, l\u2019\u00e9cole Ynov a mis en avant son expertise dans les m\u00e9tiers du digital, un champ qu\u2019elle explore depuis une vingtaine d\u2019ann\u00e9es. Implant\u00e9e sur le campus Cambac\u00e9r\u00e8s \u00e0 Montpellier, \u00e0 proximit\u00e9 de la gare TGV Sud de France, l\u2019\u00e9cole accueille ses \u00e9tudiants dans des locaux r\u00e9cents de 6\u00a0000 m\u00b2. Ynov propose des formations vari\u00e9es allant de l\u2019audiovisuel \u00e0 l\u2019animation 3D et aux jeux vid\u00e9o, en passant par l\u2019intelligence artificielle, l\u2019informatique ou encore l\u2019architecture d\u2019int\u00e9rieur. Pour ces journ\u00e9es, les lyc\u00e9ens ont notamment pu s\u2019essayer \u00e0 la pr\u00e9sentation m\u00e9t\u00e9o sur fond vert, une premi\u00e8re immersion concr\u00e8te dans les m\u00e9tiers de l\u2019image et de la production num\u00e9rique.<\/p>\n<p><strong>Cours Florent Montpellier<\/strong><br \/>Install\u00e9 en centre-ville de Montpellier, le Cours Florent propose une formation professionnelle d\u2019acteur et d\u2019actrice en trois ans. L\u2019\u00e9cole d\u00e9fend une p\u00e9dagogie exigeante, en constante adaptation aux \u00e9l\u00e8ves, aux pratiques artistiques et \u00e0 son \u00e9poque, avec l\u2019objectif d\u2019aider chacun \u00e0 se r\u00e9v\u00e9ler et \u00e0 s\u2019\u00e9lever. Situ\u00e9 au c\u0153ur d\u2019une r\u00e9gion en plein essor cin\u00e9matographique, \u00e0 proximit\u00e9 des studios de France T\u00e9l\u00e9visions et de TF1, le Cours Florent Montpellier offre de r\u00e9elles perspectives professionnelles. Tout au long de leur parcours, les \u00e9l\u00e8ves participent \u00e0 de nombreux projets en lien avec des acteurs culturels majeurs comme l\u2019Agence Unique Occitanie Culture, la M\u00e9tropole de Montpellier, le mus\u00e9e Fabre, le Cinemed ou le festival Festin de rue.<\/p>\n<p><strong>Travelling<\/strong><br \/>Fond\u00e9e il y a huit ans, l\u2019\u00e9cole de cin\u00e9ma Travelling s\u2019est impos\u00e9e comme un acteur de la formation audiovisuelle en Occitanie. Bas\u00e9e \u00e0 Mauguio, elle dispose de 2\u00a0000 m\u00b2 de plateaux, et est \u00e9galement implant\u00e9e \u00e0 S\u00e8te, face aux d\u00e9cors de la s\u00e9rie Demain nous appartient, sur un plateau d\u00e9di\u00e9 \u00e0 la formation professionnelle. Travelling propose des formations initiales comme le BTS audiovisuel en deux ans, un cycle tournage en trois ans incluant un dipl\u00f4me d\u2019\u00e9co-technicien, ainsi que des parcours en montage-trucage et maquillage. Une formation d\u2019acting ouvrira prochainement. L\u2019\u00e9cole d\u00e9veloppe aussi une activit\u00e9 soutenue de formation professionnelle continue.<\/p>\n<p><strong>Acoustik<\/strong><br \/>Sp\u00e9cialis\u00e9e dans les m\u00e9tiers du son, l\u2019\u00e9cole Acoustik forme des techniciens capables d\u2019intervenir dans des domaines vari\u00e9s, de la post-production (bruitage, doublage, jeux vid\u00e9o) au spectacle vivant, en passant par le studio d\u2019enregistrement. La polyvalence est au c\u0153ur de la p\u00e9dagogie, largement fond\u00e9e sur la pratique. Les \u00e9l\u00e8ves suivent 24\u00a0heures de cours hebdomadaires, th\u00e9oriques et pratiques, et ont un acc\u00e8s permanent au mat\u00e9riel. L\u2019\u00e9cole dispose d\u2019une salle de concert, de trois studios d\u2019enregistrement, d\u2019un auditorium de mixage et de nombreux espaces d\u00e9di\u00e9s. Partenaire de grandes marques audio, Acoustik permet aux \u00e9tudiants de passer jusqu\u2019\u00e0 22 certifications professionnelles.<\/p>\n<p><strong>ArtFX<\/strong><br \/>Implant\u00e9e historiquement \u00e0 Montpellier depuis plus de vingt ans, l\u2019\u00e9cole ArtFX s\u2019est d\u2019abord sp\u00e9cialis\u00e9e dans les effets sp\u00e9ciaux pour le cin\u00e9ma. Au fil des ann\u00e9es, elle a \u00e9largi son offre de formation aux m\u00e9tiers du game art, du game design et de l\u2019animation 2D. Reconnue pour son exigence p\u00e9dagogique et son lien avec les studios, l\u2019\u00e9cole poursuit son d\u00e9veloppement avec la cr\u00e9ation d\u2019une nouvelle formation, Content Creator, qui ouvrira \u00e0 la prochaine rentr\u00e9e. ArtFX continue ainsi d\u2019adapter ses enseignements \u00e0 l\u2019\u00e9volution des m\u00e9tiers des Industries Culturelles et Cr\u00e9atives, en lien avec les besoins du secteur.<\/p>\n<p><strong>R\u00e9gion Occitanie<\/strong><br \/>Port\u00e9e par la R\u00e9gion Occitanie, la Maison de l\u2019orientation mobile compl\u00e8te l\u2019action de la Maison de l\u2019Orientation bas\u00e9e \u00e0 Montpellier, avec un dispositif \u00e9quivalent \u00e0 Toulouse. Elle se d\u00e9place sur l\u2019ensemble de l\u2019ex-Languedoc-Roussillon, dans les \u00e9tablissements scolaires, lors d\u2019\u00e9v\u00e9nements d\u00e9di\u00e9s \u00e0 la formation et au c\u0153ur des territoires ruraux. L\u2019objectif est d\u2019accompagner le public dans l\u2019exploration des m\u00e9tiers et l\u2019orientation au sens large. Sur place, les visiteurs peuvent b\u00e9n\u00e9ficier de temps d\u2019\u00e9change, de tests d\u2019orientation, de documentation et d\u2019immersions gr\u00e2ce \u00e0 des casques de r\u00e9alit\u00e9 virtuelle.<\/p>\n","protected":false},"excerpt":{"rendered":"ESMA et\u00a0Cin\u00e9Cr\u00e9atisRegroup\u00e9es sur un m\u00eame campus cr\u00e9atif \u00e0 Montpellier, l\u2019ESMA et Cin\u00e9Cr\u00e9atis forment un p\u00f4le majeur des Industries&hellip;\n","protected":false},"author":2,"featured_media":605345,"comment_status":"","ping_status":"","sticky":false,"template":"","format":"standard","meta":{"footnotes":""},"categories":[9599],"tags":[1111,11,1057,1777,674,1011,27,7089,2208,12,2680,25],"class_list":{"0":"post-605344","1":"post","2":"type-post","3":"status-publish","4":"format-standard","5":"has-post-thumbnail","7":"category-montpellier","8":"tag-actu","9":"tag-actualites","10":"tag-education","11":"tag-eu","12":"tag-europe","13":"tag-fr","14":"tag-france","15":"tag-herault","16":"tag-montpellier","17":"tag-news","18":"tag-occitanie","19":"tag-republique-francaise"},"share_on_mastodon":{"url":"https:\/\/pubeurope.com\/@fr\/115735269571621044","error":""},"_links":{"self":[{"href":"https:\/\/www.europesays.com\/fr\/wp-json\/wp\/v2\/posts\/605344","targetHints":{"allow":["GET"]}}],"collection":[{"href":"https:\/\/www.europesays.com\/fr\/wp-json\/wp\/v2\/posts"}],"about":[{"href":"https:\/\/www.europesays.com\/fr\/wp-json\/wp\/v2\/types\/post"}],"author":[{"embeddable":true,"href":"https:\/\/www.europesays.com\/fr\/wp-json\/wp\/v2\/users\/2"}],"replies":[{"embeddable":true,"href":"https:\/\/www.europesays.com\/fr\/wp-json\/wp\/v2\/comments?post=605344"}],"version-history":[{"count":0,"href":"https:\/\/www.europesays.com\/fr\/wp-json\/wp\/v2\/posts\/605344\/revisions"}],"wp:featuredmedia":[{"embeddable":true,"href":"https:\/\/www.europesays.com\/fr\/wp-json\/wp\/v2\/media\/605345"}],"wp:attachment":[{"href":"https:\/\/www.europesays.com\/fr\/wp-json\/wp\/v2\/media?parent=605344"}],"wp:term":[{"taxonomy":"category","embeddable":true,"href":"https:\/\/www.europesays.com\/fr\/wp-json\/wp\/v2\/categories?post=605344"},{"taxonomy":"post_tag","embeddable":true,"href":"https:\/\/www.europesays.com\/fr\/wp-json\/wp\/v2\/tags?post=605344"}],"curies":[{"name":"wp","href":"https:\/\/api.w.org\/{rel}","templated":true}]}}