{"id":605348,"date":"2025-12-17T14:02:11","date_gmt":"2025-12-17T14:02:11","guid":{"rendered":"https:\/\/www.europesays.com\/fr\/605348\/"},"modified":"2025-12-17T14:02:11","modified_gmt":"2025-12-17T14:02:11","slug":"rouen-un-noel-pour-tous-grace-a-la-mobilisation-des-associations","status":"publish","type":"post","link":"https:\/\/www.europesays.com\/fr\/605348\/","title":{"rendered":"Rouen. Un No\u00ebl pour tous gr\u00e2ce \u00e0 la mobilisation des associations"},"content":{"rendered":"<p melodystyle=\"texte\">En cette p\u00e9riode de f\u00eates de fin d&rsquo;ann\u00e9e, la solidarit\u00e9 est particuli\u00e8rement \u00e0 l&rsquo;honneur \u00e0 Rouen. Plusieurs associations se mobilisent pour offrir un moment joyeux aux personnes isol\u00e9es ou pr\u00e9caires. D\u00e8s vendredi 19 d\u00e9cembre, un go\u00fbter festif est organis\u00e9 par la Ville de Rouen et le Centre communal d&rsquo;action sociale \u00e0 partir de 14h. Mercredi 24 d\u00e9cembre, l&rsquo;antenne de Rouen de l&rsquo;association <a href=\"https:\/\/faireundon.petitsfreresdespauvres.fr\/noel\/~mon-don?utm_source=google&amp;utm_medium=cpc&amp;utm_campaign=FA25&amp;gad_source=1&amp;gad_campaignid=23254306478&amp;gbraid=0AAAAADzMomsoWZmNPz5VU9jbQQcEPTQ_o&amp;gclid=EAIaIQobChMIkMvH7_mwkQMVcsd5BB3WxAvBEAAYASAAEgLumPD_BwE\" target=\"_blank\" rel=\"noopener\">Les petits fr\u00e8res des pauvres<\/a> organise aussi un d\u00e9jeuner sp\u00e9cialement d\u00e9di\u00e9 aux a\u00een\u00e9s isol\u00e9s. Comme l&rsquo;an pass\u00e9, l&rsquo;\u00e9v\u00e9nement se d\u00e9roulera \u00e0 la salle Jean Texcier situ\u00e9e dans les Hauts-de-Rouen pr\u00e8s de Bihorel.<\/p>\n<p>\u00ab\u00a0C&rsquo;est un repas tr\u00e8s important\u00a0\u00bb<\/p>\n<p melodystyle=\"texte\">Une quarantaine de personnes \u00e2g\u00e9es est attendue cette ann\u00e9e pour le d\u00e9jeuner de No\u00ebl organis\u00e9 par les Petits fr\u00e8res des pauvres \u00e0 Rouen. \u00ab\u00a0Ce sont principalement les personnes qui sont d\u00e9j\u00e0 accompagn\u00e9es tout au long de l&rsquo;ann\u00e9e\u00a0\u00bb, pr\u00e9cise St\u00e9phane Lehelloco, responsable de l&rsquo;\u00e9quipe de Rouen des Petits fr\u00e8res des pauvres. \u00ab\u00a0C&rsquo;est un repas tr\u00e8s important pour que ces personnes se sentent un peu moins seules pendant les f\u00eates de fin d&rsquo;ann\u00e9e\u00a0\u00bb, ajoute-t-il. Des animations musicales seront organis\u00e9es pendant et apr\u00e8s le repas. Deux musiciens joueront de l&rsquo;accord\u00e9on et de la guitare et chanteront m\u00eame quelques chansons. L&rsquo;an pass\u00e9, une chanteuse accord\u00e9oniste avait fait le d\u00e9placement et chantait des chansons des ann\u00e9es 1950, 1960 et 1970. Depuis 2019, Jo\u00eblle Leclerc est b\u00e9n\u00e9vole au sein des Petits Fr\u00e8res des pauvres. Ce repas de No\u00ebl permet selon elle \u00ab\u00a0une convivialit\u00e9 entre les personnes que nous accompagnons et les b\u00e9n\u00e9voles\u00a0\u00bb, livre-t-elle. A travers cet \u00e9v\u00e9nement, \u00ab\u00a0on leur donne de la joie, du plaisir. Et quand on leur fait plaisir, nous sommes nous aussi heureux de voir que nous servons \u00e0 quelque chose\u00a0\u00bb, conclut-elle.\u00a0<\/p>\n","protected":false},"excerpt":{"rendered":"En cette p\u00e9riode de f\u00eates de fin d&rsquo;ann\u00e9e, la solidarit\u00e9 est particuli\u00e8rement \u00e0 l&rsquo;honneur \u00e0 Rouen. Plusieurs associations&hellip;\n","protected":false},"author":2,"featured_media":605349,"comment_status":"","ping_status":"","sticky":false,"template":"","format":"standard","meta":{"footnotes":""},"categories":[9587],"tags":[1111,11,1777,674,1011,27,12,5161,25,9590],"class_list":{"0":"post-605348","1":"post","2":"type-post","3":"status-publish","4":"format-standard","5":"has-post-thumbnail","7":"category-rouen","8":"tag-actu","9":"tag-actualites","10":"tag-eu","11":"tag-europe","12":"tag-fr","13":"tag-france","14":"tag-news","15":"tag-normandie","16":"tag-republique-francaise","17":"tag-rouen"},"share_on_mastodon":{"url":"https:\/\/pubeurope.com\/@fr\/115735281438382290","error":""},"_links":{"self":[{"href":"https:\/\/www.europesays.com\/fr\/wp-json\/wp\/v2\/posts\/605348","targetHints":{"allow":["GET"]}}],"collection":[{"href":"https:\/\/www.europesays.com\/fr\/wp-json\/wp\/v2\/posts"}],"about":[{"href":"https:\/\/www.europesays.com\/fr\/wp-json\/wp\/v2\/types\/post"}],"author":[{"embeddable":true,"href":"https:\/\/www.europesays.com\/fr\/wp-json\/wp\/v2\/users\/2"}],"replies":[{"embeddable":true,"href":"https:\/\/www.europesays.com\/fr\/wp-json\/wp\/v2\/comments?post=605348"}],"version-history":[{"count":0,"href":"https:\/\/www.europesays.com\/fr\/wp-json\/wp\/v2\/posts\/605348\/revisions"}],"wp:featuredmedia":[{"embeddable":true,"href":"https:\/\/www.europesays.com\/fr\/wp-json\/wp\/v2\/media\/605349"}],"wp:attachment":[{"href":"https:\/\/www.europesays.com\/fr\/wp-json\/wp\/v2\/media?parent=605348"}],"wp:term":[{"taxonomy":"category","embeddable":true,"href":"https:\/\/www.europesays.com\/fr\/wp-json\/wp\/v2\/categories?post=605348"},{"taxonomy":"post_tag","embeddable":true,"href":"https:\/\/www.europesays.com\/fr\/wp-json\/wp\/v2\/tags?post=605348"}],"curies":[{"name":"wp","href":"https:\/\/api.w.org\/{rel}","templated":true}]}}