{"id":60535,"date":"2025-04-29T00:31:13","date_gmt":"2025-04-29T00:31:13","guid":{"rendered":"https:\/\/www.europesays.com\/fr\/60535\/"},"modified":"2025-04-29T00:31:13","modified_gmt":"2025-04-29T00:31:13","slug":"rugby-nationale-2-la-finale-rennes-niort-se-jouera-a-tours-dimanche-4-mai-sport-2","status":"publish","type":"post","link":"https:\/\/www.europesays.com\/fr\/60535\/","title":{"rendered":"Rugby. Nationale 2\u00a0: la finale Rennes &#8211; Niort se jouera \u00e0 Tours dimanche 4\u00a0mai . Sport"},"content":{"rendered":"<p>La finale de Nationale 2\u00a0entre le Rennes EC et le Niort RC se d\u00e9roulera ce dimanche 4\u00a0mai \u00e0 15\u00a0h au stade Tonnell\u00e9 de Tours.<\/p>\n<p><a href=\"https:\/\/rennes.maville.com\/sport\/detail_-rugby.-nationale-2-le-rec-fait-tomber-vienne-et-se-qualifie-pour-la-finale-_7-6783769_actu.Htm\" target=\"_self\" rel=\"nofollow noopener\">Apr\u00e8s leur victoire en demi-finale face \u00e0 Vienne (26-10)<\/a>, les Bretilliens visent la mont\u00e9e en Nationale, un niveau auquel ils ont d\u00e9j\u00e0 \u00e9volu\u00e9 en 2022-2023.<\/p>\n<p>Un d\u00e9fi de taille auquel sont pr\u00e9par\u00e9s les joueurs de Vincent Br\u00e9honnet. <strong>\u00ab\u00a0On est pr\u00eats mentalement. Niort a remport\u00e9 sa poule de N2\u00a0comme nous, cela va \u00eatre un match serr\u00e9 entre deux \u00e9quipes tr\u00e8s fortes d\u00e9fensivement\u00a0\u00bb<\/strong>, se projette l\u2019entra\u00eeneur des arri\u00e8res du REC.<\/p>\n<p>Appel aux supporters<\/p>\n<p>Pour l\u2019emporter, les joueurs compteront sur le soutien de leurs supporters. <strong>\u00ab\u00a0On aura besoin d\u2019eux. M\u00eame si on aurait pr\u00e9f\u00e9r\u00e9 que la finale se joue \u00e0 Nantes o\u00f9 Saint-Nazaire, j\u2019esp\u00e8re que les Bretons seront au rendez-vous !\u00a0\u00bb<\/strong><\/p>\n<p>Des transports seront organis\u00e9s par le REC afin de ramener le plus de supporters des Noir et Blanc \u00e0 Tours.<\/p>\n<p>En cas de d\u00e9faite, les Rennais auront une seconde chance de d\u00e9crocher la mont\u00e9e lors d\u2019un match de barrage contre le Stade Langonnais (13e de N1), avec l\u2019avantage de recevoir au Stade du Commandant Bougouin.<\/p>\n<p>\u00a0<\/p>\n","protected":false},"excerpt":{"rendered":"La finale de Nationale 2\u00a0entre le Rennes EC et le Niort RC se d\u00e9roulera ce dimanche 4\u00a0mai \u00e0&hellip;\n","protected":false},"author":2,"featured_media":60423,"comment_status":"","ping_status":"","sticky":false,"template":"","format":"standard","meta":{"footnotes":""},"categories":[2821],"tags":[1111,11,3809,1465,829,1777,674,63,1011,27,1792,1922,12,584,25,479,517,1470],"class_list":{"0":"post-60535","1":"post","2":"type-post","3":"status-publish","4":"format-standard","5":"has-post-thumbnail","7":"category-rennes","8":"tag-actu","9":"tag-actualites","10":"tag-ball","11":"tag-basket","12":"tag-bretagne","13":"tag-eu","14":"tag-europe","15":"tag-football","16":"tag-fr","17":"tag-france","18":"tag-handball","19":"tag-info","20":"tag-news","21":"tag-rennes","22":"tag-republique-francaise","23":"tag-rugby","24":"tag-sport","25":"tag-volley"},"share_on_mastodon":{"url":"https:\/\/pubeurope.com\/@fr\/114418436293692632","error":""},"_links":{"self":[{"href":"https:\/\/www.europesays.com\/fr\/wp-json\/wp\/v2\/posts\/60535","targetHints":{"allow":["GET"]}}],"collection":[{"href":"https:\/\/www.europesays.com\/fr\/wp-json\/wp\/v2\/posts"}],"about":[{"href":"https:\/\/www.europesays.com\/fr\/wp-json\/wp\/v2\/types\/post"}],"author":[{"embeddable":true,"href":"https:\/\/www.europesays.com\/fr\/wp-json\/wp\/v2\/users\/2"}],"replies":[{"embeddable":true,"href":"https:\/\/www.europesays.com\/fr\/wp-json\/wp\/v2\/comments?post=60535"}],"version-history":[{"count":0,"href":"https:\/\/www.europesays.com\/fr\/wp-json\/wp\/v2\/posts\/60535\/revisions"}],"wp:featuredmedia":[{"embeddable":true,"href":"https:\/\/www.europesays.com\/fr\/wp-json\/wp\/v2\/media\/60423"}],"wp:attachment":[{"href":"https:\/\/www.europesays.com\/fr\/wp-json\/wp\/v2\/media?parent=60535"}],"wp:term":[{"taxonomy":"category","embeddable":true,"href":"https:\/\/www.europesays.com\/fr\/wp-json\/wp\/v2\/categories?post=60535"},{"taxonomy":"post_tag","embeddable":true,"href":"https:\/\/www.europesays.com\/fr\/wp-json\/wp\/v2\/tags?post=60535"}],"curies":[{"name":"wp","href":"https:\/\/api.w.org\/{rel}","templated":true}]}}