{"id":60536,"date":"2025-04-29T00:32:20","date_gmt":"2025-04-29T00:32:20","guid":{"rendered":"https:\/\/www.europesays.com\/fr\/60536\/"},"modified":"2025-04-29T00:32:20","modified_gmt":"2025-04-29T00:32:20","slug":"ce-quil-faut-savoir-sur-la-manifestation-du-1er-mai-a-strasbourg","status":"publish","type":"post","link":"https:\/\/www.europesays.com\/fr\/60536\/","title":{"rendered":"ce qu&rsquo;il faut savoir sur la manifestation du 1er mai \u00e0 Strasbourg"},"content":{"rendered":"<p>    <img loading=\"lazy\" width=\"1800\" height=\"900\" src=\"https:\/\/www.europesays.com\/fr\/wp-content\/uploads\/2025\/04\/jeanne-callthepolice.jpg\" class=\"attachment-full size-full\" alt=\"\" id=\"imageLove\" decoding=\"async\"  \/><\/p>\n<p id=\"breadcrumbs\"><a href=\"https:\/\/pokaa.fr\/\" rel=\"nofollow noopener\" target=\"_blank\">Accueil<\/a> \/ <a href=\"https:\/\/pokaa.fr\/categories\/actu\/\" rel=\"nofollow noopener\" target=\"_blank\">Info locale<\/a> \/ F\u00eate du Travail : ce qu\u2019il faut savoir sur la manifestation du 1er mai \u00e0 Strasbourg<\/p>\n<p>                    Info locale<\/p>\n<p class=\"p1\"><b>Pour le 1er mai 2025, journ\u00e9e internationale de lutte des travailleurs et des travailleuses, de nombreuses organisations syndicales et de jeunesse bas-rhinoises appellent \u00e0 manifester \u00e0 Strasbourg. Le cort\u00e8ge partira \u00e0 10h de la place Kl\u00e9ber, et portera plusieurs revendications, allant au-del\u00e0 du sujet du travail.<\/b><\/p>\n<p class=\"p1\">\u00ab\u00a0Pour la paix, la justice sociale, nos retraites et nos salaires.\u00a0\u00bb C\u2019est le mot d\u2019ordre des nombreuses organisations syndicales qui appellent \u00e0 manifester ce 1er mai \u00e0 Strasbourg. Pour la journ\u00e9e internationale de lutte des travailleurs et des travailleuses, <strong>c\u2019est en effet l\u2019AES, la CFDT Alsace, la CGT 67, FO 67, FSE Strasbourg, FSU 67, Solidaires Alsace, et l\u2019UNSA 67 qui appellent \u00e0 descendre dans la rue<\/strong>.<\/p>\n<p class=\"p1\"><strong>Une manifestation qui d\u00e9butera son parcours aux alentours de 10h sur la place Kl\u00e9ber<\/strong>. Le cort\u00e8ge d\u00e9filera ensuite rue des Francs-Bourgeois, rue de la Division Leclerc, rue de la Douane pour rejoindre la place du Corbeau. Il empruntera le quai des Bateliers, l\u2019avenue de la Libert\u00e9, R\u00e9publique, Broglie puis effectuera son retour place Kl\u00e9ber.<\/p>\n<p>                <a href=\"https:\/\/pokaa.fr\/2024\/05\/01\/1er-mai-a-strasbourg-on-vous-a-demande-de-resumer-votre-rapport-au-travail-en-3-mots\/\" rel=\"nofollow noopener\" target=\"_blank\"><br \/>\n                    <img width=\"450\" height=\"270\" src=\"https:\/\/www.europesays.com\/fr\/wp-content\/uploads\/2025\/04\/dsc-8481-450x270.jpg\" class=\"attachment-card-horizontal--same-subject size-card-horizontal--same-subject wp-post-image\" alt=\"\" decoding=\"async\" loading=\"lazy\"\/>                <\/a><\/p>\n<p>    <img width=\"800\" height=\"534\" src=\"https:\/\/www.europesays.com\/fr\/wp-content\/uploads\/2025\/04\/dsc-7694-800x534.jpg\" class=\"attachment-image-size-L size-image-size-L\" alt=\"manifestation 1er mai travail carnaval festif cortege\" decoding=\"async\" loading=\"lazy\"  \/>         \u00a9 Mathilde Cybulski \/ Pokaa <\/p>\n<p>Des revendications qui vont au-del\u00e0 de la d\u00e9fense des travailleurs\/euses<\/p>\n<p class=\"p1\">Pour ce 1er mai 2025, <strong>les diff\u00e9rentes organisations syndicales impliqu\u00e9es ont plusieurs revendications, qui vont au-del\u00e0 des conditions des travailleuses et travailleurs, dans une convergence des luttes<\/strong>.<\/p>\n<p class=\"p1\">Elles d\u00e9noncent par exemple \u00ab\u00a0les guerres [qui] se propagent pour les profits de quelques-uns\u00a0\u00bb, tout comme \u00ab\u00a0les mesures et les propos x\u00e9nophobes r\u00e9p\u00e9t\u00e9s de l\u2019ex\u00e9cutif\u00a0\u00bb <strong>qui \u00ab\u00a0cherchent la mise en opposition des travailleurs, pour remettre en cause l\u2019\u00e9tat de droit et la justice sociale\u00a0\u00bb<\/strong>.<\/p>\n<p>    <img width=\"800\" height=\"534\" src=\"https:\/\/www.europesays.com\/fr\/wp-content\/uploads\/2025\/04\/dsc-7632-800x534.jpg\" class=\"attachment-image-size-L size-image-size-L\" alt=\"manifestation 1er mai travail carnaval festif cortege\" decoding=\"async\" loading=\"lazy\"  \/>         \u00a9 Mathilde Cybulski \/ Pokaa <\/p>\n<p class=\"p1\">Pour ce 1er mai, <strong>elles appellent donc \u00e0 manifester pour \u00ab une paix juste et durable, le respect du droit international et le droit \u00e0 l\u2019autod\u00e9termination des peuples\u00a0\u00bb<\/strong>, ainsi que pour \u00ab\u00a0la d\u00e9fense de l\u2019industrie et des emplois industriels.\u00a0\u00bb<\/p>\n<p class=\"p1\">Elles souhaitent aussi s\u2019exprimer en faveur de la justice sociale, avec \u00ab\u00a0l\u2019abrogation de la r\u00e9forme des retraites, l\u2019augmentation des salaires, des pensions et des minimas sociaux\u00a0\u00bb, <strong>ainsi que contre \u00ab\u00a0les politiques et d\u2019aust\u00e9rit\u00e9\u00a0\u00bb et \u00ab\u00a0pour les services publics et la s\u00e9curit\u00e9 sociale\u00a0\u00bb<\/strong>.<\/p>\n<p>                <a href=\"https:\/\/pokaa.fr\/2021\/04\/30\/fete-du-travail-et-brin-de-muguet-que-celebre-t-on-vraiment-le-1er-mai\/\" rel=\"nofollow noopener\" target=\"_blank\"><br \/>\n                    <img width=\"450\" height=\"231\" src=\"https:\/\/www.europesays.com\/fr\/wp-content\/uploads\/2025\/04\/muguet-credit-caroline-alonso-4.jpg\" class=\"attachment-card-horizontal--same-subject size-card-horizontal--same-subject wp-post-image\" alt=\"muguet fleurs printemps\" decoding=\"async\" loading=\"lazy\"  \/>                <\/a><\/p>\n","protected":false},"excerpt":{"rendered":"Accueil \/ Info locale \/ F\u00eate du Travail : ce qu\u2019il faut savoir sur la manifestation du 1er&hellip;\n","protected":false},"author":2,"featured_media":60537,"comment_status":"","ping_status":"","sticky":false,"template":"","format":"standard","meta":{"footnotes":""},"categories":[2820],"tags":[10916,1111,11,1777,674,1011,27,775,12,25,640],"class_list":{"0":"post-60536","1":"post","2":"type-post","3":"status-publish","4":"format-standard","5":"has-post-thumbnail","7":"category-strasbourg","8":"tag-1er-mai","9":"tag-actu","10":"tag-actualites","11":"tag-eu","12":"tag-europe","13":"tag-fr","14":"tag-france","15":"tag-grand-est","16":"tag-news","17":"tag-republique-francaise","18":"tag-strasbourg"},"share_on_mastodon":{"url":"https:\/\/pubeurope.com\/@fr\/114418440374039289","error":""},"_links":{"self":[{"href":"https:\/\/www.europesays.com\/fr\/wp-json\/wp\/v2\/posts\/60536","targetHints":{"allow":["GET"]}}],"collection":[{"href":"https:\/\/www.europesays.com\/fr\/wp-json\/wp\/v2\/posts"}],"about":[{"href":"https:\/\/www.europesays.com\/fr\/wp-json\/wp\/v2\/types\/post"}],"author":[{"embeddable":true,"href":"https:\/\/www.europesays.com\/fr\/wp-json\/wp\/v2\/users\/2"}],"replies":[{"embeddable":true,"href":"https:\/\/www.europesays.com\/fr\/wp-json\/wp\/v2\/comments?post=60536"}],"version-history":[{"count":0,"href":"https:\/\/www.europesays.com\/fr\/wp-json\/wp\/v2\/posts\/60536\/revisions"}],"wp:featuredmedia":[{"embeddable":true,"href":"https:\/\/www.europesays.com\/fr\/wp-json\/wp\/v2\/media\/60537"}],"wp:attachment":[{"href":"https:\/\/www.europesays.com\/fr\/wp-json\/wp\/v2\/media?parent=60536"}],"wp:term":[{"taxonomy":"category","embeddable":true,"href":"https:\/\/www.europesays.com\/fr\/wp-json\/wp\/v2\/categories?post=60536"},{"taxonomy":"post_tag","embeddable":true,"href":"https:\/\/www.europesays.com\/fr\/wp-json\/wp\/v2\/tags?post=60536"}],"curies":[{"name":"wp","href":"https:\/\/api.w.org\/{rel}","templated":true}]}}