{"id":605362,"date":"2025-12-17T14:09:13","date_gmt":"2025-12-17T14:09:13","guid":{"rendered":"https:\/\/www.europesays.com\/fr\/605362\/"},"modified":"2025-12-17T14:09:13","modified_gmt":"2025-12-17T14:09:13","slug":"de-nombreuses-marchandises-etrangeres-a-la-vente-au-marche-de-noel-de-strasbourg","status":"publish","type":"post","link":"https:\/\/www.europesays.com\/fr\/605362\/","title":{"rendered":"de nombreuses marchandises \u00e9trang\u00e8res \u00e0 la vente au march\u00e9 de No\u00ebl de Strasbourg"},"content":{"rendered":"<p>\n    Un reportage pour l\u2019\u00e9mission du Figaro TV, Terre des hommes, r\u00e9v\u00e8le le nombre important de produits issus de l\u2019importation dans le c\u00e9l\u00e8bre march\u00e9 de No\u00ebl en plein air. Certains visiteurs, notamment \u00e9trangers, pensent pourtant acheter local.<\/p>\n<p class=\"fig-paragraph\">Chine, Portugal, Europe de l\u2019est&#8230; De nombreux produits pr\u00e9sents \u00e0 la vente sur le\u00a0<a href=\"http:\/\/www.lefigaro.fr\/voyages\/guides\/strasbourg-top-depart-d-un-marche-de-noel-feerique-mais-sous-haute-surveillance-20251124\" data-fig-type=\"NewsFlash\" data-gtm-custom-categorie=\"navigation\" data-gtm-custom-action=\"crossclick\" data-gtm-custom-label=\"Contextuel\" data-gtm-event=\"customEventSPE\" data-fig-domain=\"LEFIGARO\" target=\"_blank\" rel=\"noopener\">march\u00e9 de No\u00ebl<\/a>\u00a0de Strasbourg viennent de partout, sauf d\u2019Alsace. C\u2019est ce que r\u00e9v\u00e8le un reportage pour l\u2019\u00e9mission\u00a0<a href=\"https:\/\/video.lefigaro.fr\/figarotv\/emission\/dossier\/terre-des-hommes\" target=\"_blank\" data-fig-type=\"Topic\" rel=\"sponsored noopener\" data-gtm-custom-categorie=\"navigation\" data-gtm-custom-action=\"crossclick\" data-gtm-custom-label=\"Contextuel\" data-gtm-event=\"customEventSPE\" data-fig-domain=\"REPLAYTV\">Terre des hommes<\/a>, qui sera diffus\u00e9 en int\u00e9gralit\u00e9 sur Le Figaro TV dimanche 21 d\u00e9cembre. La provenance de la marchandise n\u2019est parfois indiqu\u00e9e nulle part, cr\u00e9ant l\u2019ambigu\u00eft\u00e9 lors de l\u2019achat d\u2019un tissu ou de poterie par exemple.<\/p>\n<p class=\"fig-paragraph\">\u00abCes produits n\u2019ont pas lieu d\u2019\u00eatre \u00e0 Strasbourg\u00bb regrette Maurice Bossa, guide touristique au march\u00e9. \u00abOn joue, pour exprimer au grand public la magie de No\u00ebl de marchandises en partie issues d\u2019Asie du sud-est ou quelque part ailleurs\u00bb.<\/p>\n<p>                                            <a class=\"fig-a11y-skip\" href=\"#fig-a11y-skip-main-inarticle\" data-module=\"a11y-skip\" data-context=\"was @visible\"><br \/>\n    Passer la publicit\u00e9<br \/>\n<\/a>            <\/p>\n<p class=\"fig-paragraph\">Enregistr\u00e9e en cam\u00e9ra cach\u00e9e, une commer\u00e7ante l\u2019admet sans d\u00e9tour\u00a0: \u00abTout vient de Chine. On les ram\u00e8ne en Alsace, les Chinois viennent, ils les ach\u00e8tent pour les ramener chez eux.\u00bb Plus loin, un autre chalet exhibe ses tissus \u00e0 vendre\u00a0: \u00abnotre distributeur est alsacien, mais \u00e7a vient d\u2019Europe de l\u2019Est\u00bb.<\/p>\n<p class=\"fig-paragraph\">\u00abLes exposants nous disent \u00e0 peu pr\u00e8s d\u2019o\u00f9 viennent leurs produits, il y en a de plus en plus made in Europe, et encore du made in China\u00bb reconna\u00eet l\u2019adjoint \u00e0 la mairie de\u00a0<a href=\"http:\/\/www.lefigaro.fr\/voyages\/dossier\/strasbourg\" data-fig-type=\"Topic\" data-gtm-custom-categorie=\"navigation\" data-gtm-custom-action=\"crossclick\" data-gtm-custom-label=\"Contextuel\" data-gtm-event=\"customEventSPE\" data-fig-domain=\"LEFIGARO\" target=\"_blank\" rel=\"noopener\">Strasbourg<\/a>\u00a0Guillaume Libsig. L\u2019\u00e9lu pointe l\u2019existence du ph\u00e9nom\u00e8ne au niveau mondial. \u00abSi on n\u2019avait que des produits faits par des artisans locaux, le panier moyen serait \u00e0 plus d\u2019une centaine d\u2019euros\u00bb.<\/p>\n<p class=\"fig-paragraph\">\u00abUn march\u00e9 de No\u00ebl 100% produits alsaciens, ce serait vraiment restreindre son activit\u00e9\u00bb conc\u00e8de Maurice Bossa, tout de m\u00eame en faveur d\u2019un \u00e9v\u00e9nement \u00ab100% fran\u00e7ais, avec des artisans qui viennent un peu d\u2019ailleurs\u00bb.<\/p>\n","protected":false},"excerpt":{"rendered":"Un reportage pour l\u2019\u00e9mission du Figaro TV, Terre des hommes, r\u00e9v\u00e8le le nombre important de produits issus de&hellip;\n","protected":false},"author":2,"featured_media":605363,"comment_status":"","ping_status":"","sticky":false,"template":"","format":"standard","meta":{"footnotes":""},"categories":[2820],"tags":[1111,11,130,1777,674,1011,27,775,36053,12,15830,25,104,640],"class_list":{"0":"post-605362","1":"post","2":"type-post","3":"status-publish","4":"format-standard","5":"has-post-thumbnail","7":"category-strasbourg","8":"tag-actu","9":"tag-actualites","10":"tag-consommation","11":"tag-eu","12":"tag-europe","13":"tag-fr","14":"tag-france","15":"tag-grand-est","16":"tag-marche-de-noel","17":"tag-news","18":"tag-noel","19":"tag-republique-francaise","20":"tag-societe","21":"tag-strasbourg"},"share_on_mastodon":{"url":"https:\/\/pubeurope.com\/@fr\/115735308868346625","error":""},"_links":{"self":[{"href":"https:\/\/www.europesays.com\/fr\/wp-json\/wp\/v2\/posts\/605362","targetHints":{"allow":["GET"]}}],"collection":[{"href":"https:\/\/www.europesays.com\/fr\/wp-json\/wp\/v2\/posts"}],"about":[{"href":"https:\/\/www.europesays.com\/fr\/wp-json\/wp\/v2\/types\/post"}],"author":[{"embeddable":true,"href":"https:\/\/www.europesays.com\/fr\/wp-json\/wp\/v2\/users\/2"}],"replies":[{"embeddable":true,"href":"https:\/\/www.europesays.com\/fr\/wp-json\/wp\/v2\/comments?post=605362"}],"version-history":[{"count":0,"href":"https:\/\/www.europesays.com\/fr\/wp-json\/wp\/v2\/posts\/605362\/revisions"}],"wp:featuredmedia":[{"embeddable":true,"href":"https:\/\/www.europesays.com\/fr\/wp-json\/wp\/v2\/media\/605363"}],"wp:attachment":[{"href":"https:\/\/www.europesays.com\/fr\/wp-json\/wp\/v2\/media?parent=605362"}],"wp:term":[{"taxonomy":"category","embeddable":true,"href":"https:\/\/www.europesays.com\/fr\/wp-json\/wp\/v2\/categories?post=605362"},{"taxonomy":"post_tag","embeddable":true,"href":"https:\/\/www.europesays.com\/fr\/wp-json\/wp\/v2\/tags?post=605362"}],"curies":[{"name":"wp","href":"https:\/\/api.w.org\/{rel}","templated":true}]}}