{"id":605364,"date":"2025-12-17T14:10:15","date_gmt":"2025-12-17T14:10:15","guid":{"rendered":"https:\/\/www.europesays.com\/fr\/605364\/"},"modified":"2025-12-17T14:10:15","modified_gmt":"2025-12-17T14:10:15","slug":"nice-au-coeur-du-projet-europeen-digipol-pour-une-cooperation","status":"publish","type":"post","link":"https:\/\/www.europesays.com\/fr\/605364\/","title":{"rendered":"Nice au c\u0153ur du projet europ\u00e9en Digipol pour une coop\u00e9ration (\u2026)"},"content":{"rendered":"<p>                    <img loading=\"lazy\" decoding=\"async\" src=\"https:\/\/www.europesays.com\/fr\/wp-content\/uploads\/2025\/12\/567beccc6016d3de0896a9524f4ab8.jpg\" class=\"img-responsive post-image\" width=\"680\" height=\"510\" alt=\"Nice au c\u0153ur du projet\" title=\"Nice au c\u0153ur du projet europ\u00e9en Digipol pour une coop\u00e9ration transfrontali\u00e8re des polices locales\"\/><\/p>\n<p class=\"chapo\">Mercredi 10 d\u00e9cembre, la Ville a officiellement lanc\u00e9 le projet europ\u00e9en Digipol, un programme ambitieux destin\u00e9 \u00e0 renforcer les liens et les pratiques communes entre polices municipales de part et d\u2019autre des fronti\u00e8res.<\/p>\n<p>Laur\u00e9at du programme europ\u00e9en ALCOTRA, Digipol b\u00e9n\u00e9ficie d\u2019un financement de 1,3 million d\u2019euros sur trois ans. Coordonn\u00e9 par la Ville de Nice, le projet associe la Ville de Turin ainsi que la Fondation Links, un centre de recherche sp\u00e9cialis\u00e9 dans le d\u00e9veloppement de formations en r\u00e9alit\u00e9 \u00e9tendue. \u00c0 elle seule, Nice percevra 645 000 euros de subventions europ\u00e9ennes.<br class=\"texte\"\/><br \/>\nLe lancement s\u2019est tenu au Centre Universitaire M\u00e9diterran\u00e9en, en pr\u00e9sence des repr\u00e9sentants des villes de Nice et de San Remo, ainsi que des polices locales de Nice, Turin, San Remo et Xabia. Les \u00e9changes ont port\u00e9 sur les enjeux actuels de la coop\u00e9ration transfrontali\u00e8re en mati\u00e8re de s\u00e9curit\u00e9 et sur le r\u00e9seau des polices municipales initi\u00e9 par la Ville de Nice.<\/p>\n<p>Mutualisation et coop\u00e9ration transfrontali\u00e8re<\/p>\n<p><strong>Au c\u0153ur du projet Digipol\u00a0:<\/strong> l\u2019innovation technologique au service de la formation. Les participants ont ainsi pu tester des casques de r\u00e9alit\u00e9 augment\u00e9e int\u00e9grant des sc\u00e9narios d\u2019intervention mod\u00e9lis\u00e9s \u00e0 Nice et \u00e0 Turin, ainsi qu\u2019un simulateur d\u2019intervention, permettant de s\u2019entra\u00eener dans des conditions proches du r\u00e9el.<br class=\"autobr\"\/><br \/>\nConcr\u00e8tement, Digipol pr\u00e9voit l\u2019organisation d\u2019entra\u00eenements communs entre policiers municipaux fran\u00e7ais et italiens, la mise en place d\u2019acad\u00e9mies de polices locales utilisant la r\u00e9alit\u00e9 virtuelle et les simulateurs, ainsi qu\u2019une r\u00e9flexion approfondie pour faire \u00e9voluer durablement la coop\u00e9ration transfrontali\u00e8re en mati\u00e8re de s\u00e9curit\u00e9 publique.<br class=\"autobr\"\/><br \/>\nParmi les prochains temps forts annonc\u00e9s figurent une acad\u00e9mie de police \u00e0 Nice en juin prochain, puis une autre \u00e0 Turin en novembre 2026. Des \u00e9changes d\u2019agents entre les deux villes sont \u00e9galement programm\u00e9s.<\/p>\n<p>Relire aussi\u00a0: <a href=\"https:\/\/www.petitesaffiches.fr\/politique,104\/police-academy-a-nice-rien-de,30331.html\" target=\"_blank\" rel=\"noopener\">\u00ab\u00a0Police Academy\u00a0\u00bb \u00e0 Nice\u00a0: \u00ab\u00a0Rien de technocratique\u00a0\u00bb, des projets europ\u00e9ens \u00ab\u00a0concrets\u00a0\u00bb<\/a><\/p>\n<p>Visuel de Une\u00a0: archive Mai 2025 &#8211;  43 policiers municipaux venant de 15 villes \u00e9taient rassembl\u00e9s \u00e0 Nice \u00a9S.G<\/p>\n","protected":false},"excerpt":{"rendered":"Mercredi 10 d\u00e9cembre, la Ville a officiellement lanc\u00e9 le projet europ\u00e9en Digipol, un programme ambitieux destin\u00e9 \u00e0 renforcer&hellip;\n","protected":false},"author":2,"featured_media":605365,"comment_status":"","ping_status":"","sticky":false,"template":"","format":"standard","meta":{"footnotes":""},"categories":[2819],"tags":[1111,11,2408,1777,674,1011,27,12,2401,882,25],"class_list":{"0":"post-605364","1":"post","2":"type-post","3":"status-publish","4":"format-standard","5":"has-post-thumbnail","7":"category-nice","8":"tag-actu","9":"tag-actualites","10":"tag-appels-d","11":"tag-eu","12":"tag-europe","13":"tag-fr","14":"tag-france","15":"tag-news","16":"tag-nice","17":"tag-provence-alpes-cote-dazur","18":"tag-republique-francaise"},"share_on_mastodon":{"url":"https:\/\/pubeurope.com\/@fr\/115735313972054802","error":""},"_links":{"self":[{"href":"https:\/\/www.europesays.com\/fr\/wp-json\/wp\/v2\/posts\/605364","targetHints":{"allow":["GET"]}}],"collection":[{"href":"https:\/\/www.europesays.com\/fr\/wp-json\/wp\/v2\/posts"}],"about":[{"href":"https:\/\/www.europesays.com\/fr\/wp-json\/wp\/v2\/types\/post"}],"author":[{"embeddable":true,"href":"https:\/\/www.europesays.com\/fr\/wp-json\/wp\/v2\/users\/2"}],"replies":[{"embeddable":true,"href":"https:\/\/www.europesays.com\/fr\/wp-json\/wp\/v2\/comments?post=605364"}],"version-history":[{"count":0,"href":"https:\/\/www.europesays.com\/fr\/wp-json\/wp\/v2\/posts\/605364\/revisions"}],"wp:featuredmedia":[{"embeddable":true,"href":"https:\/\/www.europesays.com\/fr\/wp-json\/wp\/v2\/media\/605365"}],"wp:attachment":[{"href":"https:\/\/www.europesays.com\/fr\/wp-json\/wp\/v2\/media?parent=605364"}],"wp:term":[{"taxonomy":"category","embeddable":true,"href":"https:\/\/www.europesays.com\/fr\/wp-json\/wp\/v2\/categories?post=605364"},{"taxonomy":"post_tag","embeddable":true,"href":"https:\/\/www.europesays.com\/fr\/wp-json\/wp\/v2\/tags?post=605364"}],"curies":[{"name":"wp","href":"https:\/\/api.w.org\/{rel}","templated":true}]}}