{"id":605368,"date":"2025-12-17T14:12:50","date_gmt":"2025-12-17T14:12:50","guid":{"rendered":"https:\/\/www.europesays.com\/fr\/605368\/"},"modified":"2025-12-17T14:12:50","modified_gmt":"2025-12-17T14:12:50","slug":"cinema-avant-premiere-dhistoires-de-la-bonne-vallee-a-nantes-avec-son-realisateur-jose","status":"publish","type":"post","link":"https:\/\/www.europesays.com\/fr\/605368\/","title":{"rendered":"CIN\u00c9MA. Avant-premi\u00e8re d\u2019Histoires de la Bonne Vall\u00e9e \u00e0 Nantes avec son r\u00e9alisateur, Jos\u00e9"},"content":{"rendered":"<p>La rencontre, anim\u00e9e par l\u2019\u00e9quipe du Festival Espagnol de Nantes, promet un \u00e9change enrichissant autour d\u2019une communaut\u00e9 en r\u00e9sistance face \u00e0 la modernit\u00e9.<\/p>\n<p>Vallbona\u00a0: quartier de Barcelone sous pression<\/p>\n<p>Histoires de la Bonne Vall\u00e9e se focalise sur Vallbona, un quartier de la banlieue de Barcelone entour\u00e9 d\u2019une voie ferr\u00e9e et d\u2019une autoroute. Actuellement en proie \u00e0 une urbanisation intensive, Vallbona risque de devenir une zone urbaine ordinaire. Cependant, le film met en lumi\u00e8re la capacit\u00e9 des habitants \u00e0 r\u00e9sister joyeusement \u00e0 ces changements.<\/p>\n<p>?? LIRE AUSSI\u00a0: <a href=\"https:\/\/saint-nazaire.maville.com\/actu\/actudet_-cinema.-et-si-on-s-allongeait-a-deux-pour-regarder-le-film-dans-cette-commune-de-loire-atlantique-_8-7076517_actu.Htm\" target=\"_blank\" rel=\"noopener\">CIN\u00c9MA. Et si on s\u2019allongeait \u00e0 deux pour regarder le film, dans cette commune de Loire-Atlantique\u00a0?<\/a><\/p>\n<p>Un cin\u00e9aste engag\u00e9 et reconnu<\/p>\n<p>Jos\u00e9 Luis Gu\u00e9rin, qui se revendique comme un artisan cin\u00e9aste, a r\u00e9cemment \u00e9t\u00e9 honor\u00e9 par une r\u00e9trospective \u00e0 la Cin\u00e9math\u00e8que. Son dernier opus a remport\u00e9 le <strong>prix du jury au festival de San Sebasti\u00e1n<\/strong>, confirmant sa r\u00e9putation internationale. Le public nantais aura l\u2019occasion de d\u00e9couvrir le film d\u00e8s le 17\u00a0d\u00e9cembre, au lendemain de sa pr\u00e9sentation en avant-premi\u00e8re.<\/p>\n<p>??? Pratique. Histoire de la Bonne Vall\u00e9e\u00a0: avant-premi\u00e8re en pr\u00e9sence du r\u00e9alisateur au cin\u00e9ma Le Katorza, mardi 16\u00a0d\u00e9cembre 2025 \u00e0 20\u00a0h\u00a015. <\/p>\n<p>\u00a0<\/p>\n","protected":false},"excerpt":{"rendered":"La rencontre, anim\u00e9e par l\u2019\u00e9quipe du Festival Espagnol de Nantes, promet un \u00e9change enrichissant autour d\u2019une communaut\u00e9 en&hellip;\n","protected":false},"author":2,"featured_media":605369,"comment_status":"","ping_status":"","sticky":false,"template":"","format":"standard","meta":{"footnotes":""},"categories":[2818],"tags":[1111,11,10903,11690,650,1777,674,1011,27,50780,13251,58483,616,766,12,2636,4233,25,25231],"class_list":{"0":"post-605368","1":"post","2":"type-post","3":"status-publish","4":"format-standard","5":"has-post-thumbnail","7":"category-nantes","8":"tag-actu","9":"tag-actualites","10":"tag-avant-premiere","11":"tag-bonne","12":"tag-cinema","13":"tag-eu","14":"tag-europe","15":"tag-fr","16":"tag-france","17":"tag-guerin","18":"tag-histoires","19":"tag-jose","20":"tag-luis","21":"tag-nantes","22":"tag-news","23":"tag-pays-de-la-loire","24":"tag-realisateur","25":"tag-republique-francaise","26":"tag-vallee"},"share_on_mastodon":{"url":"https:\/\/pubeurope.com\/@fr\/115735324507114411","error":""},"_links":{"self":[{"href":"https:\/\/www.europesays.com\/fr\/wp-json\/wp\/v2\/posts\/605368","targetHints":{"allow":["GET"]}}],"collection":[{"href":"https:\/\/www.europesays.com\/fr\/wp-json\/wp\/v2\/posts"}],"about":[{"href":"https:\/\/www.europesays.com\/fr\/wp-json\/wp\/v2\/types\/post"}],"author":[{"embeddable":true,"href":"https:\/\/www.europesays.com\/fr\/wp-json\/wp\/v2\/users\/2"}],"replies":[{"embeddable":true,"href":"https:\/\/www.europesays.com\/fr\/wp-json\/wp\/v2\/comments?post=605368"}],"version-history":[{"count":0,"href":"https:\/\/www.europesays.com\/fr\/wp-json\/wp\/v2\/posts\/605368\/revisions"}],"wp:featuredmedia":[{"embeddable":true,"href":"https:\/\/www.europesays.com\/fr\/wp-json\/wp\/v2\/media\/605369"}],"wp:attachment":[{"href":"https:\/\/www.europesays.com\/fr\/wp-json\/wp\/v2\/media?parent=605368"}],"wp:term":[{"taxonomy":"category","embeddable":true,"href":"https:\/\/www.europesays.com\/fr\/wp-json\/wp\/v2\/categories?post=605368"},{"taxonomy":"post_tag","embeddable":true,"href":"https:\/\/www.europesays.com\/fr\/wp-json\/wp\/v2\/tags?post=605368"}],"curies":[{"name":"wp","href":"https:\/\/api.w.org\/{rel}","templated":true}]}}