{"id":605378,"date":"2025-12-17T14:18:16","date_gmt":"2025-12-17T14:18:16","guid":{"rendered":"https:\/\/www.europesays.com\/fr\/605378\/"},"modified":"2025-12-17T14:18:16","modified_gmt":"2025-12-17T14:18:16","slug":"blocages-autour-de-toulouse-au-bord-de-la64-un-agriculteur-perche-dans-un-sapin-cest-un-battant","status":"publish","type":"post","link":"https:\/\/www.europesays.com\/fr\/605378\/","title":{"rendered":"Blocages autour de Toulouse. Au bord de l&rsquo;A64, un agriculteur perch\u00e9 dans un sapin : \u00ab\u00a0C&rsquo;est un battant\u00a0\u00bb"},"content":{"rendered":"<p>                    Par<br \/>\n        <strong><br \/>\n            <a href=\"https:\/\/actu.fr\/auteur\/marie-lamarque\" title=\"Consulter tous les articles de Marie Lamarque\" target=\"_blank\" rel=\"noopener\">Marie Lamarque<\/a><br \/>\n                    <\/strong><\/p>\n<p>        Publi\u00e9 le<\/p>\n<p>            17 d\u00e9c. 2025 \u00e0 14h33<br \/>\n        ; mis \u00e0 jour le 17 d\u00e9c. 2025 \u00e0 14h45    <\/p>\n<p><strong>Au bord de l\u2019A64<\/strong>, au niveau de la sortie de <strong>Muret<\/strong>, au sud de <strong><a href=\"https:\/\/actu.fr\/toulouse\/\" target=\"_blank\" rel=\"noopener\">Toulouse<\/a><\/strong>, <a href=\"https:\/\/actu.fr\/occitanie\/toulouse_31555\/direct-toulouse-encerclee-par-les-blocages-les-agriculteurs-mettent-la-pression-sur-la-capitale-d-occitanie_63585703.html\" target=\"_blank\" rel=\"noopener\">le point de blocage des agriculteurs se maintient<\/a> ce mercredi 17 d\u00e9cembre 2025. En col\u00e8re, les manifestants n\u2019h\u00e9sitent pas \u00e0 aller plus loin dans leurs actions. L\u2019un d\u2019entre eux, syndiqu\u00e9 \u00e0 la <strong>Coordination rurale<\/strong> de la Haute-Garonne, <strong>s\u2019est m\u00eame perch\u00e9 dans un sapin<\/strong>. D\u2019autres agriculteurs sont \u00e0 ses c\u00f4t\u00e9s pour le soutenir : \u00ab\u00a0Tant que la ministre [de l\u2019Agriculture, NDLR] ne reverra pas sa position sur l\u2019abattage total des troupeaux, on restera l\u00e0\u00a0\u00bb, clame <strong>Pierre Michel,<\/strong> membre de la CR 31 et c\u00e9r\u00e9alier \u00e0 <strong>Cintegabelle<\/strong>.<\/p>\n<p>\u00c0 Muret, deux actions simultan\u00e9es<\/p>\n<p class=\" wall-content\"><strong>La Ville rose est encore entour\u00e9e par les blocages ce mercredi<\/strong>. Parmi eux, celui de <strong>l\u2019A64<\/strong>, au niveau de la sortie d\u2019autoroute \u00e0 Muret. En direction de Toulouse, les automobilistes sont oblig\u00e9s de prendre la sortie pour rattraper l\u2019autoroute quelques kilom\u00e8tres plus loin, ce qui cr\u00e9e des ralentissements dans ce secteur :<\/p>\n<p class=\" wall-content\"><strong>Deux mouvements<\/strong> sont en cours ce mercredi, \u00e0 la mi-journ\u00e9e : d\u2019un c\u00f4t\u00e9, des manifestants toujours pr\u00e9sents au bord de l\u2019autoroute et ce, depuis ce lundi. Des feux de paille ont \u00e9t\u00e9 allum\u00e9s. De l\u2019autre, des agriculteurs mobilis\u00e9s dans le centre-ville de Muret o\u00f9 ils ont proc\u00e9d\u00e9 \u00e0 des d\u00e9versements. \u00ab\u00a0Nous avons vid\u00e9 deux bennes au niveau de la place principale\u00a0\u00bb, explique <strong>Luc Mesbah<\/strong>, secr\u00e9taire g\u00e9n\u00e9ral de la FDSEA 31.<\/p>\n<p>    <img   decoding=\"async\" loading=\"lazy\" src=\"https:\/\/www.europesays.com\/fr\/wp-content\/uploads\/2025\/12\/muret-toulouse-a64-manif-960x640.jpeg\" alt=\"En parall\u00e8le, une 2e action s'est organis\u00e9e dans le centre-ville de Muret.\" width=\"960\" height=\"640\"\/><br \/>\n    En parall\u00e8le, une 2\u1d49 action s\u2019est organis\u00e9e dans le centre-ville de Muret. (\u00a9FDSEA 31)\u00ab\u00a0C\u2019est un battant\u00a0\u00bb<\/p>\n<p class=\" wall-content\">Au bord de l\u2019A64, \u00ab\u00a0nous avons arr\u00eat\u00e9 nos op\u00e9rations de nettoyage\u00a0\u00bb, souligne<strong> Pierre Michel<\/strong>. L\u2019un de ses coll\u00e8gues, coiff\u00e9 d\u2019un bonnet jaune \u2014 marque de la CR \u2014 s\u2019est perch\u00e9 dans un sapin. L\u2019homme est aussi <strong>agriculteur \u00e0 Cintegabelle<\/strong>. \u00ab\u00a0Il a une soixantaine d\u2019ann\u00e9es. Il est \u00e0 la retraite, mais garde une activit\u00e9. C\u2019est <strong>un battant<\/strong> qui d\u00e9fend la cause agricole.\u00a0\u00bb\u00a0<\/p>\n<p>\u00ab\u00a0On peut m\u00eame d\u00e9corer le sapin pour No\u00ebl\u00a0\u00bb<\/p>\n<p class=\" wall-content\">Combien de temps pourrait-il rester perch\u00e9 ? \u00ab\u00a0Une journ\u00e9e ou deux. Il est habitu\u00e9 \u00e0 je\u00fbner\u00a0\u00bb, confie Pierre Michel. Et d\u2019ajouter : \u00ab\u00a0On restera ici le temps qu\u2019il faudra. On peut m\u00eame <strong>d\u00e9corer le sapin pour No\u00ebl.<\/strong> La ministre doit plier\u00a0\u00bb, mart\u00e8le le c\u00e9r\u00e9alier.<\/p>\n<p>    <a href=\"https:\/\/www.facebook.com\/plugins\/post.php?href=https%3A%2F%2Fwww.facebook.com%2Fpierre.michel.9275%2Fposts%2Fpfbid03667VhpsgE3Hw3M9NkfBL644W8XbUiiaWn2pmp4qX7ayDw1u8WxudD8u7DSFbHjDol&amp;show_text=true&amp;width=350\" title=\"Ouvrie le lien\" target=\"_blank\" rel=\"noopener\">Cliquez ici pour visualiser le contenu<\/a><\/p>\n<p class=\" wall-content\">[MISE \u00c0 JOUR \u00e0 14h45 : l\u2019agriculteur est descendu \u00ab\u00a0de lui-m\u00eame\u00a0\u00bb de l\u2019arbre, explique l\u2019un des manifestants sur place. Le blocage se maintient.]<\/p>\n<p class=\" wall-content\">Personnalisez votre actualit\u00e9 en ajoutant vos villes et m\u00e9dias en favori avec <a href=\"https:\/\/moncompte.actu.fr\" title=\"D\u00e9couvez Mon Actu\" rel=\"nofollow noopener\" data-trk=\"{&quot;cta&quot;:{&quot;action&quot;:&quot;https:\\\/\\\/moncompte.actu.fr&quot;,&quot;category&quot;:&quot;mon compte&quot;,&quot;from&quot;:&quot;article footer&quot;,&quot;name&quot;:&quot;Mon actu&quot;,&quot;type&quot;:&quot;cta&quot;}}\" target=\"_blank\">Mon Actu<\/a>.<\/p>\n","protected":false},"excerpt":{"rendered":"Par Marie Lamarque Publi\u00e9 le 17 d\u00e9c. 2025 \u00e0 14h33 ; mis \u00e0 jour le 17 d\u00e9c. 2025&hellip;\n","protected":false},"author":2,"featured_media":605379,"comment_status":"","ping_status":"","sticky":false,"template":"","format":"standard","meta":{"footnotes":""},"categories":[2816],"tags":[1111,11,327,70814,1777,674,1011,27,1272,12,2680,25,104,2312],"class_list":{"0":"post-605378","1":"post","2":"type-post","3":"status-publish","4":"format-standard","5":"has-post-thumbnail","7":"category-toulouse","8":"tag-actu","9":"tag-actualites","10":"tag-agriculture","11":"tag-dermatose-nodulaire","12":"tag-eu","13":"tag-europe","14":"tag-fr","15":"tag-france","16":"tag-manifestations","17":"tag-news","18":"tag-occitanie","19":"tag-republique-francaise","20":"tag-societe","21":"tag-toulouse"},"share_on_mastodon":{"url":"https:\/\/pubeurope.com\/@fr\/115735345275549585","error":""},"_links":{"self":[{"href":"https:\/\/www.europesays.com\/fr\/wp-json\/wp\/v2\/posts\/605378","targetHints":{"allow":["GET"]}}],"collection":[{"href":"https:\/\/www.europesays.com\/fr\/wp-json\/wp\/v2\/posts"}],"about":[{"href":"https:\/\/www.europesays.com\/fr\/wp-json\/wp\/v2\/types\/post"}],"author":[{"embeddable":true,"href":"https:\/\/www.europesays.com\/fr\/wp-json\/wp\/v2\/users\/2"}],"replies":[{"embeddable":true,"href":"https:\/\/www.europesays.com\/fr\/wp-json\/wp\/v2\/comments?post=605378"}],"version-history":[{"count":0,"href":"https:\/\/www.europesays.com\/fr\/wp-json\/wp\/v2\/posts\/605378\/revisions"}],"wp:featuredmedia":[{"embeddable":true,"href":"https:\/\/www.europesays.com\/fr\/wp-json\/wp\/v2\/media\/605379"}],"wp:attachment":[{"href":"https:\/\/www.europesays.com\/fr\/wp-json\/wp\/v2\/media?parent=605378"}],"wp:term":[{"taxonomy":"category","embeddable":true,"href":"https:\/\/www.europesays.com\/fr\/wp-json\/wp\/v2\/categories?post=605378"},{"taxonomy":"post_tag","embeddable":true,"href":"https:\/\/www.europesays.com\/fr\/wp-json\/wp\/v2\/tags?post=605378"}],"curies":[{"name":"wp","href":"https:\/\/api.w.org\/{rel}","templated":true}]}}