{"id":605384,"date":"2025-12-17T14:21:12","date_gmt":"2025-12-17T14:21:12","guid":{"rendered":"https:\/\/www.europesays.com\/fr\/605384\/"},"modified":"2025-12-17T14:21:12","modified_gmt":"2025-12-17T14:21:12","slug":"marseille-cette-ligne-de-metro-de-la-rtm-fermee-durgence-ce-quil-se-passe","status":"publish","type":"post","link":"https:\/\/www.europesays.com\/fr\/605384\/","title":{"rendered":"Marseille. Cette ligne de m\u00e9tro de la RTM ferm\u00e9e d&rsquo;urgence, ce qu&rsquo;il se passe"},"content":{"rendered":"<p>                    Par<br \/>\n        <strong><br \/>\n            <a href=\"https:\/\/actu.fr\/auteur\/thibault-nadal-actu-fr\" title=\"Consulter tous les articles de Thibault Nadal\" target=\"_blank\" rel=\"noopener\">Thibault Nadal<\/a><br \/>\n                    <\/strong><\/p>\n<p>        Publi\u00e9 le<\/p>\n<p>            17 d\u00e9c. 2025 \u00e0 12h43<br \/>\n        ; mis \u00e0 jour le 17 d\u00e9c. 2025 \u00e0 12h58    <\/p>\n<p>Mise \u00e0 jour le 17\u00a0d\u00e9cembre 2025 \u00e0 12h59\u2009: La RTM annonce une \u00ab\u2009fin de perturbation\u2009\u00bb et le \u00ab\u2009retour progressif du trafic \u00e0 la normale\u2009\u00bb.<\/p>\n<p class=\" wall-content\">Depuis 12h30 ce mercredi 17\u00a0d\u00e9cembre, le trafic est interrompu sur une partie de la ligne 1 du m\u00e9tro \u00e0 <a href=\"https:\/\/actu.fr\/marseille\/\" target=\"_blank\" rel=\"noopener\">Marseille<\/a>, indique la R\u00e9gie m\u00e9tropolitaine des transports sur <a href=\"https:\/\/www.rtm.fr\/infos-trafic\/8459081948454712822\" target=\"_blank\" rel=\"noopener\">son site<\/a>.<\/p>\n<p class=\" wall-content\">La <a href=\"https:\/\/actu.fr\/tag\/rtm\" target=\"_blank\" rel=\"noopener\">RTM<\/a> justifie cette fermeture par un \u00ab\u2009acte de malveillance\u2009\u00bb survenu \u00e0 la <strong>station Estrangin<\/strong> dans le 6e arrondissement.<\/p>\n<p>Trois arr\u00eats non desservis<\/p>\n<p class=\" wall-content\">En r\u00e9percussion de cet \u00ab\u2009acte de malveillance\u2009\u00bb, le trafic est donc interrompu sur une partie de <a href=\"https:\/\/actu.fr\/tag\/metro-de-marseille\" target=\"_blank\" rel=\"noopener\">la ligne 1 du m\u00e9tro<\/a> entre Saint-Charles et Castellane. Les stations suivantes ne sont pas desservies\u2009: <strong>Colbert, Vieux-Port et Estrangin<\/strong>.<\/p>\n<p class=\" wall-content\">\n<p class=\" wall-content\">Pour le moment, la RTM n\u2019a pas donn\u00e9 d\u2019heure de reprise totale du trafic. \u00ab\u2009La ligne sera r\u00e9tablie d\u00e8s que les conditions le permettront\u2009\u00bb, pr\u00e9cise-t-elle seulement.<\/p>\n<p class=\" wall-content\">Personnalisez votre actualit\u00e9 en ajoutant vos villes et m\u00e9dias en favori avec <a href=\"https:\/\/moncompte.actu.fr\" title=\"D\u00e9couvez Mon Actu\" rel=\"nofollow noopener\" data-trk=\"{&quot;cta&quot;:{&quot;action&quot;:&quot;https:\\\/\\\/moncompte.actu.fr&quot;,&quot;category&quot;:&quot;mon compte&quot;,&quot;from&quot;:&quot;article footer&quot;,&quot;name&quot;:&quot;Mon actu&quot;,&quot;type&quot;:&quot;cta&quot;}}\" target=\"_blank\">Mon Actu<\/a>.<\/p>\n","protected":false},"excerpt":{"rendered":"Par Thibault Nadal Publi\u00e9 le 17 d\u00e9c. 2025 \u00e0 12h43 ; mis \u00e0 jour le 17 d\u00e9c. 2025&hellip;\n","protected":false},"author":2,"featured_media":605385,"comment_status":"","ping_status":"","sticky":false,"template":"","format":"standard","meta":{"footnotes":""},"categories":[2814],"tags":[1111,11,1777,674,1011,27,884,39669,12,882,25,10783,104,2803],"class_list":{"0":"post-605384","1":"post","2":"type-post","3":"status-publish","4":"format-standard","5":"has-post-thumbnail","7":"category-marseille","8":"tag-actu","9":"tag-actualites","10":"tag-eu","11":"tag-europe","12":"tag-fr","13":"tag-france","14":"tag-marseille","15":"tag-metro-de-marseille","16":"tag-news","17":"tag-provence-alpes-cote-dazur","18":"tag-republique-francaise","19":"tag-rtm","20":"tag-societe","21":"tag-transport"},"share_on_mastodon":{"url":"https:\/\/pubeurope.com\/@fr\/115735356043520970","error":""},"_links":{"self":[{"href":"https:\/\/www.europesays.com\/fr\/wp-json\/wp\/v2\/posts\/605384","targetHints":{"allow":["GET"]}}],"collection":[{"href":"https:\/\/www.europesays.com\/fr\/wp-json\/wp\/v2\/posts"}],"about":[{"href":"https:\/\/www.europesays.com\/fr\/wp-json\/wp\/v2\/types\/post"}],"author":[{"embeddable":true,"href":"https:\/\/www.europesays.com\/fr\/wp-json\/wp\/v2\/users\/2"}],"replies":[{"embeddable":true,"href":"https:\/\/www.europesays.com\/fr\/wp-json\/wp\/v2\/comments?post=605384"}],"version-history":[{"count":0,"href":"https:\/\/www.europesays.com\/fr\/wp-json\/wp\/v2\/posts\/605384\/revisions"}],"wp:featuredmedia":[{"embeddable":true,"href":"https:\/\/www.europesays.com\/fr\/wp-json\/wp\/v2\/media\/605385"}],"wp:attachment":[{"href":"https:\/\/www.europesays.com\/fr\/wp-json\/wp\/v2\/media?parent=605384"}],"wp:term":[{"taxonomy":"category","embeddable":true,"href":"https:\/\/www.europesays.com\/fr\/wp-json\/wp\/v2\/categories?post=605384"},{"taxonomy":"post_tag","embeddable":true,"href":"https:\/\/www.europesays.com\/fr\/wp-json\/wp\/v2\/tags?post=605384"}],"curies":[{"name":"wp","href":"https:\/\/api.w.org\/{rel}","templated":true}]}}