{"id":605388,"date":"2025-12-17T14:23:17","date_gmt":"2025-12-17T14:23:17","guid":{"rendered":"https:\/\/www.europesays.com\/fr\/605388\/"},"modified":"2025-12-17T14:23:17","modified_gmt":"2025-12-17T14:23:17","slug":"salle-descalade-cafe-bureaux-cette-eglise-bientot-transformee-a-lyon","status":"publish","type":"post","link":"https:\/\/www.europesays.com\/fr\/605388\/","title":{"rendered":"Salle d&rsquo;escalade, caf\u00e9, bureaux\u00a0: cette \u00e9glise bient\u00f4t transform\u00e9e \u00e0 Lyon"},"content":{"rendered":"<p>Ferm\u00e9e depuis pr\u00e8s de vingt ans, l&rsquo;\u00e9glise Saint-Bernard, dans le 7e arrondissement de Lyon, s&rsquo;appr\u00eate \u00e0 entamer une nouvelle vie. La Ville de Lyon a valid\u00e9 un projet de r\u00e9habilitation m\u00ealant activit\u00e9s sportives, restauration et espaces de travail, tout en pr\u00e9servant le patrimoine du site.<\/p>\n<p>D\u00e9sacralis\u00e9e et ferm\u00e9e pour des raisons de s\u00e9curit\u00e9 au d\u00e9but des ann\u00e9es 2000, l&rsquo;\u00e9glise Saint-Bernard n&rsquo;a plus accueilli de fid\u00e8les depuis longtemps.<\/p>\n<p>Apr\u00e8s un premier projet rest\u00e9 en suspens, la municipalit\u00e9 lyonnaise a act\u00e9 une nouvelle \u00e9tape.<\/p>\n<p>Un bail emphyt\u00e9otique de 50 ans sera sign\u00e9 en janvier 2026 avec <b>la soci\u00e9t\u00e9 Carr\u00e9 d&rsquo;Or<\/b>, \u00e0 l&rsquo;issue d&rsquo;un vote en conseil municipal.<\/p>\n<p>Une salle d&rsquo;escalade, un caf\u00e9 et des bureaux<\/p>\n<p>Port\u00e9e par Colbert, filiale de Carr\u00e9 d&rsquo;Or, <b>la r\u00e9habilitation concerne une surface de 1.800 m\u00b2<\/b>.<\/p>\n<p>L&rsquo;objectif : transformer l&rsquo;\u00e9difice en un lieu multifonction, combinant <b>une salle d&rsquo;escalade<\/b>, un espace de caf\u00e9-restauration, ainsi que des bureaux et un espace de co-working. Le montant de l&rsquo;investissement est estim\u00e9 \u00e0 pr\u00e8s de <b>4,85 millions d&rsquo;euros<\/b>.<\/p>\n<p>La Ville percevra une redevance annuelle de 31.000 euros. Les \u00e9tudes pr\u00e9paratoires d\u00e9buteront d\u00e8s janvier 2026, avant un d\u00e9p\u00f4t du permis de construire programm\u00e9 pour juin.<\/p>\n<p>Une ouverture est esp\u00e9r\u00e9e d&rsquo;ici 2029.<\/p>\n<tr>\n<td class=\"defaut\"><a href=\"https:\/\/www.radioscoop.com\/infos\/javascript:void(0)\" onclick=\"parent.RS.diaporama.addMedia(719634) ;\" target=\"_blank\" rel=\"noopener\"><img loading=\"lazy\" decoding=\"async\" src=\"https:\/\/www.europesays.com\/fr\/wp-content\/uploads\/2025\/12\/1765981395_783_img\" width=\"640\" height=\"480\" border=\"0\" title=\"L'interieur de l'\u00e9glise Saint-Bernard \u00a9 Radio SCOOP\"\/><\/a><\/td>\n<\/tr>\n<tr\/>\n<p>Le patrimoine de l&rsquo;\u00e9glise sera pr\u00e9serv\u00e9<\/p>\n<p>Construit au milieu du XIXe si\u00e8cle par l&rsquo;architecte lyonnais <b>Tony Desjardins<\/b>, l&rsquo;\u00e9difice de style n\u00e9o-gothique conserve des \u00e9l\u00e9ments patrimoniaux majeurs.<\/p>\n<p>Plusieurs biens devront \u00eatre maintenus et prot\u00e9g\u00e9s tout au long du bail, notamment les statues de Saint-Bernard et de Saint-S\u00e9bastien, le monument aux morts de 1914-1918, la cloche en bronze et diff\u00e9rentes plaques comm\u00e9moratives.<\/p>\n<p><img loading=\"lazy\" decoding=\"async\" src=\"https:\/\/www.europesays.com\/fr\/wp-content\/uploads\/2025\/12\/1765981397_417_img\" width=\"350\" height=\"200\" border=\"0\" title=\"Quatre des douze sites d'Auvergne-Rh\u00c3\u00b4ne-Alpes retenus pour le Loto du patrimoine 2025.\"\/><\/p>\n<p>\u25baCulture<\/p>\n<p style=\"font-size: 22px;\"><b>Loto du Patrimoine 2025 : on connait les dotations pour les sites en Auvergne-Rh\u00f4ne-Alpes<\/b><\/p>\n<p>La Fondation du Patrimoine vient de d\u00e9voiler les&#8230;<\/p>\n<p><\/p>\n","protected":false},"excerpt":{"rendered":"Ferm\u00e9e depuis pr\u00e8s de vingt ans, l&rsquo;\u00e9glise Saint-Bernard, dans le 7e arrondissement de Lyon, s&rsquo;appr\u00eate \u00e0 entamer une&hellip;\n","protected":false},"author":2,"featured_media":605389,"comment_status":"","ping_status":"","sticky":false,"template":"","format":"standard","meta":{"footnotes":""},"categories":[1889],"tags":[71714,1111,11,2430,7655,20504,71716,1777,674,1011,27,2428,12,25,71715],"class_list":{"0":"post-605388","1":"post","2":"type-post","3":"status-publish","4":"format-standard","5":"has-post-thumbnail","7":"category-lyon","8":"tag-glise-saint-bernard","9":"tag-actu","10":"tag-actualites","11":"tag-auvergne-rhone-alpes","12":"tag-bureaux","13":"tag-caf","14":"tag-co-working","15":"tag-eu","16":"tag-europe","17":"tag-fr","18":"tag-france","19":"tag-lyon","20":"tag-news","21":"tag-republique-francaise","22":"tag-salle-descalade"},"share_on_mastodon":{"url":"https:\/\/pubeurope.com\/@fr\/115735364200482502","error":""},"_links":{"self":[{"href":"https:\/\/www.europesays.com\/fr\/wp-json\/wp\/v2\/posts\/605388","targetHints":{"allow":["GET"]}}],"collection":[{"href":"https:\/\/www.europesays.com\/fr\/wp-json\/wp\/v2\/posts"}],"about":[{"href":"https:\/\/www.europesays.com\/fr\/wp-json\/wp\/v2\/types\/post"}],"author":[{"embeddable":true,"href":"https:\/\/www.europesays.com\/fr\/wp-json\/wp\/v2\/users\/2"}],"replies":[{"embeddable":true,"href":"https:\/\/www.europesays.com\/fr\/wp-json\/wp\/v2\/comments?post=605388"}],"version-history":[{"count":0,"href":"https:\/\/www.europesays.com\/fr\/wp-json\/wp\/v2\/posts\/605388\/revisions"}],"wp:featuredmedia":[{"embeddable":true,"href":"https:\/\/www.europesays.com\/fr\/wp-json\/wp\/v2\/media\/605389"}],"wp:attachment":[{"href":"https:\/\/www.europesays.com\/fr\/wp-json\/wp\/v2\/media?parent=605388"}],"wp:term":[{"taxonomy":"category","embeddable":true,"href":"https:\/\/www.europesays.com\/fr\/wp-json\/wp\/v2\/categories?post=605388"},{"taxonomy":"post_tag","embeddable":true,"href":"https:\/\/www.europesays.com\/fr\/wp-json\/wp\/v2\/tags?post=605388"}],"curies":[{"name":"wp","href":"https:\/\/api.w.org\/{rel}","templated":true}]}}