{"id":60540,"date":"2025-04-29T00:34:11","date_gmt":"2025-04-29T00:34:11","guid":{"rendered":"https:\/\/www.europesays.com\/fr\/60540\/"},"modified":"2025-04-29T00:34:11","modified_gmt":"2025-04-29T00:34:11","slug":"trois-personnes-hospitalisees-apres-une-fuite-de-gaz-dans-une-chambre-dune-maternite-de-nice","status":"publish","type":"post","link":"https:\/\/www.europesays.com\/fr\/60540\/","title":{"rendered":"Trois personnes hospitalis\u00e9es apr\u00e8s une fuite de gaz dans une chambre d\u2019une maternit\u00e9 de Nice"},"content":{"rendered":"<p>Un dispositif de secours et de s\u00e9curit\u00e9 a \u00e9t\u00e9 d\u00e9ploy\u00e9 \u00e0 la maternit\u00e9 Santa Maria de la fondation Lenval, \u00e0 <a href=\"https:\/\/antibes.maville.com\/actu\/actudet_-un-automobiliste-condamne-pour-avoir-tue-un-etudiant-qui-circulait-en-trottinette-a-nice-_9580-6784122_actu.Htm\" target=\"_blank\" rel=\"noopener\">Nice<\/a> (Alpes-Maritimes), dans la nuit du samedi\u00a026 au dimanche 27\u00a0avril 2025. Les sapeurs-pompiers avaient \u00e9t\u00e9 alert\u00e9s de la d\u00e9tection d\u2019une \u00ab\u00a0odeur suspecte\u00a0\u00bb dans une chambre, rapporte <a href=\"https:\/\/www.nicematin.com\/faits-divers\/-odeur-suspecte-a-la-maternite-santa-maria-a-lenval-dans-la-nuit-les-pompiers-interviennent-983584\" target=\"_blank\" rel=\"noopener\"> Nice-Matin <\/a>.<\/p>\n<p>Une fuite de fr\u00e9on suspect\u00e9e<\/p>\n<p>Les secours ont estim\u00e9 que l\u2019\u00e9manation provenait d\u2019un r\u00e9frig\u00e9rateur. Une \u00e9quipe sp\u00e9cialis\u00e9e dans les risques chimiques a alors \u00e9t\u00e9 d\u00e9p\u00each\u00e9e pour sortir l\u2019appareil de la pi\u00e8ce. Des analyses ont ensuite \u00e9t\u00e9 effectu\u00e9es. Trois personnes ont \u00e9t\u00e9 prises en charge m\u00e9dicalement \u00e0 l\u2019h\u00f4pital.<\/p>\n<p>Une source cit\u00e9e par le quotidien r\u00e9gional avance l\u2019hypoth\u00e8se d\u2019une fuite de fr\u00e9on intervenue dans le r\u00e9frig\u00e9rateur. Il s\u2019agit d\u2019un gaz inoffensif \u00e0 petite dose mais susceptible d\u2019\u00eatre dangereux s\u2019il s\u2019\u00e9chappe en grandes quantit\u00e9s o\u00f9 s\u2019il est respir\u00e9 pendant une dur\u00e9e prolong\u00e9e.<\/p>\n<p>Pour en savoir plus\u00a0: lire l\u2019article de  <a href=\"https:\/\/www.nicematin.com\/faits-divers\/-odeur-suspecte-a-la-maternite-santa-maria-a-lenval-dans-la-nuit-les-pompiers-interviennent-983584\" target=\"_blank\" rel=\"noopener\">Nice-Matin.<\/a> <\/p>\n<p>\u00a0<\/p>\n","protected":false},"excerpt":{"rendered":"Un dispositif de secours et de s\u00e9curit\u00e9 a \u00e9t\u00e9 d\u00e9ploy\u00e9 \u00e0 la maternit\u00e9 Santa Maria de la fondation&hellip;\n","protected":false},"author":2,"featured_media":60541,"comment_status":"","ping_status":"","sticky":false,"template":"","format":"standard","meta":{"footnotes":""},"categories":[2819],"tags":[1111,11,15760,1777,674,1011,27,7066,843,15759,15761,12,2401,3744,882,25,12326],"class_list":{"0":"post-60540","1":"post","2":"type-post","3":"status-publish","4":"format-standard","5":"has-post-thumbnail","7":"category-nice","8":"tag-actu","9":"tag-actualites","10":"tag-chambre","11":"tag-eu","12":"tag-europe","13":"tag-fr","14":"tag-france","15":"tag-fuite","16":"tag-gaz","17":"tag-hospitalisees","18":"tag-maternite","19":"tag-news","20":"tag-nice","21":"tag-personnes","22":"tag-provence-alpes-cote-dazur","23":"tag-republique-francaise","24":"tag-seyne"},"share_on_mastodon":{"url":"https:\/\/pubeurope.com\/@fr\/114418448035001552","error":""},"_links":{"self":[{"href":"https:\/\/www.europesays.com\/fr\/wp-json\/wp\/v2\/posts\/60540","targetHints":{"allow":["GET"]}}],"collection":[{"href":"https:\/\/www.europesays.com\/fr\/wp-json\/wp\/v2\/posts"}],"about":[{"href":"https:\/\/www.europesays.com\/fr\/wp-json\/wp\/v2\/types\/post"}],"author":[{"embeddable":true,"href":"https:\/\/www.europesays.com\/fr\/wp-json\/wp\/v2\/users\/2"}],"replies":[{"embeddable":true,"href":"https:\/\/www.europesays.com\/fr\/wp-json\/wp\/v2\/comments?post=60540"}],"version-history":[{"count":0,"href":"https:\/\/www.europesays.com\/fr\/wp-json\/wp\/v2\/posts\/60540\/revisions"}],"wp:featuredmedia":[{"embeddable":true,"href":"https:\/\/www.europesays.com\/fr\/wp-json\/wp\/v2\/media\/60541"}],"wp:attachment":[{"href":"https:\/\/www.europesays.com\/fr\/wp-json\/wp\/v2\/media?parent=60540"}],"wp:term":[{"taxonomy":"category","embeddable":true,"href":"https:\/\/www.europesays.com\/fr\/wp-json\/wp\/v2\/categories?post=60540"},{"taxonomy":"post_tag","embeddable":true,"href":"https:\/\/www.europesays.com\/fr\/wp-json\/wp\/v2\/tags?post=60540"}],"curies":[{"name":"wp","href":"https:\/\/api.w.org\/{rel}","templated":true}]}}