{"id":605408,"date":"2025-12-17T14:35:16","date_gmt":"2025-12-17T14:35:16","guid":{"rendered":"https:\/\/www.europesays.com\/fr\/605408\/"},"modified":"2025-12-17T14:35:16","modified_gmt":"2025-12-17T14:35:16","slug":"cinq-ans-apres-le-brexit-le-royaume-uni-se-prepare-a-reintegrer-le-programme-erasmus","status":"publish","type":"post","link":"https:\/\/www.europesays.com\/fr\/605408\/","title":{"rendered":"cinq ans apr\u00e8s le Brexit, le Royaume-Uni se pr\u00e9pare \u00e0 r\u00e9int\u00e9grer le programme Erasmus"},"content":{"rendered":"<p>Les Britanniques renouent avec le programme europ\u00e9en d\u2019\u00e9changes universitaires Erasmus, qu\u2019ils avaient quitt\u00e9\u00a0en d\u00e9cembre\u00a02020, <a target=\"_self\" href=\"https:\/\/www.lanouvellerepublique.fr\/a-la-une\/serie-nr-comment-loin-de-londres-le-royaume-uni-vit-il-cinq-ans-apres-le-brexit-1738084997\" rel=\"noopener\">au moment de la sortie de leur pays de l\u2019Union europ\u00e9enne (UE)<\/a>. \u00ab\u00a0L\u2019adh\u00e9sion \u00e0 Erasmus +\u00a0est une victoire majeure pour nos jeunes, en levant les obstacles et en \u00e9largissant les horizons afin que chacun, quelle que soit son origine, ait la possibilit\u00e9 d\u2019\u00e9tudier et de se former \u00e0 l\u2019\u00e9tranger\u00a0\u00bb, a salu\u00e9 le ministre britannique des relations avec l\u2019Union europ\u00e9enne, Nick Thomas-Symonds, dans un communiqu\u00e9 publi\u00e9 mercredi 17\u00a0d\u00e9cembre 2025.<\/p>\n<p>Ce retour \u00ab\u00a0ouvre la voie \u00e0 de nouvelles exp\u00e9riences partag\u00e9es et \u00e0 des amiti\u00e9s durables\u00a0\u00bb \u00e0 tous les \u00e9tudiants qui pourront b\u00e9n\u00e9ficier de cette extension du programme, a soulign\u00e9 sur le r\u00e9seau social X la pr\u00e9sidente de l\u2019ex\u00e9cutif europ\u00e9en Ursula von\u00a0der\u00a0Leyen, tandis que le commissaire au Commerce, Maros Sefcovic, a salu\u00e9 \u00ab\u00a0un grand pas en avant\u00a0\u00bb pour les relations entre l\u2019UE et le Royaume-Uni.<\/p>\n<p>Plus de 100.000 Britanniques pourraient en b\u00e9n\u00e9ficier<\/p>\n<p>L\u2019accord entre Londres et Bruxelles, qui doit encore \u00eatre approuv\u00e9 par les 27 \u00c9tats membres, s\u2019inscrit dans le cadre de la relance des relations avec l\u2019UE entreprise par le premier ministre travailliste Keir Starmer depuis son arriv\u00e9e au pouvoir en juillet\u00a02024, apr\u00e8s des ann\u00e9es de tensions entre les Vingt-Sept et les pr\u00e9c\u00e9dents gouvernements conservateurs li\u00e9s au Brexit.<\/p>\n<p>Erasmus permet aux \u00e9tudiants d\u2019\u00e9tudier \u00e0 l\u2019\u00e9tranger dans des universit\u00e9s et \u00e9tablissements d\u2019enseignement sup\u00e9rieur partenaires, en offrant des bourses destin\u00e9es \u00e0 couvrir leurs frais.\u00a0Les \u00e9tudiants participants paient g\u00e9n\u00e9ralement leurs frais d\u2019inscription \u00e0 leur \u00e9tablissement d\u2019origine, les co\u00fbts suppl\u00e9mentaires \u00e9tant pris en charge par l\u2019Union europ\u00e9enne, via des fonds publics. Depuis le Brexit, les jeunes Europ\u00e9ens \u00e9tudiant au Royaume-Uni doivent s\u2019acquitter comme les autres \u00e9tudiants internationaux de frais universitaires \u00e9lev\u00e9s, souvent trois fois sup\u00e9rieurs \u00e0 ceux pay\u00e9s par les \u00e9tudiants britanniques.<\/p>\n<p>Selon le gouvernement britannique, plus de 100.000 personnes au Royaume-Uni pourraient b\u00e9n\u00e9ficier du programme d\u00e8s la premi\u00e8re ann\u00e9e.\u00a0Londres a pr\u00e9cis\u00e9 que le programme serait ouvert aux \u00e9tudiants et apprentis, insistant sur l\u2019importance de voir participer un public large, y compris les \u00ab\u00a0groupes d\u00e9favoris\u00e9s\u00a0\u00bb. \u00ab\u00a0Les opportunit\u00e9s offertes par Erasmus +\u00a0comprennent notamment des stages dans des entreprises europ\u00e9ennes de premier plan pour les \u00e9tudiants de l\u2019enseignement sup\u00e9rieur et les apprentis\u00a0\u00bb, explique le gouvernement.<\/p>\n<p>Le Royaume-Uni, destination pr\u00e9f\u00e9r\u00e9e des Fran\u00e7ais<\/p>\n<p>La contribution du Royaume-Uni \u00e0 ce programme pour l\u2019ann\u00e9e 2027-2028 s\u2019\u00e9l\u00e8vera \u00e0 environ 570\u00a0millions de livres (648\u00a0millions d\u2019euros). \u00ab\u00a0Toute participation \u00e0 Erasmus +\u00a0dans le prochain cadre financier pluriannuel devra faire l\u2019objet d\u2019un accord futur et reposer sur une contribution \u00e9quitable et \u00e9quilibr\u00e9e\u00a0\u00bb, pr\u00e9vient le gouvernement britannique.<\/p>\n<p>Depuis sa cr\u00e9ation en 1987, neuf millions de personnes ont b\u00e9n\u00e9fici\u00e9 d\u2019Erasmus, qui a \u00e9galement contribu\u00e9 \u00e0 former une g\u00e9n\u00e9ration de Britanniques pro-europ\u00e9ens.\u00a0Les jeunes Fran\u00e7ais avaient fait du Royaume-Uni leur destination favorite entre\u00a02014 et\u00a02019, selon les chiffres de l\u2019agence Erasmus +\u00a0France, qui g\u00e8re le programme dans l\u2019Hexagone.<\/p>\n","protected":false},"excerpt":{"rendered":"Les Britanniques renouent avec le programme europ\u00e9en d\u2019\u00e9changes universitaires Erasmus, qu\u2019ils avaient quitt\u00e9\u00a0en d\u00e9cembre\u00a02020, au moment de la&hellip;\n","protected":false},"author":2,"featured_media":605409,"comment_status":"","ping_status":"","sticky":false,"template":"","format":"standard","meta":{"footnotes":""},"categories":[1588],"tags":[328,11,1057,6379,1777,674,27,329,12,473,1853,1851,364,1850,1852],"class_list":{"0":"post-605408","1":"post","2":"type-post","3":"status-publish","4":"format-standard","5":"has-post-thumbnail","7":"category-royaume-uni","8":"tag-a-la-une","9":"tag-actualites","10":"tag-education","11":"tag-etudiants","12":"tag-eu","13":"tag-europe","14":"tag-france","15":"tag-france-monde","16":"tag-news","17":"tag-royaume-uni","18":"tag-royaume-uni-de-grande-bretagne-et-dirlande-du-nord","19":"tag-uk","20":"tag-union-europeenne","21":"tag-united-kingdom","22":"tag-united-kingdom-of-great-britain-and-northern-ireland"},"share_on_mastodon":{"url":"https:\/\/pubeurope.com\/@fr\/115735411071080406","error":""},"_links":{"self":[{"href":"https:\/\/www.europesays.com\/fr\/wp-json\/wp\/v2\/posts\/605408","targetHints":{"allow":["GET"]}}],"collection":[{"href":"https:\/\/www.europesays.com\/fr\/wp-json\/wp\/v2\/posts"}],"about":[{"href":"https:\/\/www.europesays.com\/fr\/wp-json\/wp\/v2\/types\/post"}],"author":[{"embeddable":true,"href":"https:\/\/www.europesays.com\/fr\/wp-json\/wp\/v2\/users\/2"}],"replies":[{"embeddable":true,"href":"https:\/\/www.europesays.com\/fr\/wp-json\/wp\/v2\/comments?post=605408"}],"version-history":[{"count":0,"href":"https:\/\/www.europesays.com\/fr\/wp-json\/wp\/v2\/posts\/605408\/revisions"}],"wp:featuredmedia":[{"embeddable":true,"href":"https:\/\/www.europesays.com\/fr\/wp-json\/wp\/v2\/media\/605409"}],"wp:attachment":[{"href":"https:\/\/www.europesays.com\/fr\/wp-json\/wp\/v2\/media?parent=605408"}],"wp:term":[{"taxonomy":"category","embeddable":true,"href":"https:\/\/www.europesays.com\/fr\/wp-json\/wp\/v2\/categories?post=605408"},{"taxonomy":"post_tag","embeddable":true,"href":"https:\/\/www.europesays.com\/fr\/wp-json\/wp\/v2\/tags?post=605408"}],"curies":[{"name":"wp","href":"https:\/\/api.w.org\/{rel}","templated":true}]}}