{"id":605414,"date":"2025-12-17T14:38:14","date_gmt":"2025-12-17T14:38:14","guid":{"rendered":"https:\/\/www.europesays.com\/fr\/605414\/"},"modified":"2025-12-17T14:38:14","modified_gmt":"2025-12-17T14:38:14","slug":"jai-eu-honte-un-grand-pere-condamne-pour-avoir-agresse-sexuellement-quatre-de-ses-petits-enfants","status":"publish","type":"post","link":"https:\/\/www.europesays.com\/fr\/605414\/","title":{"rendered":"\u00a0\u00bb J\u2019ai eu honte \u00a0\u00bb\u00a0: un grand-p\u00e8re condamn\u00e9 pour avoir agress\u00e9 sexuellement quatre de ses petits-enfants"},"content":{"rendered":"<p>\n                                                                    l&rsquo;essentiel<br \/>\n                                                                Un retrait\u00e9 a \u00e9t\u00e9 condamn\u00e9 ce mardi 16\u00a0d\u00e9cembre \u00e0 de la prison ferme pour avoir attouch\u00e9 ses petits-enfants pendant presque dix ans.\n                            <\/p>\n<p>Certains en font encore des cauchemars. De 2012 \u00e0 2023, un pompier retrait\u00e9 est accus\u00e9 d\u2019avoir agress\u00e9 sexuellement quatre petits-enfants. Les faits se sont d\u00e9roul\u00e9s \u00e0 Julos, dans la maison des grands-parents, notamment pendant les vacances scolaires. Des mains sur les fesses, des caresses sur les sexes, les sous-v\u00eatements baiss\u00e9s. En 2012, l\u2019une des petites-filles donne l\u2019alerte pendant un repas de famille, avec ses mots d\u2019une enfant de 4 ans. L\u2019annonce fait l\u2019effet d\u2019une onde de choc autour de la table. Les parents d\u00e9cident de limiter les visites puis d\u00e9posent plainte contre R.R., le grand-p\u00e8re. La famille se divise. \u00a0\u00bb Je ne sais pas expliquer, tous les gestes que j\u2019ai faits je les ai tr\u00e8s mal v\u00e9cus. Ce sont des pulsions, j\u2019ai eu honte apr\u00e8s \u00ab\u00a0, avoue l\u2019homme\u00a0\u00e0 la barre, ce mardi 17\u00a0octobre. Plac\u00e9 sous contr\u00f4le judiciaire, il avait interdiction de para\u00eetre dans le d\u00e9partement et s\u2019est install\u00e9, depuis, en Charente-Maritime.<\/p>\n<p>La pr\u00e9sidente du tribunal de Tarbes reprend les faits\u00a0: \u00a0\u00bb L\u2019une de vos petites-filles rapporte qu\u2019un jour, vous lui avez demand\u00e9 de vous attendre au garage, en bas. Vous lui avez baiss\u00e9 la culotte et l\u00e9ch\u00e9 le sexe. Un autre jour, dans la chambre, vous l\u2019avez oblig\u00e9 \u00e0 se d\u00e9shabiller. Elle se cachait derri\u00e8re une armoire, g\u00ean\u00e9e\u00a0\u00bb. Un autre enfant raconte dans son t\u00e9moignage qu\u2019il \u00e9tait assis sur les genoux de son grand-p\u00e8re et que celui-ci en profitait pour glisser ses doigts sous son pantalon. Examin\u00e9s par des psychologues, les enfants, certains aujourd\u2019hui adolescents, assurent faire encore des cauchemars.<\/p>\n<p>4\u00a0100 fichiers p\u00e9dopornographiques retrouv\u00e9s<\/p>\n<p>En 2016, lors de la perquisition de R.R., les gendarmes vont faire une nouvelle d\u00e9couverte \u00e0 son domicile\u00a0: 4\u00a0100 fichiers p\u00e9dopornographiques sur son ordinateur dont des images de zoophilie avec des enfants et\u00a0de poup\u00e9es p\u00e9dopornographiques. L\u00e0 non plus, le grand-p\u00e8re ne trouve pas d\u2019autres explications\u00a0: \u00a0\u00bb Ce n\u2019est pas pour autant que j\u2019ai une attirance pour les enfants, je ne sais pas pourquoi j\u2019ai fait \u00e7a mais je demande un suivi psychologique \u00ab\u00a0. La pr\u00e9sidente insiste\u00a0: \u00a0\u00bb Mais vous avez recherch\u00e9 sur Google Petite fille nue, fille naturiste, Lolita. C\u2019est bien vous qui \u00e9crivez \u00e7a\u00a0? Parce que l\u2019informatique fait des miracles, mais quand m\u00eame \u00ab\u00a0. \u00a0\u00bb Je n\u2019ai pas d\u2019attirance pour un jardin d\u2019enfants ni pour une sortie d\u2019\u00e9cole maternelle. D\u2019ailleurs, j\u2019\u00e9vite les plages naturistes\u00a0\u00bb, pense-t-il la convaincre. Puis, de finir par reconna\u00eetre\u00a0: \u00a0\u00bb Je vais \u00eatre cru mais c\u2019\u00e9tait le plaisir de caresser une peau douce \u00ab\u00a0.<\/p>\n<p>\u00a0\u00bb Au d\u00e9part, personne ne parle car papy a aussi de chouettes c\u00f4t\u00e9s. Il est sympathique, serviable, s\u00e9rieux et aimant \u00ab\u00a0, pointe du doigt l\u2019avocate des petits-enfants. Ma\u00eetre Maleine Picotin-Gueye, pour le mis en cause, \u00e9voque aussi les deux facettes du grand-p\u00e8re\u00a0: \u00a0\u00bb Pour ses petits-enfants, il est le grand-p\u00e8re sympa mais aussi celui, dangereux, qui ne peut pas r\u00e9sister \u00e0 ses pulsions \u00ab\u00a0. Elle reprend, avant de demander la relaxe\u00a0: \u00a0\u00bb Il n\u2019a pas consult\u00e9 de psy car \u00e0 cette \u00e9poque, aller voir un psy c\u2019est aller chez les fous. Il sait que ce qu\u2019il a fait est impardonnable, il a pris conscience de la gravit\u00e9 des faits \u00ab\u00a0.<\/p>\n<p>Le procureur comprend \u00a0\u00bb la d\u00e9tresse d\u2019un homme qui d\u00e9couvre ses pulsions p\u00e9dophiles \u00ab\u00a0. Mais condamne la r\u00e9it\u00e9ration des faits\u00a0: \u00a0\u00bb Pourquoi n\u2019a-t-il pas fait en sorte d\u2019\u00e9viter de recommencer\u00a0? \u00a0\u00bb Il r\u00e9clame quatre ans de prison assortis d\u2019un sursis probatoire pendant trois ans. Apr\u00e8s d\u00e9lib\u00e9ration, la cour a quasiment suivi ses r\u00e9quisitions en condamnant le grand-p\u00e8re \u00e0 quatre\u00a0ans de prison assortis d\u2019un sursis probatoire pendant deux ans avec obligation de soin et interdiction de rentrer en contact avec les mineurs.<\/p>\n","protected":false},"excerpt":{"rendered":"l&rsquo;essentiel Un retrait\u00e9 a \u00e9t\u00e9 condamn\u00e9 ce mardi 16\u00a0d\u00e9cembre \u00e0 de la prison ferme pour avoir attouch\u00e9 ses&hellip;\n","protected":false},"author":2,"featured_media":605415,"comment_status":"","ping_status":"","sticky":false,"template":"","format":"standard","meta":{"footnotes":""},"categories":[1586],"tags":[11,1777,674,1779,1011,27,329,4973,71717,303,12,25,1778,364],"class_list":{"0":"post-605414","1":"post","2":"type-post","3":"status-publish","4":"format-standard","5":"has-post-thumbnail","7":"category-europe","8":"tag-actualites","9":"tag-eu","10":"tag-europe","11":"tag-european-union","12":"tag-fr","13":"tag-france","14":"tag-france-monde","15":"tag-hautes-pyrenees","16":"tag-julos","17":"tag-justice","18":"tag-news","19":"tag-republique-francaise","20":"tag-ue","21":"tag-union-europeenne"},"share_on_mastodon":{"url":"https:\/\/pubeurope.com\/@fr\/115735423037360628","error":""},"_links":{"self":[{"href":"https:\/\/www.europesays.com\/fr\/wp-json\/wp\/v2\/posts\/605414","targetHints":{"allow":["GET"]}}],"collection":[{"href":"https:\/\/www.europesays.com\/fr\/wp-json\/wp\/v2\/posts"}],"about":[{"href":"https:\/\/www.europesays.com\/fr\/wp-json\/wp\/v2\/types\/post"}],"author":[{"embeddable":true,"href":"https:\/\/www.europesays.com\/fr\/wp-json\/wp\/v2\/users\/2"}],"replies":[{"embeddable":true,"href":"https:\/\/www.europesays.com\/fr\/wp-json\/wp\/v2\/comments?post=605414"}],"version-history":[{"count":0,"href":"https:\/\/www.europesays.com\/fr\/wp-json\/wp\/v2\/posts\/605414\/revisions"}],"wp:featuredmedia":[{"embeddable":true,"href":"https:\/\/www.europesays.com\/fr\/wp-json\/wp\/v2\/media\/605415"}],"wp:attachment":[{"href":"https:\/\/www.europesays.com\/fr\/wp-json\/wp\/v2\/media?parent=605414"}],"wp:term":[{"taxonomy":"category","embeddable":true,"href":"https:\/\/www.europesays.com\/fr\/wp-json\/wp\/v2\/categories?post=605414"},{"taxonomy":"post_tag","embeddable":true,"href":"https:\/\/www.europesays.com\/fr\/wp-json\/wp\/v2\/tags?post=605414"}],"curies":[{"name":"wp","href":"https:\/\/api.w.org\/{rel}","templated":true}]}}