{"id":605418,"date":"2025-12-17T14:40:17","date_gmt":"2025-12-17T14:40:17","guid":{"rendered":"https:\/\/www.europesays.com\/fr\/605418\/"},"modified":"2025-12-17T14:40:17","modified_gmt":"2025-12-17T14:40:17","slug":"le-psg-plus-grand-club-de-lhistoire-un-ancien-de-lom-y-croit","status":"publish","type":"post","link":"https:\/\/www.europesays.com\/fr\/605418\/","title":{"rendered":"Le PSG plus grand club de l&rsquo;histoire, un ancien de l&rsquo;OM y croit"},"content":{"rendered":"<p><b>Ce mercredi \u00e0 partir de 18h, le Paris Saint-Germain affronte<br \/>\nFlamengo en finale de la Coupe intercontinentale. Le club de la capitale a<br \/>\nl\u2019occasion d\u2019ajouter un nouveau troph\u00e9e dans son armoire en cette fin d\u2019ann\u00e9e<br \/>\n2025. Et ce n&rsquo;est pas rien.<\/b><\/p>\n<p>Apr\u00e8s avoir dispos\u00e9 du Pyramids FC, la formation br\u00e9silienne<br \/>\nde Flamengo affronte le <a href=\"https:\/\/www.foot01.com\/paris\" target=\"_self\" rel=\"noopener\">Paris Saint-Germain<\/a> ce mercredi \u00e0 partir de 18h du c\u00f4t\u00e9<br \/>\nde Doha au Qatar. Une rencontre dont le vainqueur d\u00e9crochera la Coupe intercontinentale. Le<br \/>\nvainqueur de la Ligue des champions affronte donc celui de la Copa<br \/>\nLibertadores. Pour sa deuxi\u00e8me \u00e9dition sous cette forme moderne, la Coupe<br \/>\nintercontinentale re\u00e7oit un accueil mitig\u00e9, car elle intervient dans un calendrier charg\u00e9. Mais, J\u00e9r\u00f4me Alonzo, ancien portier de l&rsquo;<a href=\"https:\/\/www.foot01.com\/marseille\" title=\"OM\" target=\"_blank\" rel=\"noopener\">OM<\/a>, du PSG et de l&rsquo;ASSE, rappelle toute l&rsquo;importance de cette comp\u00e9tition dans l&rsquo;histoire du football, quoi qu&rsquo;en disent certains.Paris, pour ajouter un troph\u00e9e dans l\u2019armoire<\/p>\n<p>Sur le plateau de L&rsquo;\u00c9quipe de Greg, J\u00e9r\u00f4me Alonzo est quant<br \/>\n\u00e0 lui content que Luis Enrique prenne au s\u00e9rieux cette finale. Pour<br \/>\nl\u2019ancien gardien du PSG, le club de la capitale peut \u00e9crire une belle page de<br \/>\nson histoire. \u00ab Pour moi, \u00e7a a plus de valeur cette Coupe intercontinentale que la Coupe du Monde des Clubs. Le PSG le prend s\u00e9rieusement, c\u2019est bien, je suis content. Je pense que la motivation de Luis Enrique est r\u00e9elle, celle des joueurs aussi. On veut tous marquer l\u2019histoire \u00e0 notre \u00e9chelle, parfois modestement l\u2019histoire d\u2019un club, mais l\u00e0. Le PSG peut devenir une dynastie qui sera l&rsquo;une des plus belles de l&rsquo;Histoire de ce jeu en Europe\u00a0\u00bb,\u00a0explique-t-il.<\/p>\n<p>Une finale qui intervient dans un timing serr\u00e9<br \/>\npour Paris. Le 20 d\u00e9cembre, la formation de Luis Enrique retroivera l\u2019hexagone pour un match de Coupe de France face \u00e0 Vend\u00e9e Fontenay, club de<br \/>\nNational 3. Par la suite, comme les autres clubs de <a href=\"https:\/\/www.foot01.com\/ligue1\" title=\"Ligue 1\" target=\"_blank\" rel=\"noopener\">Ligue 1<\/a>, le PSG b\u00e9n\u00e9ficie<br \/>\nd\u2019une petite coupure pour les f\u00eates de fin d\u2019ann\u00e9e.<\/p>\n","protected":false},"excerpt":{"rendered":"Ce mercredi \u00e0 partir de 18h, le Paris Saint-Germain affronte Flamengo en finale de la Coupe intercontinentale. Le&hellip;\n","protected":false},"author":2,"featured_media":605419,"comment_status":"","ping_status":"","sticky":false,"template":"","format":"standard","meta":{"footnotes":""},"categories":[2],"tags":[11,1011,27,66,12,149,93,25],"class_list":{"0":"post-605418","1":"post","2":"type-post","3":"status-publish","4":"format-standard","5":"has-post-thumbnail","7":"category-actualites","8":"tag-actualites","9":"tag-fr","10":"tag-france","11":"tag-ligue-1","12":"tag-news","13":"tag-om","14":"tag-psg","15":"tag-republique-francaise"},"share_on_mastodon":{"url":"https:\/\/pubeurope.com\/@fr\/115735430781285382","error":""},"_links":{"self":[{"href":"https:\/\/www.europesays.com\/fr\/wp-json\/wp\/v2\/posts\/605418","targetHints":{"allow":["GET"]}}],"collection":[{"href":"https:\/\/www.europesays.com\/fr\/wp-json\/wp\/v2\/posts"}],"about":[{"href":"https:\/\/www.europesays.com\/fr\/wp-json\/wp\/v2\/types\/post"}],"author":[{"embeddable":true,"href":"https:\/\/www.europesays.com\/fr\/wp-json\/wp\/v2\/users\/2"}],"replies":[{"embeddable":true,"href":"https:\/\/www.europesays.com\/fr\/wp-json\/wp\/v2\/comments?post=605418"}],"version-history":[{"count":0,"href":"https:\/\/www.europesays.com\/fr\/wp-json\/wp\/v2\/posts\/605418\/revisions"}],"wp:featuredmedia":[{"embeddable":true,"href":"https:\/\/www.europesays.com\/fr\/wp-json\/wp\/v2\/media\/605419"}],"wp:attachment":[{"href":"https:\/\/www.europesays.com\/fr\/wp-json\/wp\/v2\/media?parent=605418"}],"wp:term":[{"taxonomy":"category","embeddable":true,"href":"https:\/\/www.europesays.com\/fr\/wp-json\/wp\/v2\/categories?post=605418"},{"taxonomy":"post_tag","embeddable":true,"href":"https:\/\/www.europesays.com\/fr\/wp-json\/wp\/v2\/tags?post=605418"}],"curies":[{"name":"wp","href":"https:\/\/api.w.org\/{rel}","templated":true}]}}