{"id":60542,"date":"2025-04-29T00:35:20","date_gmt":"2025-04-29T00:35:20","guid":{"rendered":"https:\/\/www.europesays.com\/fr\/60542\/"},"modified":"2025-04-29T00:35:20","modified_gmt":"2025-04-29T00:35:20","slug":"le-meeting-nikaia-revient-a-nice-du-29-au-31-mai","status":"publish","type":"post","link":"https:\/\/www.europesays.com\/fr\/60542\/","title":{"rendered":"Le meeting Nika\u00efa revient \u00e0 Nice du 29 au 31 mai"},"content":{"rendered":"<p>Le 31 mai prochain, \u00e0 19 heures, c\u2019est encore et toujours au stade Charles Ehrmann que se tiendra le meeting Naka\u00efa. Pour la troisi\u00e8me ann\u00e9e cons\u00e9cutive depuis 2023, des athl\u00e8tes et para-athl\u00e8tes, venus du monde entier, enfileront leurs baskets sur la C\u00f4te d\u2019Azur. L\u2019UNOC (Conf\u00e9rence des Nations unies sur les oc\u00e9ans) qui se d\u00e9roulera \u00e0 Nice du 9 au 13 juin, explique l\u2019avancement de cet \u00e9v\u00e8nement \u00e0 la fin du mois de mai.<\/p>\n<p><b>Plus de 120 athl\u00e8tes attendus<\/b><\/p>\n<p>Ce meeting annonce \u00ab\u00a0le tout d\u00e9but du lancement de la saison au niveau national\u00a0\u00bb affirme R\u00e9my Charpentier, directeur du meeting. Plus de 120 athl\u00e8tes, de toutes nationalit\u00e9s, sont attendus la derni\u00e8re semaine de mai dans la capitale azur\u00e9enne. Au programme, il y aura 15 \u00e9preuves diff\u00e9rentes. On y retrouve notamment le 3.000 steeplechase (course de demi-fond avec obstacles, NDLR), la perche masculine, le saut en longueur f\u00e9minin et la part belle sera faite au demi fond (800 et 1.500m f\u00e9minin, 1.500 et 5.000m masculin).<\/p>\n<p>Les para-athl\u00e8tes ont aussi leur place \u00e0 cet \u00e9v\u00e8nement. \u00ab\u00a0Il y aura deux \u00e9preuves de para-athl\u00e9tismes\u00a0\u00bb, confirme le directeur, \u00ab\u00a0et certainement d\u2019autres qui seront ouvertes \u00e0 toutes et tous comme le saut en longueur\u00a0\u00bb, rajoute-t-il.<\/p>\n<p><b>Une \u00e9preuve sur mesure pour Gabriel Tual<\/b><\/p>\n<p>M\u00e9daill\u00e9 d\u2019or aux derniers championnats d&rsquo;Europe de Rome sur 800m, recordman de France du 800m en 1\u201944\u2019\u201964 et 6e aux JO de Paris, Gabriel Tual, athl\u00e8te fran\u00e7ais, est la t\u00eate d\u2019affiche de cette \u00e9dition 2025. Pour l\u2019occasion, l\u2019une des 15 \u00e9preuves a \u00e9t\u00e9 pr\u00e9par\u00e9e sp\u00e9cialement pour lui. \u00ab\u00a0Cette ann\u00e9e, je m\u2019alignerai sur 600m et cela repr\u00e9sentera un moment important dans ma pr\u00e9paration avant de d\u00e9buter ma saison sur 800m dans les meetings Diamond League\u00a0\u00bb, explique le coureur fran\u00e7ais.<\/p>\n<p><b>Deux \u00e9preuves hors du stade<\/b><\/p>\n<p>Cette \u00e9dition est marqu\u00e9e par deux \u00e9preuves se d\u00e9roulant hors de l\u2019enceinte du stade. \u00ab\u00a0C\u2019est une premi\u00e8re\u00a0\u00bb annonce fi\u00e8rement R\u00e9my Charpentier. Comme pour 2023, le road mile sur route, course \u00e0 pied d\u20191,6km, se d\u00e9roule sur la place Mass\u00e9na le vendredi 30 mai en fin de soir\u00e9e. Le jeudi 29, c\u2019est dans un cadre plus qu\u2019original que se d\u00e9roulera l\u2019\u00e9preuve du lancer de poids f\u00e9minin. Ce sont les pieds dans le sable, \u00e0 la plage des Ponchettes, que les athl\u00e8tes f\u00e9minines devront performer. Les spectateurs peuvent venir assister gratuitement \u00e0 ces deux \u00e9preuves. En 2023, un millier de personnes avait assist\u00e9 \u00e0 la course sur la place principale de Nice.<\/p>\n","protected":false},"excerpt":{"rendered":"Le 31 mai prochain, \u00e0 19 heures, c\u2019est encore et toujours au stade Charles Ehrmann que se tiendra&hellip;\n","protected":false},"author":2,"featured_media":60543,"comment_status":"","ping_status":"","sticky":false,"template":"","format":"standard","meta":{"footnotes":""},"categories":[2819],"tags":[1111,11,4132,1777,674,1011,27,12,2401,882,25,60],"class_list":{"0":"post-60542","1":"post","2":"type-post","3":"status-publish","4":"format-standard","5":"has-post-thumbnail","7":"category-nice","8":"tag-actu","9":"tag-actualites","10":"tag-athletisme","11":"tag-eu","12":"tag-europe","13":"tag-fr","14":"tag-france","15":"tag-news","16":"tag-nice","17":"tag-provence-alpes-cote-dazur","18":"tag-republique-francaise","19":"tag-sports"},"share_on_mastodon":{"url":"https:\/\/pubeurope.com\/@fr\/114418451957266583","error":""},"_links":{"self":[{"href":"https:\/\/www.europesays.com\/fr\/wp-json\/wp\/v2\/posts\/60542","targetHints":{"allow":["GET"]}}],"collection":[{"href":"https:\/\/www.europesays.com\/fr\/wp-json\/wp\/v2\/posts"}],"about":[{"href":"https:\/\/www.europesays.com\/fr\/wp-json\/wp\/v2\/types\/post"}],"author":[{"embeddable":true,"href":"https:\/\/www.europesays.com\/fr\/wp-json\/wp\/v2\/users\/2"}],"replies":[{"embeddable":true,"href":"https:\/\/www.europesays.com\/fr\/wp-json\/wp\/v2\/comments?post=60542"}],"version-history":[{"count":0,"href":"https:\/\/www.europesays.com\/fr\/wp-json\/wp\/v2\/posts\/60542\/revisions"}],"wp:featuredmedia":[{"embeddable":true,"href":"https:\/\/www.europesays.com\/fr\/wp-json\/wp\/v2\/media\/60543"}],"wp:attachment":[{"href":"https:\/\/www.europesays.com\/fr\/wp-json\/wp\/v2\/media?parent=60542"}],"wp:term":[{"taxonomy":"category","embeddable":true,"href":"https:\/\/www.europesays.com\/fr\/wp-json\/wp\/v2\/categories?post=60542"},{"taxonomy":"post_tag","embeddable":true,"href":"https:\/\/www.europesays.com\/fr\/wp-json\/wp\/v2\/tags?post=60542"}],"curies":[{"name":"wp","href":"https:\/\/api.w.org\/{rel}","templated":true}]}}