{"id":605422,"date":"2025-12-17T14:44:13","date_gmt":"2025-12-17T14:44:13","guid":{"rendered":"https:\/\/www.europesays.com\/fr\/605422\/"},"modified":"2025-12-17T14:44:13","modified_gmt":"2025-12-17T14:44:13","slug":"transferts-pro-d2-provence-rugby-verrouille-tornike-jalagonia-jusquen-2029","status":"publish","type":"post","link":"https:\/\/www.europesays.com\/fr\/605422\/","title":{"rendered":"Transferts\/Pro D2 &#8211; Provence rugby verrouille Tornike Jalagonia jusqu&rsquo;en 2029"},"content":{"rendered":"<p>\n                Provence rugby a annonc\u00e9 la signature de son troisi\u00e8me ligne g\u00e9orgien Tornike Jalagonia jusqu&rsquo;en 2029.\n            <\/p>\n<p>Provence rugby a annonc\u00e9 ce mardi en fin de journ\u00e9e la prolongation du contrat de son troisi\u00e8me ligne Tornike Jalagonia. L&rsquo;international g\u00e9orgien (27 ans, 44 s\u00e9lections) va poursuivre son aventure aixoise jusqu&rsquo;en 2029. Cons\u00e9quence directe de ses bonnes performances \u00e0 Maurice-David, en t\u00e9moignent ses dix matchs (dont dix titularisations) depuis la troisi\u00e8me journ\u00e9e.<\/p>\n<p>Form\u00e9 \u00e0 Biarritz (2018-2024), il a la particularit\u00e9 de b\u00e9n\u00e9ficier du statut Jiff. Et, apr\u00e8s avoir \u00e9t\u00e9 international g\u00e9orgien U20 (2020), il est depuis r\u00e9guli\u00e8rement en s\u00e9lection avec les Lelos. Pour Provence rugby, c&rsquo;est l&rsquo;assurance de maintenir dans son effectif un joueur perforant (1,89m, 106kg) et capable de jouer sur les trois postes de la troisi\u00e8me ligne.<\/p>\n","protected":false},"excerpt":{"rendered":"Provence rugby a annonc\u00e9 la signature de son troisi\u00e8me ligne g\u00e9orgien Tornike Jalagonia jusqu&rsquo;en 2029. Provence rugby a&hellip;\n","protected":false},"author":2,"featured_media":605423,"comment_status":"","ping_status":"","sticky":false,"template":"","format":"standard","meta":{"footnotes":""},"categories":[1416],"tags":[1011,27,479,1468,60,10662],"class_list":{"0":"post-605422","1":"post","2":"type-post","3":"status-publish","4":"format-standard","5":"has-post-thumbnail","7":"category-rugby","8":"tag-fr","9":"tag-france","10":"tag-rugby","11":"tag-rugby-football","12":"tag-sports","13":"tag-transferts"},"share_on_mastodon":{"url":"https:\/\/pubeurope.com\/@fr\/115735446481343705","error":""},"_links":{"self":[{"href":"https:\/\/www.europesays.com\/fr\/wp-json\/wp\/v2\/posts\/605422","targetHints":{"allow":["GET"]}}],"collection":[{"href":"https:\/\/www.europesays.com\/fr\/wp-json\/wp\/v2\/posts"}],"about":[{"href":"https:\/\/www.europesays.com\/fr\/wp-json\/wp\/v2\/types\/post"}],"author":[{"embeddable":true,"href":"https:\/\/www.europesays.com\/fr\/wp-json\/wp\/v2\/users\/2"}],"replies":[{"embeddable":true,"href":"https:\/\/www.europesays.com\/fr\/wp-json\/wp\/v2\/comments?post=605422"}],"version-history":[{"count":0,"href":"https:\/\/www.europesays.com\/fr\/wp-json\/wp\/v2\/posts\/605422\/revisions"}],"wp:featuredmedia":[{"embeddable":true,"href":"https:\/\/www.europesays.com\/fr\/wp-json\/wp\/v2\/media\/605423"}],"wp:attachment":[{"href":"https:\/\/www.europesays.com\/fr\/wp-json\/wp\/v2\/media?parent=605422"}],"wp:term":[{"taxonomy":"category","embeddable":true,"href":"https:\/\/www.europesays.com\/fr\/wp-json\/wp\/v2\/categories?post=605422"},{"taxonomy":"post_tag","embeddable":true,"href":"https:\/\/www.europesays.com\/fr\/wp-json\/wp\/v2\/tags?post=605422"}],"curies":[{"name":"wp","href":"https:\/\/api.w.org\/{rel}","templated":true}]}}