{"id":605426,"date":"2025-12-17T14:49:10","date_gmt":"2025-12-17T14:49:10","guid":{"rendered":"https:\/\/www.europesays.com\/fr\/605426\/"},"modified":"2025-12-17T14:49:10","modified_gmt":"2025-12-17T14:49:10","slug":"tadej-pogacar-je-me-tuais-a-lentrainement-les-lourdes-confidences-dun-coequipier-du-vainqueur-du-tour-de-france-2025-ladepeche-fr","status":"publish","type":"post","link":"https:\/\/www.europesays.com\/fr\/605426\/","title":{"rendered":"Tadej Pogacar : &quot;Je me tuais \u00e0 l\u2019entra\u00eenement\u2026&quot; Les lourdes confidences d\u2019un co\u00e9quipier du vainqueur du Tour de France 2025 &#8211; ladepeche.fr"},"content":{"rendered":"<ol>\n<li><a href=\"https:\/\/news.google.com\/rss\/articles\/CBMi-AFBVV95cUxONDRLMnlRRmNYZTVTZGI0djViZnc2UHdDRGprNFdtdlAyY1ZGNWJuYW95MVdqX0ZhVHBfcURCSHhCZGt6djlvQjZYR2FVcDExTUhubTYyNHBNenVQQjBUaHdLeEJ4SzRMQTRHQUhjcW9lcGd5T1FhNnJGVzNQSG1DQkEtUVFSZVZ1eWVXLWVnUC0wYVpaRENEbVhFQUQ2R082c0V4MElUUUk3ODlncE5XYjRnbE9sazcwb0RYOVYtSjN6S1RhUWZlWEVkZThCN3pmS3M5UV9iMzJYU3BWMThPTGRNT0tHUkZPdFB3VDhkUHRMS3AxSms4TQ?oc=5\" target=\"_blank\" rel=\"noopener\">Tadej Pogacar : \u00ab\u00a0Je me tuais \u00e0 l\u2019entra\u00eenement\u2026\u00a0\u00bb Les lourdes confidences d\u2019un co\u00e9quipier du vainqueur du Tour de France 2025<\/a>&nbsp;&nbsp;ladepeche.fr<\/li>\n<li><a href=\"https:\/\/news.google.com\/rss\/articles\/CBMiqgFBVV95cUxPZHdLanlrZHhCdTBFbEE3X1U1UzNpcXVBRDRsU0JYY25CREhtajgzWmZmRUhFenFuVlFvS1JNQ3c0VHNvVjN1OGFncEl5eWlfTXF3RWNqcEsyM0hkeXFncGVtMW5VU3h2YlRTNjBGczJKY0dJeEx3OS0tbnZqSFA2LUlOZTE4SjRTWko2UzczZEltYmFmWmtra21qamJnR2o1MGR0LWF2QWRCd9IBqAFBVV95cUxNV0RJUzRSbTJmNnc5M0tGSkNwVnJCbktaX0ZOOFhMMVl1VklCOUY5eExxSGJSMC16ZElDN25mWUdYT3RvX1JQWXIyaVgxNDBlYi1MVG9DMUpHR1dkaUZTZW4yZG14T2ZpY04zQnFxMXBFaHQ1SmRIVXlLMHJtdXdpV0labWo1cFFtUkFFVlBJSHAwVDVrbUdfMDFBNUk1c1g2aUt6Z0lOT1A?oc=5\" target=\"_blank\" rel=\"noopener\">Pogacar d\u00e9taille les secrets de sa nutrition : Sports &#8211; Orange<\/a>&nbsp;&nbsp;Sports &#8211; Orange<\/li>\n<li><a href=\"https:\/\/news.google.com\/rss\/articles\/CBMi8AFBVV95cUxPWEh6alRmOWJLXzJLeVplMGZ5ejFveW1VemVqVTBmQUdIX2FSNEt6SngwV1FUczVPZEl5bklnaVF2MDNreVdSUldyM1lOWjZtOHJPMlhlblB3d0dJanpVc0IxcDdMV2oxOFdvaUFCdEMzNHVtZ0dOVVFkTGZ5ellIQ1ZjVmpWQ3hnb2lPNVI0SjkzM19RbE9ZSThzSGd6MXdod0wzWkRQelFEam5PNkhDVWhyaGJFUTEyeUcyN20wTUh6d2VncDlJUEt4eTg4R0Q3OXBSSm14WUc3QVBoWDF0TmNjWjlmd2dCSU5Mc0V6YWo?oc=5\" target=\"_blank\" rel=\"noopener\">Un insens\u00e9 tripl\u00e9 Giro-Tour-Vuelta en une seule saison? Pogacar \u00ab\u00a0pense que c&rsquo;est possible\u00a0\u00bb<\/a>&nbsp;&nbsp;RMC Sport<\/li>\n<li><a href=\"https:\/\/news.google.com\/rss\/articles\/CBMirAFBVV95cUxQTk10Z21zTTVROFU3Q2dhelBXclctZWNxaUdJaWJiQUl0VTBXUXZyR0ljS1RPMVdJTjRMMndIMjlEVTJDR0xmWWVlZVQ4MUxlU1B1SUt5c1VaWHZhXzEzRVl0TjJ3V0psbXdhLWx6MXhiSnpMbTlCMjNrQ0NYdDhBODR6QmxfRDlXU2FWSUpfMG91RmpHMGp6Tld4YjA2MzNrTXlGZW5MQnd4dVJG?oc=5\" target=\"_blank\" rel=\"noopener\">Cyclisme &#8211; Tour de France : Pogacar craint-il l&rsquo;armada Red Bull-Bora-Hansgrohe ?<\/a>&nbsp;&nbsp;Le10Sport<\/li>\n<li><a href=\"https:\/\/news.google.com\/rss\/articles\/CBMiggFBVV95cUxOblhFTFI5azVEN1JGWUNWRURNbkM2SkZGRXI5U1BrRFdCT00zdE5GQVhocnNFS3J0V0RuLW5tT29hNDVUOEFIQUNwaDhJM1NkNlJxbXk5S2NBRmhIVDZZa24yZWtvU01pZ3NQWlJsQVN4eXpIQlZjcm05Ump4U2pVZEpn?oc=5\" target=\"_blank\" rel=\"noopener\">Tadej Poga\u010dar : palmar\u00e8s, profil et actualit\u00e9s<\/a>&nbsp;&nbsp;Velo-Club<\/li>\n<\/ol>\n","protected":false},"excerpt":{"rendered":"Tadej Pogacar : \u00ab\u00a0Je me tuais \u00e0 l\u2019entra\u00eenement\u2026\u00a0\u00bb Les lourdes confidences d\u2019un co\u00e9quipier du vainqueur du Tour de&hellip;\n","protected":false},"author":2,"featured_media":395849,"comment_status":"","ping_status":"","sticky":false,"template":"","format":"standard","meta":{"footnotes":""},"categories":[1411],"tags":[1154,207,1011,27,60],"class_list":{"0":"post-605426","1":"post","2":"type-post","3":"status-publish","4":"format-standard","5":"has-post-thumbnail","7":"category-cyclisme","8":"tag-cycling","9":"tag-cyclisme","10":"tag-fr","11":"tag-france","12":"tag-sports"},"share_on_mastodon":{"url":"https:\/\/pubeurope.com\/@fr\/115735466198277324","error":""},"_links":{"self":[{"href":"https:\/\/www.europesays.com\/fr\/wp-json\/wp\/v2\/posts\/605426","targetHints":{"allow":["GET"]}}],"collection":[{"href":"https:\/\/www.europesays.com\/fr\/wp-json\/wp\/v2\/posts"}],"about":[{"href":"https:\/\/www.europesays.com\/fr\/wp-json\/wp\/v2\/types\/post"}],"author":[{"embeddable":true,"href":"https:\/\/www.europesays.com\/fr\/wp-json\/wp\/v2\/users\/2"}],"replies":[{"embeddable":true,"href":"https:\/\/www.europesays.com\/fr\/wp-json\/wp\/v2\/comments?post=605426"}],"version-history":[{"count":0,"href":"https:\/\/www.europesays.com\/fr\/wp-json\/wp\/v2\/posts\/605426\/revisions"}],"wp:featuredmedia":[{"embeddable":true,"href":"https:\/\/www.europesays.com\/fr\/wp-json\/wp\/v2\/media\/395849"}],"wp:attachment":[{"href":"https:\/\/www.europesays.com\/fr\/wp-json\/wp\/v2\/media?parent=605426"}],"wp:term":[{"taxonomy":"category","embeddable":true,"href":"https:\/\/www.europesays.com\/fr\/wp-json\/wp\/v2\/categories?post=605426"},{"taxonomy":"post_tag","embeddable":true,"href":"https:\/\/www.europesays.com\/fr\/wp-json\/wp\/v2\/tags?post=605426"}],"curies":[{"name":"wp","href":"https:\/\/api.w.org\/{rel}","templated":true}]}}