{"id":605429,"date":"2025-12-17T14:51:18","date_gmt":"2025-12-17T14:51:18","guid":{"rendered":"https:\/\/www.europesays.com\/fr\/605429\/"},"modified":"2025-12-17T14:51:18","modified_gmt":"2025-12-17T14:51:18","slug":"il-a-commis-une-erreur-tiffanie-esposito-familles-nombreuses-devoile-les-raisons-de-sa-breve-separation-avec-son-mari-olivier","status":"publish","type":"post","link":"https:\/\/www.europesays.com\/fr\/605429\/","title":{"rendered":"\u00ab\u00a0Il a commis une erreur\u00a0\u00bb : Tiffanie Esposito (Familles nombreuses) d\u00e9voile les raisons de sa br\u00e8ve s\u00e9paration avec son mari Olivier"},"content":{"rendered":"<p class=\"articleContent-meta\">\n        Aujourd&rsquo;hui \u00e0 12:31 &#8211; par             <a class=\"articleContent-metaAuthorsLink\" href=\"https:\/\/www.programme.tv\/auteur\/elodie-poinsot\/\" target=\"_blank\" rel=\"noopener\">Elodie Poinsot<\/a><\/p>\n<p>                    Tweeter<\/p>\n<p>                    Partager sur Facebook<\/p>\n<p>                        <img decoding=\"async\" src=\"https:\/\/www.europesays.com\/fr\/wp-content\/uploads\/2025\/12\/flavie-blond-pinart-ex-familles-nombreuses-donne-des-nouvelles-de-son-quotidien-avec-ses-quadruples-.jpeg\" alt=\"Player Video\" class=\"player-applyRatio poster exclude-seedtag\"\/><\/p>\n<p>Tiffanie et Olivier Esposito sont de nouveau ensemble. D\u00e9couverts dans l&rsquo;\u00e9mission Familles nombreuses : la vie en XXL, le couple et leurs sept enfants se sont montr\u00e9s unis dans un clich\u00e9 de f\u00eates apr\u00e8s avoir \u00e9t\u00e9 s\u00e9par\u00e9s pendant quelques mois.<\/p>\n<p>Comme un t\u00e9l\u00e9film de No\u00ebl. La vie de famille de Tiffanie et Olivier Esposito conna\u00eet des rebondissements insoup\u00e7onn\u00e9s. D\u00e9couverts avec Kessy, Maylie, Sonny, Tony, Gina, Jemmy et Giulia dans l&rsquo;\u00e9mission Familles nombreuses : la vie en XXL, les parents de sept enfants annon\u00e7aient leur s\u00e9paration au cours de l&rsquo;\u00e9t\u00e9 2025. Si, le 15 septembre dernier, la m\u00e8re de famille expliquait sur Instagram qu&rsquo;elle ne souhaitait pas \u00ab\u00a0m\u00eame \u00e0 ma pire ennemie\u00a0\u00bb de subir ce qu&rsquo;elle avait elle-m\u00eame subi, un mois plus tard, son ex \u00e9voquait un \u00e9ventuel retour de flamme entre eux. \u00ab\u00a0<a href=\"https:\/\/www.programme.tv\/news\/tele-realite\/265688-peut-etre-que-les-choses-sarrangeront-olivier-esposito-familles-nombreuses-glisse-un-brin-d-espoir-sur-sa-relation-avec-tiffanie\/\" target=\"_blank\" rel=\"noopener\">Peut-\u00eatre que les choses s&rsquo;arrangeront, peut-\u00eatre pas&#8230; seul l&rsquo;avenir nous le dira<\/a>\u00a0\u00bb , avait-il \u00e9crit, semant le doute chez ses abonn\u00e9s.<\/p>\n<p>Familles nombreuses : la vie en XXL : Tiffanie Esposito annonce son d\u00e9m\u00e9nagement avec ses enfants<\/p>\n<p><a href=\"https:\/\/www.programme.tv\/news\/emissions-tv\/266005-aucune-inquietude-tiffanie-esposito-familles-nombreuses-met-fin-aux-rumeurs-de-reconciliation-avec-son-ex-mari-olivier\/\" target=\"_blank\" rel=\"noopener\">Un doute que Tiffanie Esposito avait \u00e9teint tout aussi rapidement qu&rsquo;il \u00e9tait apparu.<\/a> La jeune femme avait en effet expliqu\u00e9 \u00eatre peu pr\u00e9sente sur les r\u00e9seaux sociaux car elle pr\u00e9f\u00e9rait profiter de ses enfants \u00e0 100% quand elle \u00e9tait avec eux, et que, le reste du temps, elle cherchait une location pour d\u00e9m\u00e9nager seule avec ses enfants en dehors de Monaco, o\u00f9 la famille vivait unie. Ce mardi 16 d\u00e9cembre 2025, Tiffanie Esposito annon\u00e7ait sur Instagram qu&rsquo;elle avait trouv\u00e9 chaussure \u00e0 son pied. \u00ab\u00a0Cette semaine est un peu sp\u00e9ciale pour moi. C&rsquo;est la derni\u00e8re semaine d&rsquo;\u00e9cole des enfants, ici, en Italie parce que bient\u00f4t,<a href=\"https:\/\/www.programme.tv\/news\/tele-realite\/266292-je-demenage-tiffanie-esposito-familles-nombreuses-annonce-un-grand-changement-de-vie-apres-sa-separation-avec-olivier\/\" target=\"_blank\" rel=\"noopener\"> je d\u00e9m\u00e9nage dans une autre r\u00e9gion<\/a>\u00ab\u00a0, a-t-elle expliqu\u00e9 de vive voix.<\/p>\n<p>Quelques heures plus tard cependant, \u00e0 la stup\u00e9faction g\u00e9n\u00e9rale, Tiffanie Esposito a publi\u00e9 une photo de famille d&rsquo;elle et de son conjoint avec leurs enfants en habits de f\u00eates. \u00ab\u00a0Cette photo n\u2019est pas un buzz. Ce n\u2019est pas une mise en sc\u00e8ne. Ce n\u2019est pas une strat\u00e9gie. C\u2019est notre r\u00e9alit\u00e9\u00a0\u00bb, a comment\u00e9 la jeune femme qui s&rsquo;affiche \u00e9galement en duo, aux bras de son \u00e9poux.<\/p>\n<p>\u00ab\u00a0Une erreur a \u00e9t\u00e9 commise (&#8230;) par mon mari\u00a0\u00bb : Tiffanie Esposito (Familles nombreuses : la vie en XXL) d\u00e9voile les raisons de leur rupture<\/p>\n<p>\u00ab\u00a0Oui, une erreur a \u00e9t\u00e9 commise. Elle l\u2019a \u00e9t\u00e9 par mon mari mais peu importe, je ne suis pas l\u00e0 pour d\u00e9nigrer ! Non, je ne pardonne pas. Mais j\u2019ai choisi d\u2019avancer. Parce que quand on a des enfants,<br \/>on ne joue pas avec une s\u00e9paration. On ne joue pas avec une famille. Et on ne mon\u00e9tise pas une douleur\u00a0\u00bb, peut-on \u00e9galement lire en l\u00e9gende de ces clich\u00e9s.<\/p>\n<p>\u00ab\u00a0Peut-\u00eatre que l\u2019erreur se reproduira. Peut-\u00eatre qu\u2019elle n\u2019arrivera plus jamais. La vie ne garantit rien. <a href=\"https:\/\/www.programme.tv\/news\/tele-realite\/266301-j-ai-choisi-davancer-tiffanie-esposito-familles-nombreuses-annonce-sa-reconciliation-avec-son-mari-olivier\/\" target=\"_blank\" rel=\"noopener\">Moi, j\u2019ai fait un choix conscient. Avancer.<\/a> Pour mes enfants. Pour moi, pour ma famille, celle que je me suis cr\u00e9\u00e9e. La famille n\u2019est pas parfaite. Mais elle est sacr\u00e9e. Le reste ne me concerne pas\u00a0\u00bb, a finalement conclu Tiffanie Esposito tandis que son \u00e9poux, au m\u00eame moment, lui a pr\u00e9sent\u00e9 des excuses publiques sur son compte Instagram.<\/p>\n<p>Rejoignez-nous sur Google !<\/p>\n<p class=\"articleContent-pushTagline\">Abonnez-vous \u00e0 <a href=\"https:\/\/profile.google.com\/cp\/CgsvZy8xMjExMWxuMQ\" target=\"_blank\" rel=\"noopener\">T\u00e9l\u00e9 2 semaines sur Google<\/a> pour ne manquer aucune info !<\/p>\n","protected":false},"excerpt":{"rendered":"Aujourd&rsquo;hui \u00e0 12:31 &#8211; par Elodie Poinsot Tweeter Partager sur Facebook Tiffanie et Olivier Esposito sont de nouveau&hellip;\n","protected":false},"author":2,"featured_media":605430,"comment_status":"","ping_status":"","sticky":false,"template":"","format":"standard","meta":{"footnotes":""},"categories":[1359],"tags":[58,59,1011,27,973,199,1630],"class_list":{"0":"post-605429","1":"post","2":"type-post","3":"status-publish","4":"format-standard","5":"has-post-thumbnail","7":"category-people","8":"tag-divertissement","9":"tag-entertainment","10":"tag-fr","11":"tag-france","12":"tag-people","13":"tag-tf1","14":"tag-zapping"},"share_on_mastodon":{"url":"https:\/\/pubeurope.com\/@fr\/115735474863814374","error":""},"_links":{"self":[{"href":"https:\/\/www.europesays.com\/fr\/wp-json\/wp\/v2\/posts\/605429","targetHints":{"allow":["GET"]}}],"collection":[{"href":"https:\/\/www.europesays.com\/fr\/wp-json\/wp\/v2\/posts"}],"about":[{"href":"https:\/\/www.europesays.com\/fr\/wp-json\/wp\/v2\/types\/post"}],"author":[{"embeddable":true,"href":"https:\/\/www.europesays.com\/fr\/wp-json\/wp\/v2\/users\/2"}],"replies":[{"embeddable":true,"href":"https:\/\/www.europesays.com\/fr\/wp-json\/wp\/v2\/comments?post=605429"}],"version-history":[{"count":0,"href":"https:\/\/www.europesays.com\/fr\/wp-json\/wp\/v2\/posts\/605429\/revisions"}],"wp:featuredmedia":[{"embeddable":true,"href":"https:\/\/www.europesays.com\/fr\/wp-json\/wp\/v2\/media\/605430"}],"wp:attachment":[{"href":"https:\/\/www.europesays.com\/fr\/wp-json\/wp\/v2\/media?parent=605429"}],"wp:term":[{"taxonomy":"category","embeddable":true,"href":"https:\/\/www.europesays.com\/fr\/wp-json\/wp\/v2\/categories?post=605429"},{"taxonomy":"post_tag","embeddable":true,"href":"https:\/\/www.europesays.com\/fr\/wp-json\/wp\/v2\/tags?post=605429"}],"curies":[{"name":"wp","href":"https:\/\/api.w.org\/{rel}","templated":true}]}}