{"id":605431,"date":"2025-12-17T14:52:15","date_gmt":"2025-12-17T14:52:15","guid":{"rendered":"https:\/\/www.europesays.com\/fr\/605431\/"},"modified":"2025-12-17T14:52:15","modified_gmt":"2025-12-17T14:52:15","slug":"la-statue-dulysse-rhabillee-par-les-opposants-a-lextension-de-laerodrome-aux-sables-dolonne","status":"publish","type":"post","link":"https:\/\/www.europesays.com\/fr\/605431\/","title":{"rendered":"La statue d\u2019Ulysse rhabill\u00e9e par les opposants \u00e0 l\u2019extension de l\u2019a\u00e9rodrome aux Sables-d\u2019Olonne"},"content":{"rendered":"<p>                    Par<br \/>\n        <strong><br \/>\n            <a href=\"https:\/\/actu.fr\/auteur\/sebastien-bethune\" title=\"Consulter tous les articles de S\u00e9bastien B\u00e9thune\" target=\"_blank\" rel=\"noopener\">S\u00e9bastien B\u00e9thune<\/a><br \/>\n                    <\/strong><\/p>\n<p>        Publi\u00e9 le<\/p>\n<p>            17 d\u00e9c. 2025 \u00e0 12h40        <\/p>\n<p>\u00ab\u2009On l\u2019a habill\u00e9 un peu. On a un peu peur qu\u2019il prenne froid\u2009! C\u2019est \u00e9videmment une action bon enfant qui ne donnera lieu \u00e0 aucune d\u00e9gradation\u2009\u00bb Si les travaux de l\u2019extension de l\u2019a\u00e9rodrome des Sables-d\u2019Olonne sont presque termin\u00e9s, <b>l\u2019association DCA des Olonnes<\/b> (d\u00e9fense contre les avions) poursuit son combat.<\/p>\n<p class=\" wall-content\"><b>Ce mercredi 17\u00a0d\u00e9cembre<\/b>, une dizaine de manifestants a habill\u00e9 <a href=\"https:\/\/actu.fr\/pays-de-la-loire\/les-sables-d-olonne_85194\/video-les-sables-dolonne-la-statue-dulysse-a-pris-place-dans-la-baie-vous-en-pensez-quoi_61291423.html\" target=\"_blank\" rel=\"noopener\">la statue d\u2019Ulysse<\/a>, situ\u00e9e aux roches noires, aux <a href=\"https:\/\/actu.fr\/le-journal-des-sables\/\" target=\"_blank\" rel=\"noopener\">Sables d\u2019Olonne<\/a>.<\/p>\n<p class=\" wall-content\">Une action symbolique dans un contexte o\u00f9 les \u00e9lections municipales 2026 approchent.<\/p>\n<p>Pourquoi Ulysse\u2009?<\/p>\n<p class=\" wall-content\">Sur le Remblai, \u00e0 8\u2009h\u200930 ce mercredi, les passants curieux s\u2019arr\u00eatent et s\u2019interrogent. La statue d\u2019Ulysse est \u00ab<b>\u2009d\u00e9cor\u00e9e\u2009\u00bb d\u2019une parure verte.<\/b> Plusieurs manifestants, arm\u00e9s de leurs affiches, l\u2019entourent.<\/p>\n<p class=\" wall-content\"><b>Quelques membres de la DCA des Olonnes <\/b>ont d\u00e9cid\u00e9 de se rassembler autour de la statue. Le pr\u00e9sident de l\u2019association Claude Retailleau explique\u2009:<\/p>\n<blockquote class=\"ac-article-quote wall-content\">\n<p>On a choisi Ulysse, car c\u2019est devenu un peu le symbole de la Ville des Sables. En plus, Ulysse, c\u2019est le symbole de beaucoup de choses\u2009: la d\u00e9mocratie, la pers\u00e9v\u00e9rance, l\u2019\u00e9cologie avec \u00c9ole\u2026 De nombreux symboles que l\u2019on peut rattacher entre Ulysse et notre cause.<\/p>\n<\/blockquote>\n<p>Vid\u00e9os : en ce moment sur ActuPourquoi cette action\u2009?<\/p>\n<p class=\" wall-content\">Au-del\u00e0 du caract\u00e8re symbolique du lieu, le moment retenu pour cette petite manifestation n\u2019a rien d\u2019un hasard. \u00ab<b>\u2009C\u2019est un moment charni\u00e8re\u2009:<\/b> d\u2019une part, nous arrivons \u00e0 la fin de l\u2019ann\u00e9e, donc c\u2019est l\u2019occasion de tirer un bilan et de prendre de bonnes r\u00e9solutions pour l\u2019ann\u00e9e qui vient. Et d\u2019autre part, <b>les \u00e9lections arrivent. <\/b>On attaque une phase importante de notre d\u00e9mocratie locale. O<b>n consid\u00e8re que le d\u00e9bat autour des activit\u00e9s a\u00e9riennes n\u2019a pas encore eu lieu.<\/b>\u2009\u00bb<\/p>\n<p class=\" wall-content\">Le pr\u00e9sident pr\u00e9cise \u00e9galement que les membres de la DCA des Olonnes ont \u00ab\u2009\u00e9t\u00e9 mis devant le fait accompli avec la r\u00e9alisation de ces travaux autour de l\u2019a\u00e9rodrome\u2009\u00bb, mais ces travaux ne sont \u00ab\u2009qu\u2019une partie des probl\u00e9matiques\u2009\u00bb\u2009:<\/p>\n<p>Votre r\u00e9gion, votre actu !<\/p>\n<p>Recevez chaque jour les infos qui comptent pour vous.<\/p>\n<p>\t<a href=\"https:\/\/actu.fr\/newsletter\" class=\"ac-btn ac-btn--corner ac-btn--medium ac-btn--blue800\" target=\"_blank\" rel=\"noopener\">S&rsquo;incrire<\/a><\/p>\n<blockquote class=\"ac-article-quote wall-content\">\n<p>L\u2019a\u00e9rodrome est un outil, et comme tous les outils, nous sommes toujours interrogatifs au niveau de la strat\u00e9gie de la municipalit\u00e9 sortante. On demande \u00e0 l\u2019ensemble des listes qui se pr\u00e9sentent de se positionner de mani\u00e8re claire en termes de politique et de m\u00e9thode sur tout ce qui concerne les activit\u00e9s a\u00e9riennes de notre territoire.<\/p>\n<\/blockquote>\n<p class=\" wall-content\">Pour les \u00e9lections municipales, les membres de la DCA des Olonnes n\u2019ont \u00ab<b>\u2009pas pr\u00e9vu de prendre une position politique<\/b>\u2009\u00bb pour les Municipales 2026. \u00ab\u2009C\u2019est un combat apolitique\u2009\u00bb, conclut Claude Retailleau.<\/p>\n<p>    <img   decoding=\"async\" loading=\"lazy\" class=\"size-large\" src=\"https:\/\/www.europesays.com\/fr\/wp-content\/uploads\/2025\/12\/da5ecb42924968f5ecb429249836ecv-768x640.jpg\" alt=\"La statue d'Ulysse a \u00e9t\u00e9 rhabill\u00e9 par l'association de la DCA des Olonnes ce mercredi 17 d\u00e9cembre.\" width=\"768\" height=\"640\"\/><br \/>\n    La statue d\u2019Ulysse par\u00e9e d\u2019un drap vert en signe d\u2019une protestation pacifique. \u00a9Journal des Sables<\/p>\n<p class=\" wall-content\">Personnalisez votre actualit\u00e9 en ajoutant vos villes et m\u00e9dias en favori avec <a href=\"https:\/\/moncompte.actu.fr\" title=\"D\u00e9couvez Mon Actu\" rel=\"nofollow noopener\" data-trk=\"{&quot;cta&quot;:{&quot;action&quot;:&quot;https:\\\/\\\/moncompte.actu.fr&quot;,&quot;category&quot;:&quot;mon compte&quot;,&quot;from&quot;:&quot;article footer&quot;,&quot;name&quot;:&quot;Mon actu&quot;,&quot;type&quot;:&quot;cta&quot;}}\" target=\"_blank\">Mon Actu<\/a>.<\/p>\n","protected":false},"excerpt":{"rendered":"Par S\u00e9bastien B\u00e9thune Publi\u00e9 le 17 d\u00e9c. 2025 \u00e0 12h40 \u00ab\u2009On l\u2019a habill\u00e9 un peu. On a un&hellip;\n","protected":false},"author":2,"featured_media":605432,"comment_status":"","ping_status":"","sticky":false,"template":"","format":"standard","meta":{"footnotes":""},"categories":[1358],"tags":[1348,1384,1385,1386,58,59,1011,27,104],"class_list":{"0":"post-605431","1":"post","2":"type-post","3":"status-publish","4":"format-standard","5":"has-post-thumbnail","7":"category-arts-et-design","8":"tag-arts","9":"tag-arts-and-design","10":"tag-arts-et-design","11":"tag-design","12":"tag-divertissement","13":"tag-entertainment","14":"tag-fr","15":"tag-france","16":"tag-societe"},"share_on_mastodon":{"url":"https:\/\/pubeurope.com\/@fr\/115735478864737229","error":""},"_links":{"self":[{"href":"https:\/\/www.europesays.com\/fr\/wp-json\/wp\/v2\/posts\/605431","targetHints":{"allow":["GET"]}}],"collection":[{"href":"https:\/\/www.europesays.com\/fr\/wp-json\/wp\/v2\/posts"}],"about":[{"href":"https:\/\/www.europesays.com\/fr\/wp-json\/wp\/v2\/types\/post"}],"author":[{"embeddable":true,"href":"https:\/\/www.europesays.com\/fr\/wp-json\/wp\/v2\/users\/2"}],"replies":[{"embeddable":true,"href":"https:\/\/www.europesays.com\/fr\/wp-json\/wp\/v2\/comments?post=605431"}],"version-history":[{"count":0,"href":"https:\/\/www.europesays.com\/fr\/wp-json\/wp\/v2\/posts\/605431\/revisions"}],"wp:featuredmedia":[{"embeddable":true,"href":"https:\/\/www.europesays.com\/fr\/wp-json\/wp\/v2\/media\/605432"}],"wp:attachment":[{"href":"https:\/\/www.europesays.com\/fr\/wp-json\/wp\/v2\/media?parent=605431"}],"wp:term":[{"taxonomy":"category","embeddable":true,"href":"https:\/\/www.europesays.com\/fr\/wp-json\/wp\/v2\/categories?post=605431"},{"taxonomy":"post_tag","embeddable":true,"href":"https:\/\/www.europesays.com\/fr\/wp-json\/wp\/v2\/tags?post=605431"}],"curies":[{"name":"wp","href":"https:\/\/api.w.org\/{rel}","templated":true}]}}