{"id":605452,"date":"2025-12-17T15:05:14","date_gmt":"2025-12-17T15:05:14","guid":{"rendered":"https:\/\/www.europesays.com\/fr\/605452\/"},"modified":"2025-12-17T15:05:14","modified_gmt":"2025-12-17T15:05:14","slug":"top-14-bayonne-manu-tuilagi-de-retour-pour-defier-la-rochelle","status":"publish","type":"post","link":"https:\/\/www.europesays.com\/fr\/605452\/","title":{"rendered":"Top 14 &#8211; Bayonne\u00a0: Manu Tuilagi de retour pour d\u00e9fier La\u00a0Rochelle"},"content":{"rendered":"<p>\n                Pour d\u00e9fier La\u00a0Rochelle, samedi apr\u00e8s-midi, Bayonne va pouvoir compter sur le retour de son puissant trois-quarts centre, Manu Tuilagi, pressenti pour d\u00e9marrer la partie avec le num\u00e9ro douze dans le dos.\n            <\/p>\n<p>Bayonne, battu par les Stormers (17-26), puis balay\u00e9 aux Harlequins (68-14) dimanche dernier, vient de vivre une parenth\u00e8se europ\u00e9enne pour le moins compliqu\u00e9e. Dernier de la poule 3 (z\u00e9ro point), l\u2019Aviron va devoir cravacher contre Leicester puis Leinster, d\u00e9but janvier s\u2019il veut esp\u00e9rer d\u00e9crocher une qualification. Entretemps, le club ciel et blanc va retrouver son championnat domestique avec trois gros morceaux\u00a0: le Stade rochelais, le Stade fran\u00e7ais Paris, et Montpellier.<\/p>\n<p>C\u2019est donc \u00e0 Deflandre, samedi (16h35) que Bayonne va attaquer cette s\u00e9rie de trois matchs. Rentr\u00e9s de Londres dimanche soir, les ciel et blanc \u00e9taient de repos, lundi. Ils ont repris l\u2019entra\u00eenement en douceur hier, mais ont connu leur v\u00e9ritable premi\u00e8re s\u00e9ance collective ce mercredi matin, peu apr\u00e8s 11h30. Joris Segonds, au repos la semaine pass\u00e9e et Guillaume Martocq, bless\u00e9 depuis le 11\u00a0octobre, ont \u00e9t\u00e9 les premiers \u00e0 arriver sur la pelouse.<\/p>\n<p>Mateo Carreras en phase de reprise<\/p>\n<p>Sauf p\u00e9pin de derni\u00e8re minute, Segonds sera naturellement titulaire en Charente-Maritime ce week-end. Il pourrait former la charni\u00e8re avec Herschel Jantjies, puisque les deux hommes se sont entra\u00een\u00e9s c\u00f4te \u00e0 c\u00f4te ce midi. Au milieu du terrain, l\u2019Aviron va pouvoir compter sur un retour de poids, puisque Manu Tuilagi, bless\u00e9 au pouce face \u00e0 Montauban d\u00e9but novembre, devrait \u00eatre titulaire avec le num\u00e9ro douze dans le dos. La star anglaise de Bayonne s\u2019est entra\u00een\u00e9e avec Federico Mori. Sireli Maqala \u00e9tait avec les rempla\u00e7ants probables.<\/p>\n<p>Aux ailes, en l\u2019absence d\u2019Arnaud Erbinartegaray et Mateo Carreras, Victor Hannoun s\u2019est install\u00e9 sur le flanc gauche. Tom Spring \u00e0 droite. Apr\u00e8s avoir quelque peu loup\u00e9 son match \u00e0 Londres, o\u00f9 il \u00e9voluait \u00e0 l\u2019ouverture dimanche, l\u2019enfant de Nafarroa devrait donc retrouver un poste o\u00f9 il a excell\u00e9 depuis le d\u00e9but de la saison. Au fond du terrain, Cheikh Tiberghien est pressenti pour d\u00e9marrer le match en quinze. Notons, enfin, que l\u2019ailier Mateo Carreras, revenu bless\u00e9 de la tourn\u00e9e cet automne, est en phase de reprise. L\u2019Argentin a travaill\u00e9 dans un coin du terrain avec le responsable de la performance, Lo\u00efc Louit.<\/p>\n<p>Retour de Rob Leota<\/p>\n<p>Chez les avants, ce mercredi matin, Gr\u00e9gory Patat a demand\u00e9 \u00e0 Andy Bordelai, Facundo Bosch et Emerick Setiano de travailler ensemble, en premi\u00e8re ligne. Bordelai, titulaire lors des onze premi\u00e8res journ\u00e9es, mais au repos pendant la parenth\u00e8se europ\u00e9enne \u00e0 cause d\u2019une douleur aux cervicales, devrait donc d\u00e9marrer un douzi\u00e8me match de Top 14 cons\u00e9cutif.<\/p>\n<p>En deuxi\u00e8me ligne, le capitaine Arthur Iturria, m\u00e9nag\u00e9 dimanche, et l\u2019Argentin Lucas Paulos sont pressentis pour former un attelage qui a d\u00e9sormais l\u2019habitude de jouer ensemble. Alexandre Fischer, capitaine \u00e0 Londres le week-end pass\u00e9, et Esteban Capilla devraient jouer aux ailes de la troisi\u00e8me ligne, alors que Rob Leota pourrait d\u00e9marrer au poste de num\u00e9ro huit. L\u2019international australien, qui s\u2019\u00e9tait cass\u00e9 le nez face \u00e0 Lyon, ferait ainsi son retour \u00e0 la comp\u00e9tition.<\/p>\n<p>Enfin, de nombreux joueurs \u00e9taient encore absents de l\u2019entra\u00eenement, car bless\u00e9s ou malades : Tatafu, Tagi, Castillon, Johnson, Moon, Chouzenoux, Germain, Machenaud, Bruni, Leveque, Habel Kuffner, Hodge.<\/p>\n","protected":false},"excerpt":{"rendered":"Pour d\u00e9fier La\u00a0Rochelle, samedi apr\u00e8s-midi, Bayonne va pouvoir compter sur le retour de son puissant trois-quarts centre, Manu&hellip;\n","protected":false},"author":2,"featured_media":605453,"comment_status":"","ping_status":"","sticky":false,"template":"","format":"standard","meta":{"footnotes":""},"categories":[2],"tags":[11,1011,27,26279,12,68796,478],"class_list":{"0":"post-605452","1":"post","2":"type-post","3":"status-publish","4":"format-standard","5":"has-post-thumbnail","7":"category-actualites","8":"tag-actualites","9":"tag-fr","10":"tag-france","11":"tag-manu-tuilagi","12":"tag-news","13":"tag-rugby-u00e0-xv","14":"tag-top-14"},"share_on_mastodon":{"url":"https:\/\/pubeurope.com\/@fr\/115735529065979428","error":""},"_links":{"self":[{"href":"https:\/\/www.europesays.com\/fr\/wp-json\/wp\/v2\/posts\/605452","targetHints":{"allow":["GET"]}}],"collection":[{"href":"https:\/\/www.europesays.com\/fr\/wp-json\/wp\/v2\/posts"}],"about":[{"href":"https:\/\/www.europesays.com\/fr\/wp-json\/wp\/v2\/types\/post"}],"author":[{"embeddable":true,"href":"https:\/\/www.europesays.com\/fr\/wp-json\/wp\/v2\/users\/2"}],"replies":[{"embeddable":true,"href":"https:\/\/www.europesays.com\/fr\/wp-json\/wp\/v2\/comments?post=605452"}],"version-history":[{"count":0,"href":"https:\/\/www.europesays.com\/fr\/wp-json\/wp\/v2\/posts\/605452\/revisions"}],"wp:featuredmedia":[{"embeddable":true,"href":"https:\/\/www.europesays.com\/fr\/wp-json\/wp\/v2\/media\/605453"}],"wp:attachment":[{"href":"https:\/\/www.europesays.com\/fr\/wp-json\/wp\/v2\/media?parent=605452"}],"wp:term":[{"taxonomy":"category","embeddable":true,"href":"https:\/\/www.europesays.com\/fr\/wp-json\/wp\/v2\/categories?post=605452"},{"taxonomy":"post_tag","embeddable":true,"href":"https:\/\/www.europesays.com\/fr\/wp-json\/wp\/v2\/tags?post=605452"}],"curies":[{"name":"wp","href":"https:\/\/api.w.org\/{rel}","templated":true}]}}