{"id":605454,"date":"2025-12-17T15:06:27","date_gmt":"2025-12-17T15:06:27","guid":{"rendered":"https:\/\/www.europesays.com\/fr\/605454\/"},"modified":"2025-12-17T15:06:27","modified_gmt":"2025-12-17T15:06:27","slug":"sncf-reprise-repoussee-entre-saint-etienne-et-le-puy-en-velay","status":"publish","type":"post","link":"https:\/\/www.europesays.com\/fr\/605454\/","title":{"rendered":"SNCF : reprise repouss\u00e9e entre Saint-\u00c9tienne et Le Puy-en-Velay"},"content":{"rendered":"<p>La circulation des trains, interrompue depuis vendredi 12 d\u00e9cembre pour un \u00ab\u00a0d\u00e9rangement\u00a0\u00bb sur la voie, ne reprendra que jeudi 18 d\u00e9cembre entre Le Puy-en-Velay et Saint-\u00c9tienne.<\/p>\n<p>La gal\u00e8re continue sur les rails. Initialement pr\u00e9vue mercredi 17 d\u00e9cembre, la reprise de la circulation entre <b>Le Puy-en-Velay<\/b> et <b>Saint-\u00c9tienne<\/b>\u00a0a \u00e9t\u00e9 repouss\u00e9e. Elle est d\u00e9sormais estim\u00e9e pour jeudi matin selon la compagnie.<\/p>\n<p>Aucun train entre Le Puy-en-Velay et Firminy<\/p>\n<p>En cause : un \u00ab\u00a0d\u00e9rangement\u00a0\u00bb affectant la voie, suite \u00e0 des travaux men\u00e9s depuis fin septembre sur la ligne. Le chantier a pris fin vendredi 12 d\u00e9cembre. Mais le trafic a rapidement \u00e9t\u00e9 interrompu dans la soir\u00e9e, apr\u00e8s une br\u00e8ve reprise.<\/p>\n<p><b>Aucun train ne circule d\u00e9sormais entre Le Puy-en-Velay et Firminy<\/b>. Les TER assurent uniquement la liaison entre Firminy et Saint-\u00c9tienne.<\/p>\n<p>Des cars de substitution ont \u00e9t\u00e9 mis en place pour permettre de relier Ch\u00e2teaucreux, Firminy et Le Puy-en-Velay.<\/p>\n<p>Vous retrouvez les pr\u00e9visions de circulation pour ce mardi 16 d\u00e9cembre <a class=\"url\" href=\"https:\/\/ter-fiches-horaires.sncf.fr\/publish\/FH09%20Ligne%2009%20_%20Le%20Puy%20-%20St-Etienne%20-%20Lyon_mardi-16-d%C3%83%C2%A9cembre-2025_A3_v1.pdf\" target=\"_blank\" rel=\"noopener\">sur le site de la SNCF<\/a>.<\/p>\n<p><img loading=\"lazy\" decoding=\"async\" src=\"https:\/\/www.europesays.com\/fr\/wp-content\/uploads\/2025\/12\/1765983987_133_img\" width=\"350\" height=\"200\" border=\"0\" title=\"Il avait vol\u00c3\u00a9 pr\u00c3\u00a8s de 40.000 euros \u00c3\u00a0 la m\u00c3\u00a8re de son amie \u00c3\u00a0 Saint-\u00c3\u0089tienne\"\/><\/p>\n<p>\u25baFaits divers<\/p>\n<p style=\"font-size: 22px;\"><b>Saint-\u00c9tienne : il escroque pr\u00e8s de 40.000 euros \u00e0 la m\u00e8re de son amie<\/b><\/p>\n<p>Jeudi dernier, un homme de 41 ans a \u00e9t\u00e9 condamn\u00e9&#8230;<\/p>\n<p><\/p>\n","protected":false},"excerpt":{"rendered":"La circulation des trains, interrompue depuis vendredi 12 d\u00e9cembre pour un \u00ab\u00a0d\u00e9rangement\u00a0\u00bb sur la voie, ne reprendra que&hellip;\n","protected":false},"author":2,"featured_media":384698,"comment_status":"","ping_status":"","sticky":false,"template":"","format":"standard","meta":{"footnotes":""},"categories":[9653],"tags":[1111,11,2430,19564,1777,674,10282,1011,27,12,71306,25,9920,4001,2215,926],"class_list":{"0":"post-605454","1":"post","2":"type-post","3":"status-publish","4":"format-standard","5":"has-post-thumbnail","7":"category-saint-etienne","8":"tag-actu","9":"tag-actualites","10":"tag-auvergne-rhone-alpes","11":"tag-car","12":"tag-eu","13":"tag-europe","14":"tag-firminy","15":"tag-fr","16":"tag-france","17":"tag-news","18":"tag-puy-en-velay","19":"tag-republique-francaise","20":"tag-saint-tienne","21":"tag-saint-etienne","22":"tag-sncf","23":"tag-train"},"share_on_mastodon":{"url":"https:\/\/pubeurope.com\/@fr\/115735533871693171","error":""},"_links":{"self":[{"href":"https:\/\/www.europesays.com\/fr\/wp-json\/wp\/v2\/posts\/605454","targetHints":{"allow":["GET"]}}],"collection":[{"href":"https:\/\/www.europesays.com\/fr\/wp-json\/wp\/v2\/posts"}],"about":[{"href":"https:\/\/www.europesays.com\/fr\/wp-json\/wp\/v2\/types\/post"}],"author":[{"embeddable":true,"href":"https:\/\/www.europesays.com\/fr\/wp-json\/wp\/v2\/users\/2"}],"replies":[{"embeddable":true,"href":"https:\/\/www.europesays.com\/fr\/wp-json\/wp\/v2\/comments?post=605454"}],"version-history":[{"count":0,"href":"https:\/\/www.europesays.com\/fr\/wp-json\/wp\/v2\/posts\/605454\/revisions"}],"wp:featuredmedia":[{"embeddable":true,"href":"https:\/\/www.europesays.com\/fr\/wp-json\/wp\/v2\/media\/384698"}],"wp:attachment":[{"href":"https:\/\/www.europesays.com\/fr\/wp-json\/wp\/v2\/media?parent=605454"}],"wp:term":[{"taxonomy":"category","embeddable":true,"href":"https:\/\/www.europesays.com\/fr\/wp-json\/wp\/v2\/categories?post=605454"},{"taxonomy":"post_tag","embeddable":true,"href":"https:\/\/www.europesays.com\/fr\/wp-json\/wp\/v2\/tags?post=605454"}],"curies":[{"name":"wp","href":"https:\/\/api.w.org\/{rel}","templated":true}]}}