{"id":605455,"date":"2025-12-17T15:07:20","date_gmt":"2025-12-17T15:07:20","guid":{"rendered":"https:\/\/www.europesays.com\/fr\/605455\/"},"modified":"2025-12-17T15:07:20","modified_gmt":"2025-12-17T15:07:20","slug":"saint-etienne-pour-noel-quels-changements-dans-les-transports-de-la-stas","status":"publish","type":"post","link":"https:\/\/www.europesays.com\/fr\/605455\/","title":{"rendered":"Saint-\u00c9tienne : pour No\u00ebl, quels changements dans les transports de la STAS\u00a0?"},"content":{"rendered":"<p>\u00c0 l&rsquo;occasion des vacances scolaires de No\u00ebl, le STAS adapte ses horaires \u00e0 Saint-\u00c9tienne et dans son agglom\u00e9ration.<\/p>\n<p>Les vacances de No\u00ebl arrivent \u00e0 grands pas, et avec elles, des modifications dans <b>les transports en commun de la STAS<\/b>.<\/p>\n<p>Les nouveaux horaires de la STAS pour No\u00ebl\u00a0<\/p>\n<p>Du lundi 22 d\u00e9cembre au vendredi 2 janvier inclus, le r\u00e9seau adapte ses horaires :<\/p>\n<p><b>Mercredi 24 d\u00e9cembre :<\/b> les trams et les bus s&rsquo;arr\u00eateront progressivement vers 20h.&#13;<\/p>\n<p><b>Jeudi 25 d\u00e9cembre :<\/b> les trams et les bus circuleront aux horaires du dimanche, ils commenceront \u00e0 circuler \u00e0 7h du matin.&#13;<\/p>\n<p><b>Mercredi 31 d\u00e9cembre :<\/b> les trams circuleront aux horaires du samedi et les bus circuleront aux horaires des vacances scolaires. Les trams et les bus s&rsquo;arr\u00eateront progressivement vers 20h.&#13;<\/p>\n<p><b>Jeudi 1er janvier :<\/b> les trams et les bus circuleront aux horaires du dimanche,\u00a0ils commenceront \u00e0 circuler \u00e0 7h du matin.<\/p>\n<p><b>Vendredi 2 janvier :<\/b> les trams et les bus circuleront aux horaires du samedi.&#13;<\/p>\n<p>\u00c0 noter que les bus et les trams seront gratuits le week-end du 20 et 21 d\u00e9cembre.<\/p>\n<p><img loading=\"lazy\" decoding=\"async\" src=\"https:\/\/www.europesays.com\/fr\/wp-content\/uploads\/2025\/12\/1765984040_661_img\" width=\"350\" height=\"200\" border=\"0\" title=\"L'entr\u00c3\u00a9e du tunnel sous Fourvi\u00c3\u00a8re \u00c3\u00a0 Lyon dans le sens Paris-Marseille.\"\/><\/p>\n<p>\u25baTrafic<\/p>\n<p style=\"font-size: 22px;\"><b>D\u00e9but des vacances de No\u00ebl : quelles pr\u00e9visions sur les routes en Auvergne-Rh\u00f4ne-Alpes ?<\/b><\/p>\n<p>Ce mercredi 17 d\u00e9cembre, Bison Fut\u00e9 a communiqu\u00e9&#8230;<\/p>\n<p><\/p>\n","protected":false},"excerpt":{"rendered":"\u00c0 l&rsquo;occasion des vacances scolaires de No\u00ebl, le STAS adapte ses horaires \u00e0 Saint-\u00c9tienne et dans son agglom\u00e9ration.&hellip;\n","protected":false},"author":2,"featured_media":388035,"comment_status":"","ping_status":"","sticky":false,"template":"","format":"standard","meta":{"footnotes":"","_share_on_mastodon":"0"},"categories":[9653],"tags":[1111,11,2430,1777,674,1011,27,12,63629,25,9920,4001,24434,2216],"class_list":["post-605455","post","type-post","status-publish","format-standard","has-post-thumbnail","category-saint-etienne","tag-actu","tag-actualites","tag-auvergne-rhone-alpes","tag-eu","tag-europe","tag-fr","tag-france","tag-news","tag-nol","tag-republique-francaise","tag-saint-tienne","tag-saint-etienne","tag-stas","tag-transports-en-commun"],"share_on_mastodon":{"url":"https:\/\/pubeurope.com\/@fr\/115735537708499911","error":""},"_links":{"self":[{"href":"https:\/\/www.europesays.com\/fr\/wp-json\/wp\/v2\/posts\/605455","targetHints":{"allow":["GET"]}}],"collection":[{"href":"https:\/\/www.europesays.com\/fr\/wp-json\/wp\/v2\/posts"}],"about":[{"href":"https:\/\/www.europesays.com\/fr\/wp-json\/wp\/v2\/types\/post"}],"author":[{"embeddable":true,"href":"https:\/\/www.europesays.com\/fr\/wp-json\/wp\/v2\/users\/2"}],"replies":[{"embeddable":true,"href":"https:\/\/www.europesays.com\/fr\/wp-json\/wp\/v2\/comments?post=605455"}],"version-history":[{"count":0,"href":"https:\/\/www.europesays.com\/fr\/wp-json\/wp\/v2\/posts\/605455\/revisions"}],"wp:featuredmedia":[{"embeddable":true,"href":"https:\/\/www.europesays.com\/fr\/wp-json\/wp\/v2\/media\/388035"}],"wp:attachment":[{"href":"https:\/\/www.europesays.com\/fr\/wp-json\/wp\/v2\/media?parent=605455"}],"wp:term":[{"taxonomy":"category","embeddable":true,"href":"https:\/\/www.europesays.com\/fr\/wp-json\/wp\/v2\/categories?post=605455"},{"taxonomy":"post_tag","embeddable":true,"href":"https:\/\/www.europesays.com\/fr\/wp-json\/wp\/v2\/tags?post=605455"}],"curies":[{"name":"wp","href":"https:\/\/api.w.org\/{rel}","templated":true}]}}