{"id":605456,"date":"2025-12-17T15:08:14","date_gmt":"2025-12-17T15:08:14","guid":{"rendered":"https:\/\/www.europesays.com\/fr\/605456\/"},"modified":"2025-12-17T15:08:14","modified_gmt":"2025-12-17T15:08:14","slug":"girl-power-a-la-foucotte","status":"publish","type":"post","link":"https:\/\/www.europesays.com\/fr\/605456\/","title":{"rendered":"Girl power \u00e0 La Foucotte"},"content":{"rendered":"<p>La Cie Bao pr\u00e9sente Girl Power , une pi\u00e8ce de Joachim Desmoines, avec Caroline Boogaerts, \u00c9lodie KV et Marick Revollon. <\/p>\n<p>Girl power , c\u2019est l\u2019histoire de trois super-copines en super-gal\u00e8re affective qui d\u00e9cident de se prendre une super-cuite et qui obtiennent de super-pouvoirs. <\/p>\n<p>Ajoutez 18 mojitos et la super gn\u00f4le du papy\u00a0: vous avez tous les ingr\u00e9dients d\u2019une com\u00e9die f\u00e9minine et f\u00e9ministe, totalement d\u00e9jant\u00e9e.<\/p>\n<p class=\"note\">Mercredi 31\u00a0d\u00e9cembre, \u00e0 18\u00a0h\u00a030 et 21\u00a0h, au th\u00e9\u00e2tre de La Foucotte, 3, rue de la Foucotte, \u00e0 Nancy. Tarif\u00a0: 33\u00a0\u20ac. <\/p>\n<p class=\"note\">R\u00e9servation au 06\u00a043\u00a016\u00a086\u00a086 ou sur https:\/\/grand-est-spectacles.fr<\/p>\n","protected":false},"excerpt":{"rendered":"La Cie Bao pr\u00e9sente Girl Power , une pi\u00e8ce de Joachim Desmoines, avec Caroline Boogaerts, \u00c9lodie KV et&hellip;\n","protected":false},"author":2,"featured_media":605457,"comment_status":"","ping_status":"","sticky":false,"template":"","format":"standard","meta":{"footnotes":""},"categories":[9635],"tags":[1111,11,1687,1704,1777,674,1011,27,775,1702,1703,12,25,3140],"class_list":{"0":"post-605456","1":"post","2":"type-post","3":"status-publish","4":"format-standard","5":"has-post-thumbnail","7":"category-nancy","8":"tag-actu","9":"tag-actualites","10":"tag-culture-loisirs","11":"tag-edition-nancy-et-agglomeration","12":"tag-eu","13":"tag-europe","14":"tag-fr","15":"tag-france","16":"tag-grand-est","17":"tag-nancy","18":"tag-nancy-ville-54b","19":"tag-news","20":"tag-republique-francaise","21":"tag-spectacle"},"share_on_mastodon":{"url":"https:\/\/pubeurope.com\/@fr\/115735540801279334","error":""},"_links":{"self":[{"href":"https:\/\/www.europesays.com\/fr\/wp-json\/wp\/v2\/posts\/605456","targetHints":{"allow":["GET"]}}],"collection":[{"href":"https:\/\/www.europesays.com\/fr\/wp-json\/wp\/v2\/posts"}],"about":[{"href":"https:\/\/www.europesays.com\/fr\/wp-json\/wp\/v2\/types\/post"}],"author":[{"embeddable":true,"href":"https:\/\/www.europesays.com\/fr\/wp-json\/wp\/v2\/users\/2"}],"replies":[{"embeddable":true,"href":"https:\/\/www.europesays.com\/fr\/wp-json\/wp\/v2\/comments?post=605456"}],"version-history":[{"count":0,"href":"https:\/\/www.europesays.com\/fr\/wp-json\/wp\/v2\/posts\/605456\/revisions"}],"wp:featuredmedia":[{"embeddable":true,"href":"https:\/\/www.europesays.com\/fr\/wp-json\/wp\/v2\/media\/605457"}],"wp:attachment":[{"href":"https:\/\/www.europesays.com\/fr\/wp-json\/wp\/v2\/media?parent=605456"}],"wp:term":[{"taxonomy":"category","embeddable":true,"href":"https:\/\/www.europesays.com\/fr\/wp-json\/wp\/v2\/categories?post=605456"},{"taxonomy":"post_tag","embeddable":true,"href":"https:\/\/www.europesays.com\/fr\/wp-json\/wp\/v2\/tags?post=605456"}],"curies":[{"name":"wp","href":"https:\/\/api.w.org\/{rel}","templated":true}]}}