{"id":60546,"date":"2025-04-29T00:37:14","date_gmt":"2025-04-29T00:37:14","guid":{"rendered":"https:\/\/www.europesays.com\/fr\/60546\/"},"modified":"2025-04-29T00:37:14","modified_gmt":"2025-04-29T00:37:14","slug":"apres-lattaque-de-nantes-la-recuperation-politique-comme-une-habitude-systematique","status":"publish","type":"post","link":"https:\/\/www.europesays.com\/fr\/60546\/","title":{"rendered":"Apr\u00e8s l\u2019attaque de Nantes, la r\u00e9cup\u00e9ration politique comme une \u201chabitude syst\u00e9matique\u201d"},"content":{"rendered":"\n<p>Devant le stade Jules-No\u00ebl, dans le XIVe\u00a0arrondissement de Paris, en janvier 2025, devant le lyc\u00e9e Rodin, dans le XIIIe\u00a0arrondissement, en d\u00e9cembre 2024, au sein du lyc\u00e9e Saint-Gabriel de Bagneux en f\u00e9vrier 2025 ou encore, le 17\u00a0avril, \u00e0 c\u00f4t\u00e9 du lyc\u00e9e Marie-Curie, \u00e0 \u00c9chirolles, en Is\u00e8re. \u201cLa liste des faits divers qui ont frapp\u00e9 les \u00e9coles fran\u00e7aises depuis le d\u00e9but de l\u2019ann\u00e9e continue de s\u2019allonger\u201d, <a class=\"ithalc\" data-ithal=\"lien_externe\" data-ithalc=\"[nav_article]\" target=\"_blank\" href=\"https:\/\/www.ilfattoquotidiano.it\/2025\/04\/25\/francia-ennesimo-omicidio-a-scuola-la-violenza-minorile-diventa-un-problema-destra-e-sinistra-si-scontrano-sulle-soluzioni\/7965130\/\" rel=\"nofollow noopener\">rel\u00e8ve <strong>Il Fatto Quotidiano<\/strong><\/a><strong>.<\/strong> L\u2019attaque au couteau dans le lyc\u00e9e Notre-Dame-de-Toutes-Aides, \u00e0 Nantes, jeudi 24\u00a0avril, s\u2019ajoute \u00e0 cette liste trop longue. \u201cChacun de ces drames relance le d\u00e9bat sur la d\u00e9linquance des mineurs, la s\u00e9curit\u00e9 dans les \u00e9coles et la pr\u00e9sence d\u2019armes blanches\u00a0dans les classes\u201d, note le journal italien.<\/p>\n<p>En effet, peu apr\u00e8s la mort du jeune Elias, 14\u00a0ans, \u00e0 la sortie de son entra\u00eenement de football au stade Jules-No\u00ebl, le 24\u00a0janvier, \u00c9lisabeth Borne avait annonc\u00e9 \u201cdeux premi\u00e8res mesures\u201d, rappelle le quotidien romain\u00a0: l\u2019instauration prochaine de fouilles \u201cinopin\u00e9es\u201d des sacs \u00e0 l\u2019entr\u00e9e des \u00e9tablissements scolaires ainsi que la modification du Code de l\u2019\u00e9ducation, afin de faciliter les sanctions en cas de port d\u2019armes blanches.<\/p>\n<p>Quelques mois auparavant, \u00e0 la suite de la mort de Nahel, tu\u00e9 par un policier en juin 2023, qui avait provoqu\u00e9 \u201cdes semaines d\u2019\u00e9meutes dans tou<\/p>\n","protected":false},"excerpt":{"rendered":"Devant le stade Jules-No\u00ebl, dans le XIVe\u00a0arrondissement de Paris, en janvier 2025, devant le lyc\u00e9e Rodin, dans le&hellip;\n","protected":false},"author":2,"featured_media":60547,"comment_status":"","ping_status":"","sticky":false,"template":"","format":"standard","meta":{"footnotes":""},"categories":[2818],"tags":[1111,11,1013,1777,674,1011,27,15763,3821,766,12,2636,316,25,1857,11084,15762],"class_list":{"0":"post-60546","1":"post","2":"type-post","3":"status-publish","4":"format-standard","5":"has-post-thumbnail","7":"category-nantes","8":"tag-actu","9":"tag-actualites","10":"tag-bruno-retailleau","11":"tag-eu","12":"tag-europe","13":"tag-fr","14":"tag-france","15":"tag-franu00e7ois-bayrou","16":"tag-la-france-vue-de-lu2019u00e9tranger","17":"tag-nantes","18":"tag-news","19":"tag-pays-de-la-loire","20":"tag-politique","21":"tag-republique-francaise","22":"tag-sociu00e9tu00e9","23":"tag-u00e9ducation","24":"tag-u00e9lisabeth-borne"},"share_on_mastodon":{"url":"https:\/\/pubeurope.com\/@fr\/114418459865880593","error":""},"_links":{"self":[{"href":"https:\/\/www.europesays.com\/fr\/wp-json\/wp\/v2\/posts\/60546","targetHints":{"allow":["GET"]}}],"collection":[{"href":"https:\/\/www.europesays.com\/fr\/wp-json\/wp\/v2\/posts"}],"about":[{"href":"https:\/\/www.europesays.com\/fr\/wp-json\/wp\/v2\/types\/post"}],"author":[{"embeddable":true,"href":"https:\/\/www.europesays.com\/fr\/wp-json\/wp\/v2\/users\/2"}],"replies":[{"embeddable":true,"href":"https:\/\/www.europesays.com\/fr\/wp-json\/wp\/v2\/comments?post=60546"}],"version-history":[{"count":0,"href":"https:\/\/www.europesays.com\/fr\/wp-json\/wp\/v2\/posts\/60546\/revisions"}],"wp:featuredmedia":[{"embeddable":true,"href":"https:\/\/www.europesays.com\/fr\/wp-json\/wp\/v2\/media\/60547"}],"wp:attachment":[{"href":"https:\/\/www.europesays.com\/fr\/wp-json\/wp\/v2\/media?parent=60546"}],"wp:term":[{"taxonomy":"category","embeddable":true,"href":"https:\/\/www.europesays.com\/fr\/wp-json\/wp\/v2\/categories?post=60546"},{"taxonomy":"post_tag","embeddable":true,"href":"https:\/\/www.europesays.com\/fr\/wp-json\/wp\/v2\/tags?post=60546"}],"curies":[{"name":"wp","href":"https:\/\/api.w.org\/{rel}","templated":true}]}}