{"id":605466,"date":"2025-12-17T15:13:11","date_gmt":"2025-12-17T15:13:11","guid":{"rendered":"https:\/\/www.europesays.com\/fr\/605466\/"},"modified":"2025-12-17T15:13:11","modified_gmt":"2025-12-17T15:13:11","slug":"son-compte-bancaire-est-vide-trois-hommes-sacharnent-sur-une-personne-handicapee","status":"publish","type":"post","link":"https:\/\/www.europesays.com\/fr\/605466\/","title":{"rendered":"son compte bancaire est vide, trois hommes s\u2019acharnent sur une personne handicap\u00e9e"},"content":{"rendered":"<p>                    Par<br \/>\n        <strong><br \/>\n            <a href=\"https:\/\/actu.fr\/auteur\/lea-pippinato\" title=\"Consulter tous les articles de L\u00e9a Pippinato\" target=\"_blank\" rel=\"noopener\">L\u00e9a Pippinato<\/a><br \/>\n                    <\/strong><\/p>\n<p>        Publi\u00e9 le<\/p>\n<p>            17 d\u00e9c. 2025 \u00e0 15h52        <\/p>\n<p><strong>Ce lundi 15 d\u00e9cembre 2025<\/strong>, il est pr\u00e8s de 5h du matin cours Gambetta. Un homme de 29 ans se d\u00e9place seul : son handicap est visible \u00e0 une main. Trois passants l\u2019arr\u00eatent et exigent de l\u2019argent. La victime tente d\u2019expliquer sa situation.\u00a0<\/p>\n<p>    <a href=\"https:\/\/www.google.com\/maps\/embed?pb=!1m18!1m12!1m3!1d2888.9747487177387!2d3.868644576459858!3d43.607067371104314!2m3!1f0!2f0!3f0!3m2!1i1024!2i768!4f13.1!3m3!1m2!1s0x12b6afa966f1addb%3A0xd752be51f1b48737!2sCr%20Gambetta%2C%20Montpellier!5e0!3m2!1sfr!2sfr!4v1765966164900!5m2!1sfr!2sfr\" title=\"Ouvrie le lien\" target=\"_blank\" rel=\"noopener\">Cliquez ici pour visualiser le contenu<\/a><\/p>\n<p class=\" wall-content\">Pour prouver sa bonne foi, l\u2019homme montre son portefeuille et pr\u00e9sente aussi son application bancaire sur son t\u00e9l\u00e9phone. Les comptes sont vides, mais le geste ne rassure pas les agresseurs : il provoque l\u2019effet inverse. Son t\u00e9l\u00e9phone lui est arrach\u00e9. La carte bancaire attire aussit\u00f4t leur attention. Les trois hommes forcent la victime \u00e0 se d\u00e9placer pour retirer de l\u2019argent. Devant le distributeur, aucun billet ne sort. L\u2019homme est dans l\u2019incapacit\u00e9 de donner la moindre somme. La tension monte encore : l\u2019un des agresseurs s\u2019empare alors de sa trottinette.<\/p>\n<p>Une intervention en pleine altercation<\/p>\n<p class=\" wall-content\">La victime tente de se d\u00e9fendre. Un \u00e9quipage de police secours nuit arrive \u00e0 ce moment pr\u00e9cis. Les agents surprennent la victime aux prises avec deux suspects. Le troisi\u00e8me a d\u00e9j\u00e0 pris la fuite sur la trottinette vol\u00e9e. Les policiers proc\u00e8dent aux v\u00e9rifications : la carte bancaire de la victime est retrouv\u00e9e sur l\u2019un des suspects. Les deux hommes sont interpell\u00e9s. Leur \u00e9tat d\u2019ivresse est manifeste et ils refusent de se soumettre aux contr\u00f4les li\u00e9s \u00e0 l\u2019alcool.<\/p>\n<p class=\" wall-content\">Les deux interpell\u00e9s sont \u00e2g\u00e9s de 27 et 41 ans. Le plus \u00e2g\u00e9 fait d\u00e9j\u00e0 l\u2019objet d\u2019une OQTF (obligation de quitter le territoire fran\u00e7ais). Les faits sont qualifi\u00e9s de vol aggrav\u00e9 en r\u00e9union et sur personne vuln\u00e9rable. Le refus de se soumettre aux v\u00e9rifications s\u2019ajoute aux poursuites. Les deux suspects ont \u00e9t\u00e9 d\u00e9f\u00e9r\u00e9s <strong>ce mardi 16 d\u00e9cembre a<\/strong>u parquet de Montpellier. Une convocation par proc\u00e8s-verbal leur a \u00e9t\u00e9 remise pour \u00eatre jug\u00e9s ult\u00e9rieurement. Un contr\u00f4le judiciaire leur est notifi\u00e9.\u00a0<\/p>\n<p>Vid\u00e9os : en ce moment sur Actu\u2696\ufe0f Contr\u00f4le judiciaire : de quoi parle-t-on ?<\/p>\n<p>Le contr\u00f4le judiciaire est une mesure d\u00e9cid\u00e9e par un magistrat. Elle permet de laisser une personne libre dans l\u2019attente de son jugement. Cette libert\u00e9 reste encadr\u00e9e. La personne doit respecter des obligations pr\u00e9cises : elles peuvent inclure des pointages r\u00e9guliers, une interdiction de para\u00eetre dans certains lieux ou de rencontrer certaines personnes. Le non-respect de ces r\u00e8gles peut entra\u00eener une incarc\u00e9ration provisoire.<\/p>\n<p class=\" wall-content\">Personnalisez votre actualit\u00e9 en ajoutant vos villes et m\u00e9dias en favori avec <a href=\"https:\/\/moncompte.actu.fr\" title=\"D\u00e9couvez Mon Actu\" rel=\"nofollow noopener\" data-trk=\"{&quot;cta&quot;:{&quot;action&quot;:&quot;https:\\\/\\\/moncompte.actu.fr&quot;,&quot;category&quot;:&quot;mon compte&quot;,&quot;from&quot;:&quot;article footer&quot;,&quot;name&quot;:&quot;Mon actu&quot;,&quot;type&quot;:&quot;cta&quot;}}\" target=\"_blank\">Mon Actu<\/a>.<\/p>\n","protected":false},"excerpt":{"rendered":"Par L\u00e9a Pippinato Publi\u00e9 le 17 d\u00e9c. 2025 \u00e0 15h52 Ce lundi 15 d\u00e9cembre 2025, il est pr\u00e8s&hellip;\n","protected":false},"author":2,"featured_media":605467,"comment_status":"","ping_status":"","sticky":false,"template":"","format":"standard","meta":{"footnotes":""},"categories":[9599],"tags":[1111,11,1261,1777,674,118,1011,27,1943,2208,12,2680,1072,25],"class_list":{"0":"post-605466","1":"post","2":"type-post","3":"status-publish","4":"format-standard","5":"has-post-thumbnail","7":"category-montpellier","8":"tag-actu","9":"tag-actualites","10":"tag-argent","11":"tag-eu","12":"tag-europe","13":"tag-faits-divers","14":"tag-fr","15":"tag-france","16":"tag-handicap","17":"tag-montpellier","18":"tag-news","19":"tag-occitanie","20":"tag-police","21":"tag-republique-francaise"},"share_on_mastodon":{"url":"https:\/\/pubeurope.com\/@fr\/115735560404439385","error":""},"_links":{"self":[{"href":"https:\/\/www.europesays.com\/fr\/wp-json\/wp\/v2\/posts\/605466","targetHints":{"allow":["GET"]}}],"collection":[{"href":"https:\/\/www.europesays.com\/fr\/wp-json\/wp\/v2\/posts"}],"about":[{"href":"https:\/\/www.europesays.com\/fr\/wp-json\/wp\/v2\/types\/post"}],"author":[{"embeddable":true,"href":"https:\/\/www.europesays.com\/fr\/wp-json\/wp\/v2\/users\/2"}],"replies":[{"embeddable":true,"href":"https:\/\/www.europesays.com\/fr\/wp-json\/wp\/v2\/comments?post=605466"}],"version-history":[{"count":0,"href":"https:\/\/www.europesays.com\/fr\/wp-json\/wp\/v2\/posts\/605466\/revisions"}],"wp:featuredmedia":[{"embeddable":true,"href":"https:\/\/www.europesays.com\/fr\/wp-json\/wp\/v2\/media\/605467"}],"wp:attachment":[{"href":"https:\/\/www.europesays.com\/fr\/wp-json\/wp\/v2\/media?parent=605466"}],"wp:term":[{"taxonomy":"category","embeddable":true,"href":"https:\/\/www.europesays.com\/fr\/wp-json\/wp\/v2\/categories?post=605466"},{"taxonomy":"post_tag","embeddable":true,"href":"https:\/\/www.europesays.com\/fr\/wp-json\/wp\/v2\/tags?post=605466"}],"curies":[{"name":"wp","href":"https:\/\/api.w.org\/{rel}","templated":true}]}}