{"id":605470,"date":"2025-12-17T15:17:15","date_gmt":"2025-12-17T15:17:15","guid":{"rendered":"https:\/\/www.europesays.com\/fr\/605470\/"},"modified":"2025-12-17T15:17:15","modified_gmt":"2025-12-17T15:17:15","slug":"valence-romans-mobilites-et-luniversite-grenoble-alpes-signent-un-plan-mobilite-campus","status":"publish","type":"post","link":"https:\/\/www.europesays.com\/fr\/605470\/","title":{"rendered":"Valence Romans Mobilit\u00e9s et l\u2019universit\u00e9 Grenoble-Alpes signent un plan \u201cMobilit\u00e9 campus\u201d"},"content":{"rendered":"<p>Les deux entit\u00e9s travaillaient d\u00e9j\u00e0 ensemble. Leur partenariat est d\u00e9sormais scell\u00e9 dans le marbre avec le plan \u201cMobilit\u00e9 campus\u201d. Valence Romans Mobilit\u00e9s (VRM), syndicat mixte qui g\u00e8re les transports dans l\u2019Agglo, et l\u2019Universit\u00e9 Grenoble Alpes (UGA), ont proc\u00e9d\u00e9 \u00e0 la signature de ce document jeudi 11\u00a0d\u00e9cembre, sur le site de Latour-Maubourg.<\/p>\n<p>\u00ab\u00a0Valence a la probl\u00e9matique d\u2019avoir <a href=\"https:\/\/www.ledauphine.com\/education\/2025\/08\/06\/c-est-parfois-une-veritable-foire-d-empoigne-la-galere-des-etudiants-pour-se-loger\" target=\"_blank\" rel=\"noopener\">peu de logements pour les \u00e9tudiants<\/a>, qui sont oblig\u00e9s de rester vivre chez leurs parents [\u2026]. Le personnel de l\u2019universit\u00e9 n\u2019habite pas Valence non plus. Le recours \u00e0 la voiture est donc indispensable\u00a0\u00bb, a d\u00e9crit S\u00e9bastien Geindre, vice-pr\u00e9sident de l\u2019UGA en charge du campus Valence Dr\u00f4me-Ard\u00e8che. \u00ab\u00a0Les transports correspondant \u00e0 un quart des \u00e9missions \u00e0 effet de serre de l\u2019universit\u00e9\u00a0\u00bb, constate-t-il.<\/p>\n<p>  Promotion de l\u2019utilisation du v\u00e9lo<\/p>\n<p>Depuis quelques ann\u00e9es, l\u2019UGA et VRM font donc des actions communes, comme la Semaine de la mobilit\u00e9 lors de la rentr\u00e9e scolaire, <a href=\"https:\/\/www.ledauphine.com\/transport\/2025\/09\/24\/les-cyclistes-pedalent-entre-les-ameliorations-et-les-difficultes\" target=\"_blank\" rel=\"noopener\">la promotion de l\u2019utilisation du v\u00e9lo<\/a>, des services de location Lib\u00e9lo et du covoiturage aupr\u00e8s des \u00e9tudiants et du personnel, ou encore la mise en avant de la ligne de bus directe (C1) entre le campus de Briffaut et celui de Latour-Maubourg.<\/p>\n<p>Ce contenu est bloqu\u00e9 car vous n&rsquo;avez pas accept\u00e9 les cookies et autres traceurs.<\/p>\n<p>En cliquant sur \u00ab J\u2019accepte \u00bb, les cookies et autres traceurs seront d\u00e9pos\u00e9s et vous pourrez visualiser les contenus  (<a href=\"\" class=\"consentModule_policy\" target=\"_blank\" title=\"Consulter la politique de protection des donn\u00e9es du fournisseur\">plus d&rsquo;informations<\/a>).<\/p>\n<p>En cliquant sur \u00ab J\u2019accepte tous les cookies \u00bb, vous autorisez des d\u00e9p\u00f4ts de cookies et autres traceurs pour le stockage de vos donn\u00e9es sur nos sites et applications \u00e0 des fins de personnalisation et de ciblage publicitaire.<\/p>\n<p class=\"consentModule_secondaryText\">Vous gardez la possibilit\u00e9 de retirer votre consentement \u00e0 tout moment en consultant notre <a href=\"https:\/\/www.ledauphine.com\/protection-des-donnees\" target=\"_blank\" title=\"Consulter notre politique de protection des donn\u00e9es\" rel=\"noopener\">politique de protection des donn\u00e9es<\/a>. <br \/>&#13;<br \/>\n            <a href=\"https:\/\/www.ledauphine.com\/education\/2025\/12\/17\/javascript:Didomi.notice.show()\" class=\"consentModule_cmp\" target=\"_blank\" rel=\"noopener\">G\u00e9rer mes choix<\/a>&#13;\n        <\/p>\n<p>&#13;<br \/>\n                        J&rsquo;accepte&#13;<br \/>\n            J&rsquo;accepte tous les cookies&#13;\n        <\/p>\n<p>VRM va, par exemple, installer un garage \u00e0 v\u00e9los s\u00e9curis\u00e9 de 40 emplacements sur le site de Latour-Maubourg. Les deux entit\u00e9s collaborent \u00e9galement pour un meilleur cadencement des horaires de bus, et travaillent sur la future r\u00e9organisation du p\u00f4le Briffaut.<\/p>\n<p>Ce plan permettra \u00ab\u00a0une meilleure fluidit\u00e9 entre les services\u00a0\u00bb, r\u00e9sume Maryl\u00e8ne Peyrard, pr\u00e9sidente de Valence Romans Mobilit\u00e9s. Il s\u2019agit donc d\u2019une convention \u00ab\u00a0pour gagner en efficacit\u00e9\u00a0\u00bb et pour \u00ab\u00a0structurer une strat\u00e9gie de mobilit\u00e9 durable\u00a0\u00bb.<\/p>\n","protected":false},"excerpt":{"rendered":"Les deux entit\u00e9s travaillaient d\u00e9j\u00e0 ensemble. Leur partenariat est d\u00e9sormais scell\u00e9 dans le marbre avec le plan \u201cMobilit\u00e9&hellip;\n","protected":false},"author":2,"featured_media":605471,"comment_status":"","ping_status":"","sticky":false,"template":"","format":"standard","meta":{"footnotes":""},"categories":[9566],"tags":[1111,11,2430,3542,2730,2735,1057,4854,1777,674,107,1011,27,2731,12,25,2803,2733,2734],"class_list":{"0":"post-605470","1":"post","2":"type-post","3":"status-publish","4":"format-standard","5":"has-post-thumbnail","7":"category-grenoble","8":"tag-actu","9":"tag-actualites","10":"tag-auvergne-rhone-alpes","11":"tag-circulation","12":"tag-drome","13":"tag-edition-valence-rhone-crussol-vallee-de-la-drome","14":"tag-education","15":"tag-enseignement-superieur","16":"tag-eu","17":"tag-europe","18":"tag-fil-info","19":"tag-fr","20":"tag-france","21":"tag-grenoble","22":"tag-news","23":"tag-republique-francaise","24":"tag-transport","25":"tag-valence","26":"tag-valence-bassin"},"share_on_mastodon":{"url":"https:\/\/pubeurope.com\/@fr\/115735576282945920","error":""},"_links":{"self":[{"href":"https:\/\/www.europesays.com\/fr\/wp-json\/wp\/v2\/posts\/605470","targetHints":{"allow":["GET"]}}],"collection":[{"href":"https:\/\/www.europesays.com\/fr\/wp-json\/wp\/v2\/posts"}],"about":[{"href":"https:\/\/www.europesays.com\/fr\/wp-json\/wp\/v2\/types\/post"}],"author":[{"embeddable":true,"href":"https:\/\/www.europesays.com\/fr\/wp-json\/wp\/v2\/users\/2"}],"replies":[{"embeddable":true,"href":"https:\/\/www.europesays.com\/fr\/wp-json\/wp\/v2\/comments?post=605470"}],"version-history":[{"count":0,"href":"https:\/\/www.europesays.com\/fr\/wp-json\/wp\/v2\/posts\/605470\/revisions"}],"wp:featuredmedia":[{"embeddable":true,"href":"https:\/\/www.europesays.com\/fr\/wp-json\/wp\/v2\/media\/605471"}],"wp:attachment":[{"href":"https:\/\/www.europesays.com\/fr\/wp-json\/wp\/v2\/media?parent=605470"}],"wp:term":[{"taxonomy":"category","embeddable":true,"href":"https:\/\/www.europesays.com\/fr\/wp-json\/wp\/v2\/categories?post=605470"},{"taxonomy":"post_tag","embeddable":true,"href":"https:\/\/www.europesays.com\/fr\/wp-json\/wp\/v2\/tags?post=605470"}],"curies":[{"name":"wp","href":"https:\/\/api.w.org\/{rel}","templated":true}]}}