{"id":605476,"date":"2025-12-17T15:20:14","date_gmt":"2025-12-17T15:20:14","guid":{"rendered":"https:\/\/www.europesays.com\/fr\/605476\/"},"modified":"2025-12-17T15:20:14","modified_gmt":"2025-12-17T15:20:14","slug":"plus-de-600-objets-venus-dun-manoir-et-dune-maison-a-remporter","status":"publish","type":"post","link":"https:\/\/www.europesays.com\/fr\/605476\/","title":{"rendered":"plus de 600 objets venus d&rsquo;un manoir et d&rsquo;une maison \u00e0 remporter"},"content":{"rendered":"<p>                    Par<br \/>\n        <strong><br \/>\n            <a href=\"https:\/\/actu.fr\/auteur\/laurene-fertin\" title=\"Consulter tous les articles de Laur\u00e8ne Fertin\" target=\"_blank\" rel=\"noopener\">Laur\u00e8ne Fertin<\/a><br \/>\n                    <\/strong><\/p>\n<p>        Publi\u00e9 le<\/p>\n<p>            17 d\u00e9c. 2025 \u00e0 16h07        <\/p>\n<p>Avis aux chineurs et chineuses\u2009: verres en cristal, vaisselle de Limoges, pistolet \u00e0 silex, meubles d\u2019\u00e9poque, aquarelles\u2026 Dans la commune de <strong>Montgermont,<\/strong> pr\u00e8s de Rennes (Ille-et-Vilaine), <strong>611 objets<\/strong> sont vendus aux <strong>ench\u00e8res.<\/strong><\/p>\n<p class=\" wall-content\">La vente de ce \u00ab\u00a0<strong>fonds de greniers\u00a0\u00bb,<\/strong> organis\u00e9 par <strong>Interencheres,<\/strong> se d\u00e9roule sur deux jours\u2009: mercredi\u00a017 et jeudi 18\u00a0d\u00e9cembre.<\/p>\n<p>Ce qu\u2019on y trouve<\/p>\n<p class=\" wall-content\">Ce fonds de greniers recoupe plusieurs pi\u00e8ces provenant <strong>d\u2019un manoir<\/strong> tenu par un collectionneur belge, mais \u00e9galement <strong>d\u2019une maison vendue lors d\u2019une succession<\/strong>, en Ille-et-Vilaine, indique Interencheres.<\/p>\n<p class=\" wall-content\">On y trouve du mobilier comme <a href=\"https:\/\/www.interencheres.com\/art-decoration\/fonds-de-greniers-successions-et-divers-decembre-1-669005\/lot-84626434.html\" target=\"_blank\" rel=\"noopener\">cette armoire en ch\u00eane sculpt\u00e9e<\/a>, <a href=\"https:\/\/www.interencheres.com\/art-decoration\/fonds-de-greniers-successions-et-divers-decembre-1-669005\/lot-84626459.html\" target=\"_blank\" rel=\"noopener\">cette table-bureau en ch\u00eane moulur\u00e9<\/a>, ou encore <a href=\"https:\/\/www.interencheres.com\/art-decoration\/fonds-de-greniers-successions-et-divers-decembre-2-669046\/lot-84637832.html\" target=\"_blank\" rel=\"noopener\">cette console en fer forg\u00e9 et en marbre vert<\/a>. De la vaisselle et fa\u00efencerie <a href=\"https:\/\/www.interencheres.com\/art-decoration\/fonds-de-greniers-successions-et-divers-decembre-2-669046\/lot-84638042.html\" target=\"_blank\" rel=\"noopener\">Lalique<\/a>, <a href=\"https:\/\/www.interencheres.com\/art-decoration\/fonds-de-greniers-successions-et-divers-decembre-2-669046\/lot-84637824.html\" target=\"_blank\" rel=\"noopener\">Saint-Louis<\/a>, <a href=\"https:\/\/www.interencheres.com\/art-decoration\/fonds-de-greniers-successions-et-divers-decembre-2-669046\/lot-84637868.html\" target=\"_blank\" rel=\"noopener\">Henriot-Quimper<\/a> et Baccarat.<\/p>\n<p class=\" wall-content\">Sans oublier des <strong>toiles, c\u00e9ramiques, flacons<\/strong> en verre ancien, <strong>livres, horloges, lanternes, pipes<\/strong> en bois, pistolets, \u00e9charpes <a href=\"https:\/\/www.interencheres.com\/art-decoration\/fonds-de-greniers-successions-et-divers-decembre-1-669005\/lot-84626511.html\" target=\"_blank\" rel=\"noopener\">Louis Vuitton<\/a>\u2026<\/p>\n<p>Une vente chrono<\/p>\n<p class=\" wall-content\">Les deux ventes se d\u00e9roulent en ligne. Ce sont des <strong>ventes chrono<\/strong>\u2009: vous pouvez ench\u00e9rir en continu jusqu\u2019\u00e0 la fin du chronom\u00e8tre.<\/p>\n<p>Votre r\u00e9gion, votre actu !<\/p>\n<p>Recevez chaque jour les infos qui comptent pour vous.<\/p>\n<p>\t<a href=\"https:\/\/actu.fr\/newsletter\" class=\"ac-btn ac-btn--corner ac-btn--medium ac-btn--blue800\" target=\"_blank\" rel=\"noopener\">S&rsquo;incrire<\/a><\/p>\n<p class=\" wall-content\"><strong>Pass\u00e9 20h<\/strong>, le premier lot se cl\u00f4ture, puis un lot se cl\u00f4ture toutes les 30 secondes. Si vous \u00eates int\u00e9ress\u00e9(e), c\u2019est par <a href=\"https:\/\/www.interencheres.com\/art-decoration\/fonds-de-greniers-successions-et-divers-decembre-2-669046?page=3\" target=\"_blank\" rel=\"noopener\">ici<\/a>.<\/p>\n<p>Infos pratiques\u2009: pour plus d\u2019informations, contactez le 07\u200961\u200952\u200935\u200955 ou via le mail <a href=\"https:\/\/actu.fr\/cdn-cgi\/l\/email-protection\" class=\"__cf_email__\" data-cfemail=\"186b7a79757a7479767b7d587f75797174367b7775\" target=\"_blank\" rel=\"noopener\">[email\u00a0protected]<\/a><\/p>\n<p class=\" wall-content\">Personnalisez votre actualit\u00e9 en ajoutant vos villes et m\u00e9dias en favori avec <a href=\"https:\/\/moncompte.actu.fr\" title=\"D\u00e9couvez Mon Actu\" rel=\"nofollow noopener\" data-trk=\"{&quot;cta&quot;:{&quot;action&quot;:&quot;https:\\\/\\\/moncompte.actu.fr&quot;,&quot;category&quot;:&quot;mon compte&quot;,&quot;from&quot;:&quot;article footer&quot;,&quot;name&quot;:&quot;Mon actu&quot;,&quot;type&quot;:&quot;cta&quot;}}\" target=\"_blank\">Mon Actu<\/a>.<\/p>\n","protected":false},"excerpt":{"rendered":"Par Laur\u00e8ne Fertin Publi\u00e9 le 17 d\u00e9c. 2025 \u00e0 16h07 Avis aux chineurs et chineuses\u2009: verres en cristal,&hellip;\n","protected":false},"author":2,"featured_media":605477,"comment_status":"","ping_status":"","sticky":false,"template":"","format":"standard","meta":{"footnotes":""},"categories":[2821],"tags":[1111,11,677,829,1777,674,1011,27,1305,12,584,25,3365],"class_list":{"0":"post-605476","1":"post","2":"type-post","3":"status-publish","4":"format-standard","5":"has-post-thumbnail","7":"category-rennes","8":"tag-actu","9":"tag-actualites","10":"tag-bons-plans","11":"tag-bretagne","12":"tag-eu","13":"tag-europe","14":"tag-fr","15":"tag-france","16":"tag-lifestyle","17":"tag-news","18":"tag-rennes","19":"tag-republique-francaise","20":"tag-vide-greniers"},"share_on_mastodon":{"url":"https:\/\/pubeurope.com\/@fr\/115735588115252724","error":""},"_links":{"self":[{"href":"https:\/\/www.europesays.com\/fr\/wp-json\/wp\/v2\/posts\/605476","targetHints":{"allow":["GET"]}}],"collection":[{"href":"https:\/\/www.europesays.com\/fr\/wp-json\/wp\/v2\/posts"}],"about":[{"href":"https:\/\/www.europesays.com\/fr\/wp-json\/wp\/v2\/types\/post"}],"author":[{"embeddable":true,"href":"https:\/\/www.europesays.com\/fr\/wp-json\/wp\/v2\/users\/2"}],"replies":[{"embeddable":true,"href":"https:\/\/www.europesays.com\/fr\/wp-json\/wp\/v2\/comments?post=605476"}],"version-history":[{"count":0,"href":"https:\/\/www.europesays.com\/fr\/wp-json\/wp\/v2\/posts\/605476\/revisions"}],"wp:featuredmedia":[{"embeddable":true,"href":"https:\/\/www.europesays.com\/fr\/wp-json\/wp\/v2\/media\/605477"}],"wp:attachment":[{"href":"https:\/\/www.europesays.com\/fr\/wp-json\/wp\/v2\/media?parent=605476"}],"wp:term":[{"taxonomy":"category","embeddable":true,"href":"https:\/\/www.europesays.com\/fr\/wp-json\/wp\/v2\/categories?post=605476"},{"taxonomy":"post_tag","embeddable":true,"href":"https:\/\/www.europesays.com\/fr\/wp-json\/wp\/v2\/tags?post=605476"}],"curies":[{"name":"wp","href":"https:\/\/api.w.org\/{rel}","templated":true}]}}