{"id":605489,"date":"2025-12-17T15:27:11","date_gmt":"2025-12-17T15:27:11","guid":{"rendered":"https:\/\/www.europesays.com\/fr\/605489\/"},"modified":"2025-12-17T15:27:11","modified_gmt":"2025-12-17T15:27:11","slug":"880-000-euros-pour-renover-la-porte-de-lhotel-de-ville-incendiee","status":"publish","type":"post","link":"https:\/\/www.europesays.com\/fr\/605489\/","title":{"rendered":"880.000 euros pour r\u00e9nover la porte de l&rsquo;H\u00f4tel de Ville, incendi\u00e9e"},"content":{"rendered":"<p>\n\t\t\t\t\t\t\t\t\tLa moiti\u00e9 des acteurs de la restauration de la porte de l&rsquo;H\u00f4tel de ville sont en Gironde. Illustration : Laurianne Garnier \/ Plac\u00e9co\n\t\t\t\t\t\t\t\t<\/p>\n<p>Sur les 13 entreprises impliqu\u00e9es dans la r\u00e9novation de la porte de la mairie de Bordeaux partie en fum\u00e9e en 2023 en marge des manifestations, sept se trouvent en Gironde.<\/p>\n<p>La restauration de la porte de la mairie, endommag\u00e9e par un incendie en marge de manifestations, s&rsquo;\u00e9l\u00e8ve \u00e0 environ 880.000 euros. Ce montant comprend la fabrication de la nouvelle porte et la remise en \u00e9tat des \u00e9l\u00e9ments de ma\u00e7onnerie ab\u00eem\u00e9s par la chaleur. Les assurances prennent en charge 600.000 euros de ce co\u00fbt, la nouvelle porte repr\u00e9sentant \u00e0 elle seule un peu moins de 200.000 euros. La PME Les M\u00e9tiers du bois (LMDB a \u00e9t\u00e9 d\u00e9sign\u00e9e par la mairie pour le remplacement des deux battants br\u00fbl\u00e9s. Sur les 13 entreprises impliqu\u00e9es dans la r\u00e9novation de la porte de la mairie de Bordeaux partie en fum\u00e9e en 2023 en marge des manifestations, sept se trouvent en Gironde.  <\/p>\n<p>1.400 heures de travail  <\/p>\n<p>Ce projet a n\u00e9cessit\u00e9 une mobilisation importante de corps de m\u00e9tiers sp\u00e9cialis\u00e9s, tels que des sculpteurs, des menuisiers et des ferronniers. La fabrication de la porte repr\u00e9sente un total de 1.400 heures de travail, dont 700 heures ont \u00e9t\u00e9 consacr\u00e9es uniquement aux sculptures.  <\/p>\n<p>La reconstitution de la porte a repr\u00e9sent\u00e9 une prouesse technique. Les artisans sont parvenus \u00e0 reproduire la porte tr\u00e8s finement ouvrag\u00e9e \u00e0 l&rsquo;identique, en l&rsquo;absence de croquis pr\u00e9cis ou de photos d\u00e9taill\u00e9es exploitables pour la copie. La d\u00e9licatesse des moulures sculpt\u00e9es est frappante, d&rsquo;autant que les motifs n&rsquo;\u00e9taient r\u00e9pertori\u00e9s sur aucun document, comme le rapportent nos confr\u00e8res de <a href=\"https:\/\/www.sudouest.fr\/gironde\/bordeaux\/enquete-scientifique-et-travail-d-orfevre-comment-la-nouvelle-porte-de-la-mairie-de-bordeaux-a-ete-recreee-26446450.php\" target=\"_blank\" rel=\"noopener\">Sud Ouest<\/a>, et n&rsquo;\u00e9taient plus visibles sur la porte incendi\u00e9e, ayant disparu sous les multiples couches de peinture.  <\/p>\n<p>Un choix esth\u00e9tique a \u00e9t\u00e9 op\u00e9r\u00e9 pour la finition : la porte sera laiss\u00e9e dans sa couleur bois originelle. Selon le conservateur, cette finition bois non peint \u00ab est plus conforme \u00e0 ce qui se faisait au XVIIIe si\u00e8cle \u00bb.  <\/p>\n","protected":false},"excerpt":{"rendered":"La moiti\u00e9 des acteurs de la restauration de la porte de l&rsquo;H\u00f4tel de ville sont en Gironde. Illustration&hellip;\n","protected":false},"author":2,"featured_media":605490,"comment_status":"","ping_status":"","sticky":false,"template":"","format":"standard","meta":{"footnotes":""},"categories":[2817],"tags":[1111,11,1997,1777,674,1011,27,12,2219,5645,25],"class_list":{"0":"post-605489","1":"post","2":"type-post","3":"status-publish","4":"format-standard","5":"has-post-thumbnail","7":"category-bordeaux","8":"tag-actu","9":"tag-actualites","10":"tag-bordeaux","11":"tag-eu","12":"tag-europe","13":"tag-fr","14":"tag-france","15":"tag-news","16":"tag-nouvelle-aquitaine","17":"tag-placco-placeco","18":"tag-republique-francaise"},"share_on_mastodon":{"url":"https:\/\/pubeurope.com\/@fr\/115735615498933029","error":""},"_links":{"self":[{"href":"https:\/\/www.europesays.com\/fr\/wp-json\/wp\/v2\/posts\/605489","targetHints":{"allow":["GET"]}}],"collection":[{"href":"https:\/\/www.europesays.com\/fr\/wp-json\/wp\/v2\/posts"}],"about":[{"href":"https:\/\/www.europesays.com\/fr\/wp-json\/wp\/v2\/types\/post"}],"author":[{"embeddable":true,"href":"https:\/\/www.europesays.com\/fr\/wp-json\/wp\/v2\/users\/2"}],"replies":[{"embeddable":true,"href":"https:\/\/www.europesays.com\/fr\/wp-json\/wp\/v2\/comments?post=605489"}],"version-history":[{"count":0,"href":"https:\/\/www.europesays.com\/fr\/wp-json\/wp\/v2\/posts\/605489\/revisions"}],"wp:featuredmedia":[{"embeddable":true,"href":"https:\/\/www.europesays.com\/fr\/wp-json\/wp\/v2\/media\/605490"}],"wp:attachment":[{"href":"https:\/\/www.europesays.com\/fr\/wp-json\/wp\/v2\/media?parent=605489"}],"wp:term":[{"taxonomy":"category","embeddable":true,"href":"https:\/\/www.europesays.com\/fr\/wp-json\/wp\/v2\/categories?post=605489"},{"taxonomy":"post_tag","embeddable":true,"href":"https:\/\/www.europesays.com\/fr\/wp-json\/wp\/v2\/tags?post=605489"}],"curies":[{"name":"wp","href":"https:\/\/api.w.org\/{rel}","templated":true}]}}