{"id":605491,"date":"2025-12-17T15:28:13","date_gmt":"2025-12-17T15:28:13","guid":{"rendered":"https:\/\/www.europesays.com\/fr\/605491\/"},"modified":"2025-12-17T15:28:13","modified_gmt":"2025-12-17T15:28:13","slug":"a-bordeaux-le-trio-basque-les-copines-depoussiere-le-repertoire-paillard","status":"publish","type":"post","link":"https:\/\/www.europesays.com\/fr\/605491\/","title":{"rendered":"\u00e0 Bordeaux, le trio basque Les Cop(i)nes d\u00e9poussi\u00e8re le r\u00e9pertoire paillard"},"content":{"rendered":"<p class=\"interview-question\">Depuis quand chantez-vous des textes paillards en polyphonie\u00a0?<\/p>\n<p class=\"interview-answer\"><strong>Laura Etchegoyhen. <\/strong>Depuis qu\u2019au lyc\u00e9e, \u00e0 Bayonne, o\u00f9 nous \u00e9tudiions la musique, nous devions r\u00e9pondre \u00e0 la section rugby de l\u2019\u00e9tablissement, qui nous lan\u00e7ait des chants paillards. C\u2019est devenu un r\u00e9flexe, d\u2019abord, puis une ambition\u2026<\/p>\n<p class=\"interview-answer\"><strong>Manon Irigoyen. <\/strong>Et fin 2016, un de nos amis nous a propos\u00e9 de faire sa premi\u00e8re partie. Nous sommes mont\u00e9es sur sc\u00e8ne avec ce r\u00e9pertoire encore officieux.<\/p>\n<p class=\"interview-question\">Comment choisissez-vous vos chants\u00a0?<\/p>\n<p class=\"interview-answer\"><strong>M. I.<\/strong>\u00a0C\u2019est assez compliqu\u00e9. Parce que dans le r\u00e9pertoire, il y a beaucoup de choses affreuses. La chanson paillarde est quand m\u00eame syst\u00e9matiquement phallocentr\u00e9e, misogyne, p\u00e9dophile, homophobe\u2026 Nous faisons en sorte de bien choisir soit les couplets, soit le chant s\u2019il n\u2019y a rien \u00e0 redire dessus, ce qui est quand m\u00eame extr\u00eamement rare. Sinon, on change les paroles pour gommer ce qui pose probl\u00e8me. Mais une bonne partie vient du public qu\u2019on croise sur nos concerts.<\/p>\n<p class=\"interview-answer\"><strong>L. E<\/strong>.\u00a0Notre souhait diabolique cach\u00e9, c\u2019est que les gens se mettent \u00e0 chanter les chansons paillardes que nous \u00e9crivons, sans le savoir.<\/p>\n<p class=\"interview-question\">Le public est-il d\u2019abord frapp\u00e9 par la discordance s\u00e9mantique ou par la beaut\u00e9 formelle des chants\u00a0?<\/p>\n<p class=\"interview-answer\"><strong>M. I.<\/strong>\u00a0C\u2019est justement le d\u00e9calage entre les deux qui saisit les gens. Les textes les font beaucoup rire ou parfois les offusquent. Je pense que c\u2019est d\u2019autant plus choquant que musicalement, vocalement, on s\u2019applique justement \u00e0 avoir une technique irr\u00e9prochable.<\/p>\n<p class=\"interview-question\">Comment r\u00e9ussissez-vous \u00e0 maintenir cette rigueur technique tout en servant un r\u00e9pertoire qui est par essence d\u00e9contract\u00e9\u00a0?<\/p>\n<p class=\"interview-answer\"><strong>L. E.<\/strong>\u00a0C\u2019est \u00e7a qui est dr\u00f4le justement\u00a0! En r\u00e9p\u00e9tition par exemple, on va s\u2019appliquer techniquement sur un mot pr\u00e9cis\u00e9ment et \u00e7a donne des phrases dingues comme\u00a0: \u00ab\u00a0Je pense qu\u2019il faut respirer juste avant anus.\u00a0\u00bb<\/p>\n<p class=\"interview-answer\"><strong>M. I.<\/strong>\u00a0\u00c7a fait tellement d\u2019ann\u00e9es qu\u2019on a notre r\u00e9pertoire, qu\u2019on est compl\u00e8tement vaccin\u00e9es. Et gr\u00e2ce \u00e0 la r\u00e9action du public, parfois, on se rappelle ce qu\u2019on est en train de chanter. On a chant\u00e9 \u00e0 Biarritz au Colis\u00e9e. Et \u00e0 la sortie du concert, vient nous trouver une brochette de copines d\u2019au moins 70\u00a0ans. Elles \u00e9taient trop contentes et rigolent \u00ab\u00a0Oh l\u00e0 l\u00e0 l\u00e0\u00a0! Alors, au d\u00e9but, on n\u2019a pas compris. Et apr\u00e8s, on a tellement ri\u00a0! Mais quel culot, mais quelle audace\u00a0! Continuez\u00a0!\u00a0\u00bb<\/p>\n","protected":false},"excerpt":{"rendered":"Depuis quand chantez-vous des textes paillards en polyphonie\u00a0? Laura Etchegoyhen. Depuis qu\u2019au lyc\u00e9e, \u00e0 Bayonne, o\u00f9 nous \u00e9tudiions&hellip;\n","protected":false},"author":2,"featured_media":605492,"comment_status":"","ping_status":"","sticky":false,"template":"","format":"standard","meta":{"footnotes":""},"categories":[2817],"tags":[1111,11,1997,1777,674,1011,27,12,2219,25],"class_list":{"0":"post-605491","1":"post","2":"type-post","3":"status-publish","4":"format-standard","5":"has-post-thumbnail","7":"category-bordeaux","8":"tag-actu","9":"tag-actualites","10":"tag-bordeaux","11":"tag-eu","12":"tag-europe","13":"tag-fr","14":"tag-france","15":"tag-news","16":"tag-nouvelle-aquitaine","17":"tag-republique-francaise"},"share_on_mastodon":{"url":"https:\/\/pubeurope.com\/@fr\/115735619609756685","error":""},"_links":{"self":[{"href":"https:\/\/www.europesays.com\/fr\/wp-json\/wp\/v2\/posts\/605491","targetHints":{"allow":["GET"]}}],"collection":[{"href":"https:\/\/www.europesays.com\/fr\/wp-json\/wp\/v2\/posts"}],"about":[{"href":"https:\/\/www.europesays.com\/fr\/wp-json\/wp\/v2\/types\/post"}],"author":[{"embeddable":true,"href":"https:\/\/www.europesays.com\/fr\/wp-json\/wp\/v2\/users\/2"}],"replies":[{"embeddable":true,"href":"https:\/\/www.europesays.com\/fr\/wp-json\/wp\/v2\/comments?post=605491"}],"version-history":[{"count":0,"href":"https:\/\/www.europesays.com\/fr\/wp-json\/wp\/v2\/posts\/605491\/revisions"}],"wp:featuredmedia":[{"embeddable":true,"href":"https:\/\/www.europesays.com\/fr\/wp-json\/wp\/v2\/media\/605492"}],"wp:attachment":[{"href":"https:\/\/www.europesays.com\/fr\/wp-json\/wp\/v2\/media?parent=605491"}],"wp:term":[{"taxonomy":"category","embeddable":true,"href":"https:\/\/www.europesays.com\/fr\/wp-json\/wp\/v2\/categories?post=605491"},{"taxonomy":"post_tag","embeddable":true,"href":"https:\/\/www.europesays.com\/fr\/wp-json\/wp\/v2\/tags?post=605491"}],"curies":[{"name":"wp","href":"https:\/\/api.w.org\/{rel}","templated":true}]}}