{"id":605503,"date":"2025-12-17T15:36:20","date_gmt":"2025-12-17T15:36:20","guid":{"rendered":"https:\/\/www.europesays.com\/fr\/605503\/"},"modified":"2025-12-17T15:36:20","modified_gmt":"2025-12-17T15:36:20","slug":"lyon-cette-eglise-abandonnee-va-etre-transformee-en-salle-descalade-geante","status":"publish","type":"post","link":"https:\/\/www.europesays.com\/fr\/605503\/","title":{"rendered":"Lyon. Cette \u00e9glise abandonn\u00e9e va \u00eatre transform\u00e9e en salle d&rsquo;escalade g\u00e9ante"},"content":{"rendered":"<p>                    Par<br \/>\n        <strong><br \/>\n            <a href=\"https:\/\/actu.fr\/auteur\/theo-zuili\" title=\"Consulter tous les articles de Th\u00e9o Zuili\" target=\"_blank\" rel=\"noopener\">Th\u00e9o Zuili<\/a><br \/>\n                    <\/strong><\/p>\n<p>        Publi\u00e9 le<\/p>\n<p>            17 d\u00e9c. 2025 \u00e0 16h04        <\/p>\n<p>Elle aurait d\u00fb \u00eatre <strong>d\u00e9molie<\/strong>, ou devenir un lieu de bureaux r\u00e9serv\u00e9 \u00e0 une poign\u00e9e de Lyonnais chanceux. Cette ancienne \u00e9glise abandonn\u00e9e depuis pr\u00e8s de 30 ans \u00e0 <a href=\"https:\/\/actu.fr\/auvergne-rhone-alpes\/lyon_69123\" target=\"_blank\" rel=\"noopener\">Lyon<\/a> (1\u1d49\u02b3 arrondissement) va finalement s\u2019ouvrir \u00e0 tous avec un nouveau projet d\u00e9voil\u00e9 ce mercredi 17 d\u00e9cembre 2025.<br \/>L\u2019\u00e9glise Saint-Bernard se transformera <strong>en salle d\u2019escalade<\/strong> g\u00e9ante. Voici ce qui est annonc\u00e9.<\/p>\n<p>    <a href=\"https:\/\/www.google.com\/maps\/embed?pb=!1m18!1m12!1m3!1d2782.8828177864543!2d4.829413892912534!3d45.77353863818738!2m3!1f0!2f0!3f0!3m2!1i1024!2i768!4f13.1!3m3!1m2!1s0x47f4eae32cf0b517%3A0xaefb748310c57869!2s%C3%89glise%20Saint-Bernard%20de%20Lyon!5e0!3m2!1sfr!2sfr!4v1765980112134!5m2!1sfr!2sfr\" title=\"Ouvrie le lien\" target=\"_blank\" rel=\"noopener\">Cliquez ici pour visualiser le contenu<\/a><\/p>\n<p>Des ann\u00e9es d\u2019incertitude et un projet repens\u00e9<\/p>\n<p class=\" wall-content\">\u00c9glise fant\u00f4me d\u00e9sacralis\u00e9e, monument abandonn\u00e9 et lieu mythique de la <a href=\"https:\/\/actu.fr\/tag\/croix-rousse\" target=\"_blank\" rel=\"noopener\">Croix-Rousse<\/a> <strong>ferm\u00e9 depuis 2004<\/strong>, il s\u2019agit de l\u2019un des plus grands sites vacants appartenant \u00e0 la Ville de Lyon. L\u2019\u00e9glise Saint-Bernard va enfin rena\u00eetre, annoncent les \u00e9cologistes.<\/p>\n<p class=\" wall-content\">Construit sans \u00eatre achev\u00e9 apr\u00e8s les r\u00e9voltes des Canuts et jamais vraiment utilis\u00e9, ce\u00a0<br \/>monument sans clocher ni parvis a \u00e9t\u00e9 abandonn\u00e9 en raison <a href=\"https:\/\/actu.fr\/auvergne-rhone-alpes\/lyon_69123\/lyon-on-a-visite-les-aretes-de-poisson-ces-galeries-mysterieuses-sous-la-ville_61554903.html\" target=\"_blank\" rel=\"noopener\">des galeries souterraines qui menacent ses fondations<\/a>. Un sous-sol fragile, source de l\u00e9gendes urbaines entre tr\u00e9sor des Templiers et mythes lyonnais, qui devra \u00eatre confort\u00e9 pour accueillir la prochaine vie de ce lieu.<\/p>\n<p>    <img   decoding=\"async\" loading=\"lazy\" src=\"https:\/\/www.europesays.com\/fr\/wp-content\/uploads\/2025\/12\/eglise-saint-bernard-lyon-salle-d-escalade-projet-2029-960x640.jpg\" alt=\"Jamais achev\u00e9e, cette \u00e9glise va avoir droit \u00e0 une nouvelle vie.\" width=\"960\" height=\"640\"\/><br \/>\n    Jamais achev\u00e9e, cette \u00e9glise va avoir droit \u00e0 une nouvelle vie. (\u00a9Th\u00e9o Zuili \/ actu Lyon)<\/p>\n<p class=\" wall-content\">Sa d\u00e9molition avait \u00e9t\u00e9 envisag\u00e9e avant que la soci\u00e9t\u00e9 Carr\u00e9 d\u2019Or ne gagne un appel \u00e0 projets en 2017. Mais le projet de centre d\u2019affaires avait d\u00fb \u00eatre suspendu en raison des recours d\u2019une association religieuse, d\u00e9bout\u00e9e en justice. Pr\u00e8s de dix ans plus tard, la majorit\u00e9 \u00e9cologiste de Lyon et Carr\u00e9 d\u2019Or proposent un <strong>nouveau projet inattendu<\/strong> qui devra voir le jour autour de 2029.<\/p>\n<p>Votre r\u00e9gion, votre actu !<\/p>\n<p>Recevez chaque jour les infos qui comptent pour vous.<\/p>\n<p>\t<a href=\"https:\/\/actu.fr\/newsletter\" class=\"ac-btn ac-btn--corner ac-btn--medium ac-btn--blue800\" target=\"_blank\" rel=\"noopener\">S&rsquo;incrire<\/a><br \/>\nLe b\u00e2timent pr\u00e9serv\u00e9<\/p>\n<p class=\" wall-content\">Motiv\u00e9 par \u00ab\u00a0le contexte \u00e9conomique et l\u2019\u00e9volution des besoins dans le quartier\u00a0\u00bb, ce nouveau projet pr\u00e9voit de transformer le site en salle d\u2019escalade, sport pl\u00e9biscit\u00e9 des grandes villes. \u00ab\u00a0Cette opportunit\u00e9<strong> pr\u00e9serve le patrimoine b\u00e2ti existant et le met en valeur<\/strong> en le rendant accessible au public\u00a0\u00bb, f\u00e9licite Yasmine Bouagga, maire du 1\u1d49\u02b3 arrondissement.<\/p>\n<blockquote class=\"ac-article-quote wall-content\">\n<p>On manque de lieux sportifs donc d\u00e8s qu\u2019on a des m\u00e8tres carr\u00e9s, on essaie d\u2019investir. Cette salle pourra b\u00e9n\u00e9ficier aux scolaires, associations et grand public pour compl\u00e9ter l\u2019offre priv\u00e9e et municipale.\u00a0<\/p>\n<p>    <strong>Julie Nublat-Faure<\/strong><br \/>\n        Adjointe au maire de Lyon en charge des Sports    <\/p><\/blockquote>\n<p>    <img   decoding=\"async\" loading=\"lazy\" src=\"https:\/\/www.europesays.com\/fr\/wp-content\/uploads\/2025\/12\/eglise-saint-bernard-lyon-960x640.jpg\" alt=\"De longs travaux devront stabiliser la structure pour \u00e9carter tout danger.\" width=\"960\" height=\"640\"\/><br \/>\n    De longs travaux devront stabiliser la structure pour \u00e9carter tout danger. (\u00a9Th\u00e9o Zuili \/ actu Lyon)<\/p>\n<p class=\" wall-content\">Les mobiliers religieux seront restitu\u00e9s au dioc\u00e8se, qui doit accompagner Carr\u00e9 d\u2019Or au long de ce projet devant pr\u00e9server 100% du b\u00e2timent et son patrimoine architectural n\u00e9ogothique.<\/p>\n<p>Coworking, espaces yoga ou gym, restaurant\u2026<\/p>\n<p class=\" wall-content\">Des blocs d\u2019escalade de plusieurs m\u00e8tres de haut seront install\u00e9s de part et d\u2019autre dans l\u2019\u00e9glise, qui sera ouverte d\u00e8s le d\u00e9but <strong>de la matin\u00e9e et jusqu\u2019au soir<\/strong> avec une brasserie accessible \u00e0 tous et un large espace de coworking.<\/p>\n<p class=\" wall-content\">Un \u00e9tage en mezzanine devrait \u00eatre install\u00e9 au niveau de la nef tandis que les diff\u00e9rentes chapelles accueilleront les vestiaires et des salles plus calmes pour <strong>la pratique du yoga ou de la gymnastique<\/strong>.<\/p>\n<p>    <img   decoding=\"async\" loading=\"lazy\" src=\"https:\/\/www.europesays.com\/fr\/wp-content\/uploads\/2025\/12\/eglise-saint-bernard-lyon-croix-rousse-960x640.jpg\" alt=\"L'entr\u00e9e sera am\u00e9nag\u00e9e de ce c\u00f4t\u00e9, sur la mont\u00e9e Saint-S\u00e9bastien.\" width=\"960\" height=\"640\"\/><br \/>\n    L\u2019entr\u00e9e sera am\u00e9nag\u00e9e de ce c\u00f4t\u00e9, sur la mont\u00e9e Saint-S\u00e9bastien. (\u00a9Th\u00e9o Zuili \/ actu Lyon)<\/p>\n<p class=\" wall-content\">Le projet doit \u00eatre vot\u00e9 au conseil municipal du mois de janvier et le permis de construire est attendu pour le premier semestre 2026. Si ces d\u00e9lais ambitieux sont respect\u00e9s, la salle d\u2019escalade Saint-Bernard pourrait <strong>ouvrir en 2029<\/strong>.<\/p>\n<p class=\" wall-content\">Le tout, pour <strong>un budget de 4,8 millions d\u2019euros<\/strong>, investis en totalit\u00e9 par Carr\u00e9 d\u2019Or Immobilier. Avec un budget contraint, la Ville a choisi d\u2019accorder au promoteur un bail emphyt\u00e9otique de 50 ans (en \u00e9change d\u2019une redevance de 31 000 euros par an) pour ne pas d\u00e9bourser un euro dans la man\u0153uvre.<\/p>\n<p class=\" wall-content\">Personnalisez votre actualit\u00e9 en ajoutant vos villes et m\u00e9dias en favori avec <a href=\"https:\/\/moncompte.actu.fr\" title=\"D\u00e9couvez Mon Actu\" rel=\"nofollow noopener\" data-trk=\"{&quot;cta&quot;:{&quot;action&quot;:&quot;https:\\\/\\\/moncompte.actu.fr&quot;,&quot;category&quot;:&quot;mon compte&quot;,&quot;from&quot;:&quot;article footer&quot;,&quot;name&quot;:&quot;Mon actu&quot;,&quot;type&quot;:&quot;cta&quot;}}\" target=\"_blank\">Mon Actu<\/a>.<\/p>\n","protected":false},"excerpt":{"rendered":"Par Th\u00e9o Zuili Publi\u00e9 le 17 d\u00e9c. 2025 \u00e0 16h04 Elle aurait d\u00fb \u00eatre d\u00e9molie, ou devenir un&hellip;\n","protected":false},"author":2,"featured_media":605504,"comment_status":"","ping_status":"","sticky":false,"template":"","format":"standard","meta":{"footnotes":""},"categories":[1889],"tags":[1111,11,2430,2838,18093,1777,674,1011,27,1757,1652,2428,12,25],"class_list":{"0":"post-605503","1":"post","2":"type-post","3":"status-publish","4":"format-standard","5":"has-post-thumbnail","7":"category-lyon","8":"tag-actu","9":"tag-actualites","10":"tag-auvergne-rhone-alpes","11":"tag-croix-rousse","12":"tag-escalade","13":"tag-eu","14":"tag-europe","15":"tag-fr","16":"tag-france","17":"tag-insolite","18":"tag-loisirs-culture","19":"tag-lyon","20":"tag-news","21":"tag-republique-francaise"},"share_on_mastodon":{"url":"https:\/\/pubeurope.com\/@fr\/115735652574854571","error":""},"_links":{"self":[{"href":"https:\/\/www.europesays.com\/fr\/wp-json\/wp\/v2\/posts\/605503","targetHints":{"allow":["GET"]}}],"collection":[{"href":"https:\/\/www.europesays.com\/fr\/wp-json\/wp\/v2\/posts"}],"about":[{"href":"https:\/\/www.europesays.com\/fr\/wp-json\/wp\/v2\/types\/post"}],"author":[{"embeddable":true,"href":"https:\/\/www.europesays.com\/fr\/wp-json\/wp\/v2\/users\/2"}],"replies":[{"embeddable":true,"href":"https:\/\/www.europesays.com\/fr\/wp-json\/wp\/v2\/comments?post=605503"}],"version-history":[{"count":0,"href":"https:\/\/www.europesays.com\/fr\/wp-json\/wp\/v2\/posts\/605503\/revisions"}],"wp:featuredmedia":[{"embeddable":true,"href":"https:\/\/www.europesays.com\/fr\/wp-json\/wp\/v2\/media\/605504"}],"wp:attachment":[{"href":"https:\/\/www.europesays.com\/fr\/wp-json\/wp\/v2\/media?parent=605503"}],"wp:term":[{"taxonomy":"category","embeddable":true,"href":"https:\/\/www.europesays.com\/fr\/wp-json\/wp\/v2\/categories?post=605503"},{"taxonomy":"post_tag","embeddable":true,"href":"https:\/\/www.europesays.com\/fr\/wp-json\/wp\/v2\/tags?post=605503"}],"curies":[{"name":"wp","href":"https:\/\/api.w.org\/{rel}","templated":true}]}}