{"id":605509,"date":"2025-12-17T15:41:20","date_gmt":"2025-12-17T15:41:20","guid":{"rendered":"https:\/\/www.europesays.com\/fr\/605509\/"},"modified":"2025-12-17T15:41:20","modified_gmt":"2025-12-17T15:41:20","slug":"apres-lannonce-du-gel-des-tarifs-pour-2026-les-usagers-des-trains-paris-clermont-et-paris-toulouse-veulent-du-changement","status":"publish","type":"post","link":"https:\/\/www.europesays.com\/fr\/605509\/","title":{"rendered":"apr\u00e8s l&rsquo;annonce du gel des tarifs pour 2026, les usagers des trains Paris-Clermont et Paris-Toulouse veulent du changement"},"content":{"rendered":"<p class=\"article-p mdl\">\u00ab\u00a0Nous, les utilisateurs, on subit\u00a0\u00bb. Les usagers des lignes\u00a0de train Paris-Clermont et Paris-Limoges-Toulouse\u00a0ont re\u00e7u une bonne nouvelle, ce mardi 16 d\u00e9cembre, de la part du gouvernement. Ces lignes seront-elles moins impact\u00e9es par les probl\u00e8mes de retards ou de circulations ? Pas encore. Mais le gouvernement, bien conscient des difficult\u00e9s rencontr\u00e9es par\u00a0<a class=\"link\" href=\"https:\/\/www.rtl.fr\/actu\/debats-societe\/c-est-un-scandale-de-voir-l-abandon-de-l-etat-vis-a-vis-du-transport-ferroviaire-ces-ter-menaces-de-disparaitre-faute-de-renovation-7900497609\" target=\"_blank\" rel=\"noopener\">les usagers de ces lignes<\/a>, a d\u00e9cid\u00e9 que les tarifs n&rsquo;augmenteront pas en 2026 sur ces deux lignes\u00a0en raison de la \u00ab\u00a0qualit\u00e9 de service jug\u00e9e tr\u00e8s d\u00e9grad\u00e9e\u00a0\u00bb.<\/p>\n<p class=\"article-p mdl\">\u00ab\u00a0Ce gel tarifaire b\u00e9n\u00e9ficiera aux 1,9 million d&rsquo;usagers annuels de la ligne Paris-Clermont-Ferrand, ainsi qu&rsquo;aux 2,8 millions d&rsquo;usagers de la ligne Paris-Orl\u00e9ans-Limoges-Toulouse (POLT), soit 4,7 millions de voyageurs au total\u00a0\u00bb, a indiqu\u00e9 le minist\u00e8re des Transports dans un communiqu\u00e9.\u00a0Avec ce gel, le gouvernement explique qu&rsquo;il ne r\u00e9percutera pas l&rsquo;an prochain \u00ab\u00a0l&rsquo;inflation, estim\u00e9e \u00e0 1,4 %, sur les tarifs 2026\u00a0\u00bb.<\/p>\n<p>            \u00ab\u00a0Il y a tr\u00e8s souvent des probl\u00e8mes\u00a0\u00bb<\/p>\n<p class=\"article-p mdl\">Le nouveau PDG de la SNCF, l&rsquo;ancien Premier ministre Jean Castex, a annonc\u00e9 vouloir\u00a0<a class=\"link\" href=\"https:\/\/www.rtl.fr\/actu\/debats-societe\/sncf-les-images-des-futurs-trains-oxygene-des-lignes-paris-clermont-et-paris-limoges-toulouse-7900498145\" target=\"_blank\" rel=\"noopener\">faire du Paris-Clermont \u00ab\u00a0la priorit\u00e9\u00a0\u00bb<\/a>, en reconnaissant les probl\u00e8mes r\u00e9currents de pannes de locomotives hors d&rsquo;\u00e2ge et de retards g\u00e9ants dont souffre la liaison depuis des ann\u00e9es. Le PDG est d&rsquo;ailleurs attendu, ce mercredi 17 d\u00e9cembre, \u00e0 Clermont-Ferrand pour une r\u00e9union avec les repr\u00e9sentants des usagers de la ligne et des \u00e9lus locaux.<\/p>\n<p class=\"article-p mdl\">Au micro de RTL, Marie, cliente de la SNCF, constate semaine apr\u00e8s semaine les retards \u00e0 r\u00e9p\u00e9tition dans des rames toujours aussi v\u00e9tustes. \u00ab\u00a0Il y a tr\u00e8s souvent des probl\u00e8mes et puis c&rsquo;est 3h30 au minimum. Pour aller \u00e0 Lyon, on met 2h20 alors qu&rsquo;on met 1h30 en voiture\u00a0\u00bb, s&rsquo;agace-t-elle depuis la gare auvergnate.<\/p>\n<p>            \u00ab\u00a0Il ne va pas se passer des choses r\u00e9volutionnaires\u00a0\u00bb<\/p>\n<p class=\"article-p mdl\">Si\u00a0le gel des tarifs annonc\u00e9s au 1er janvier est plut\u00f4t bien per\u00e7u par le collectif des usagers de la ligne Clermont-Paris, St\u00e9phanie Piccard, porte-parole du collectif pr\u00e9f\u00e8re rester prudente. \u00ab\u00a0Nous prenons [le rendez-vous,NDLR] comme une prise de contact. Il ne va pas se passer des choses r\u00e9volutionnaires. Je ne vois pas tellement ce qu&rsquo;il pourrait nous annoncer\u00a0\u00bb.<\/p>\n<p class=\"article-p mdl\">Mi-avril,\u00a0<a class=\"link\" href=\"https:\/\/www.rtl.fr\/actu\/debats-societe\/trains-de-la-colere-les-usagers-des-lignes-paris-clermont-et-paris-limoges-toulouse-reclament-des-investissements-7900494400\" target=\"_blank\" rel=\"noopener\">des centaines d&rsquo;usagers et \u00e9lus locaux des lignes Paris-Orl\u00e9ans-Limoges-Toulouse et Paris-Clermont<\/a>\u00a0s&rsquo;\u00e9taient m\u00eame rendus \u00e0 la capitale dans deux \u00ab\u00a0trains de la col\u00e8re\u00a0\u00bb pour demander davantage d&rsquo;investissements sur ces \u00ab\u00a0lignes sinistr\u00e9es\u00a0\u00bb. \u00ab\u00a0Les mesures d&rsquo;am\u00e9lioration engag\u00e9es porteront leur effet complet et maximal avec la mise en service des nouvelles rames Oxyg\u00e8ne en 2027\u00a0\u00bb, a soulign\u00e9, mardi, le gouvernement, avec des mesures compl\u00e9mentaires dans la phase \u00ab\u00a0transitoire\u00a0\u00bb actuelle, comme le renforcement des \u00e9quipes d&rsquo;ing\u00e9nierie d&rsquo;Intercit\u00e9s.<\/p>\n<p>    La r\u00e9daction vous recommande<\/p>\n<p class=\"s-newsletter__title\">\n                L\u2019actualit\u00e9 par la r\u00e9daction de RTL dans votre bo\u00eete mail.\n            <\/p>\n<p class=\"s-newsletter__subtitle\">\n                Gr\u00e2ce \u00e0 votre compte RTL abonnez-vous \u00e0 la newsletter RTL info pour suivre toute l&rsquo;actualit\u00e9 au quotidien\n            <\/p>\n<p>\n                                    Lire la suite\n                                <\/p>\n","protected":false},"excerpt":{"rendered":"\u00ab\u00a0Nous, les utilisateurs, on subit\u00a0\u00bb. Les usagers des lignes\u00a0de train Paris-Clermont et Paris-Limoges-Toulouse\u00a0ont re\u00e7u une bonne nouvelle, ce&hellip;\n","protected":false},"author":2,"featured_media":605510,"comment_status":"","ping_status":"","sticky":false,"template":"","format":"standard","meta":{"footnotes":""},"categories":[1888],"tags":[1111,1928,11,1927,9050,33,1777,674,107,1011,27,34214,2193,12,1926,626,1925,25,2312,5811,800],"class_list":{"0":"post-605509","1":"post","2":"type-post","3":"status-publish","4":"format-standard","5":"has-post-thumbnail","7":"category-paris","8":"tag-actu","9":"tag-actu-paris","10":"tag-actualites","11":"tag-actualites-paris","12":"tag-clermont-ferrand","13":"tag-economie","14":"tag-eu","15":"tag-europe","16":"tag-fil-info","17":"tag-fr","18":"tag-france","19":"tag-jean-castex","20":"tag-limoges","21":"tag-news","22":"tag-news-paris","23":"tag-paris","24":"tag-paris-news","25":"tag-republique-francaise","26":"tag-toulouse","27":"tag-trains","28":"tag-transports"},"share_on_mastodon":{"url":"https:\/\/pubeurope.com\/@fr\/115735671480150167","error":""},"_links":{"self":[{"href":"https:\/\/www.europesays.com\/fr\/wp-json\/wp\/v2\/posts\/605509","targetHints":{"allow":["GET"]}}],"collection":[{"href":"https:\/\/www.europesays.com\/fr\/wp-json\/wp\/v2\/posts"}],"about":[{"href":"https:\/\/www.europesays.com\/fr\/wp-json\/wp\/v2\/types\/post"}],"author":[{"embeddable":true,"href":"https:\/\/www.europesays.com\/fr\/wp-json\/wp\/v2\/users\/2"}],"replies":[{"embeddable":true,"href":"https:\/\/www.europesays.com\/fr\/wp-json\/wp\/v2\/comments?post=605509"}],"version-history":[{"count":0,"href":"https:\/\/www.europesays.com\/fr\/wp-json\/wp\/v2\/posts\/605509\/revisions"}],"wp:featuredmedia":[{"embeddable":true,"href":"https:\/\/www.europesays.com\/fr\/wp-json\/wp\/v2\/media\/605510"}],"wp:attachment":[{"href":"https:\/\/www.europesays.com\/fr\/wp-json\/wp\/v2\/media?parent=605509"}],"wp:term":[{"taxonomy":"category","embeddable":true,"href":"https:\/\/www.europesays.com\/fr\/wp-json\/wp\/v2\/categories?post=605509"},{"taxonomy":"post_tag","embeddable":true,"href":"https:\/\/www.europesays.com\/fr\/wp-json\/wp\/v2\/tags?post=605509"}],"curies":[{"name":"wp","href":"https:\/\/api.w.org\/{rel}","templated":true}]}}