{"id":605511,"date":"2025-12-17T15:42:21","date_gmt":"2025-12-17T15:42:21","guid":{"rendered":"https:\/\/www.europesays.com\/fr\/605511\/"},"modified":"2025-12-17T15:42:21","modified_gmt":"2025-12-17T15:42:21","slug":"les-restaurants-preferes-du-gstaad-guy-a-paris","status":"publish","type":"post","link":"https:\/\/www.europesays.com\/fr\/605511\/","title":{"rendered":"Les restaurants pr\u00e9f\u00e9r\u00e9s du Gstaad Guy \u00e0 Paris"},"content":{"rendered":"<p>D\u00e9peignant avec beaucoup d&rsquo;humour et une justesse rare, le mode de vie et les habitudes des 1%, <strong>The Gstaad Guy<\/strong> s&rsquo;est b\u00e2ti une solide r\u00e9putation sur <a href=\"https:\/\/www.vogue.fr\/dossier\/instagram\" isautogenerated=\"true\" target=\"_blank\" rel=\"noopener\">Instagram<\/a>. Dou\u00e9 de deux alter egos (que l&rsquo;on pourrait grossi\u00e8rement class\u00e9 dans la cat\u00e9gorie old money ou new money), il poss\u00e8de \u00e0 ce jour plus de 1,6 millions d&rsquo;abonn\u00e9s. C\u00f4t\u00e9 pile, il est Constance, un brit snob, pouvant s&rsquo;exprimer dans un fran\u00e7ais impeccable, habill\u00e9 en full look <strong>Loro Piana<\/strong>, qui arpente le monde le sourire invers\u00e9, poliment indiff\u00e9rent, mais pleins de bons conseils pour trouver le mari id\u00e9al, bien se comporter quand on dort \u00e0 l&rsquo;<a href=\"https:\/\/www.vogue.fr\/article\/hotel-the-alpina-gstaad\" target=\"_blank\" rel=\"noopener\"><strong>Alpina<\/strong><\/a> ou commande un branzino sur une <a href=\"https:\/\/www.vogue.fr\/dossier\/plage\" isautogenerated=\"true\" target=\"_blank\" rel=\"noopener\">plage<\/a> italienne l&rsquo;\u00e9t\u00e9. C\u00f4t\u00e9 face, Colton, un am\u00e9ricain viss\u00e9 sur son iPhone, v\u00eatu des derni\u00e8res collabs street du moment, qui lui assume un art de vivre rutilant, fait de voyage en jet priv\u00e9, de festivals d\u00e9cadents, toujours partant pour acheter \u00e0 sa future ex wifey des charms pour son <strong>Birkin<\/strong> turquoise. De passage \u00e0 <a href=\"https:\/\/www.vogue.fr\/dossier\/paris\" isautogenerated=\"true\" target=\"_blank\" rel=\"noopener\">Paris<\/a>, il vient de d\u00e9voiler sa liste des <a href=\"https:\/\/www.vogue.fr\/dossier\/restaurants\" isautogenerated=\"true\" target=\"_blank\" rel=\"noopener\">restaurants<\/a> o\u00f9 s&rsquo;attabler. Il estime ainsi qu&rsquo;il faut fuir les adresses o\u00f9 des bolides ronronnent devant. \u201cL\u00e0 o\u00f9 vous ne d\u00eenez pas et plus important que l\u00e0 o\u00f9 vous le faites\u201d. Voici sa liste :<\/p>\n<p><strong>O\u00f9 d\u00e9jeuner et d\u00eener \u00e0 Paris selon The Gstaad Guy ?<\/strong><\/p>\n<p>-L&rsquo;Ami Louis<br \/>-La Poule au Pot<br \/>-La Petit Chaise<br \/>-Le Petit Lutetia<br \/>-La Renomm\u00e9e<br \/>-Robert &amp; Louise<br \/>-Biche<br \/>-Le Petit C\u00e9lestin<br \/>-Chez Allard<br \/>-Chez Ja\u00efs<br \/>-Chez Yvette<br \/>-Chez Julien<br \/>-Comptoir du March\u00e9<br \/>-Le Collier de la Reine<\/p>\n<p><strong>A lire aussi<\/strong><\/p>\n<p><a href=\"https:\/\/www.vogue.fr\/article\/les-bons-conseils-pour-rendre-son-quotidien-plus-doux-a-paris\" target=\"_blank\" rel=\"noopener\"><strong>Les bons conseils pour rendre son quotidien plus doux \u00e0 Paris<\/strong><\/a><br \/><a href=\"https:\/\/www.vogue.fr\/article\/les-destinations-2026\" target=\"_blank\" rel=\"noopener\"><strong>Les destinations o\u00f9 partir en vacances en 2026<\/strong><\/a><\/p>\n","protected":false},"excerpt":{"rendered":"D\u00e9peignant avec beaucoup d&rsquo;humour et une justesse rare, le mode de vie et les habitudes des 1%, The&hellip;\n","protected":false},"author":2,"featured_media":605512,"comment_status":"","ping_status":"","sticky":false,"template":"","format":"standard","meta":{"footnotes":""},"categories":[1888],"tags":[1111,1928,11,1927,1777,674,1011,27,12,1926,626,1925,25,25951,721],"class_list":{"0":"post-605511","1":"post","2":"type-post","3":"status-publish","4":"format-standard","5":"has-post-thumbnail","7":"category-paris","8":"tag-actu","9":"tag-actu-paris","10":"tag-actualites","11":"tag-actualites-paris","12":"tag-eu","13":"tag-europe","14":"tag-fr","15":"tag-france","16":"tag-news","17":"tag-news-paris","18":"tag-paris","19":"tag-paris-news","20":"tag-republique-francaise","21":"tag-splitscreenimageleftinset","22":"tag-web"},"share_on_mastodon":{"url":"https:\/\/pubeurope.com\/@fr\/115735674592322601","error":""},"_links":{"self":[{"href":"https:\/\/www.europesays.com\/fr\/wp-json\/wp\/v2\/posts\/605511","targetHints":{"allow":["GET"]}}],"collection":[{"href":"https:\/\/www.europesays.com\/fr\/wp-json\/wp\/v2\/posts"}],"about":[{"href":"https:\/\/www.europesays.com\/fr\/wp-json\/wp\/v2\/types\/post"}],"author":[{"embeddable":true,"href":"https:\/\/www.europesays.com\/fr\/wp-json\/wp\/v2\/users\/2"}],"replies":[{"embeddable":true,"href":"https:\/\/www.europesays.com\/fr\/wp-json\/wp\/v2\/comments?post=605511"}],"version-history":[{"count":0,"href":"https:\/\/www.europesays.com\/fr\/wp-json\/wp\/v2\/posts\/605511\/revisions"}],"wp:featuredmedia":[{"embeddable":true,"href":"https:\/\/www.europesays.com\/fr\/wp-json\/wp\/v2\/media\/605512"}],"wp:attachment":[{"href":"https:\/\/www.europesays.com\/fr\/wp-json\/wp\/v2\/media?parent=605511"}],"wp:term":[{"taxonomy":"category","embeddable":true,"href":"https:\/\/www.europesays.com\/fr\/wp-json\/wp\/v2\/categories?post=605511"},{"taxonomy":"post_tag","embeddable":true,"href":"https:\/\/www.europesays.com\/fr\/wp-json\/wp\/v2\/tags?post=605511"}],"curies":[{"name":"wp","href":"https:\/\/api.w.org\/{rel}","templated":true}]}}