{"id":605513,"date":"2025-12-17T15:43:21","date_gmt":"2025-12-17T15:43:21","guid":{"rendered":"https:\/\/www.europesays.com\/fr\/605513\/"},"modified":"2025-12-17T15:43:21","modified_gmt":"2025-12-17T15:43:21","slug":"4-rooftops-chics-et-chauffes-a-paris-a-tester-cet-hiver","status":"publish","type":"post","link":"https:\/\/www.europesays.com\/fr\/605513\/","title":{"rendered":"4 rooftops chics et chauff\u00e9s \u00e0 Paris \u00e0 tester cet hiver"},"content":{"rendered":"<p>Non et non, l\u2019envie de se mettre sur le <a href=\"https:\/\/www.timeout.fr\/paris\/bar\/rooftops\" target=\"_blank\" rel=\"noopener\">toit <\/a>ne se limite pas aux beaux jours de l\u2019\u00e9t\u00e9. Certes, le soleil timide, les temp\u00e9ratures frisquettes et les cadeaux de <a href=\"https:\/\/www.timeout.fr\/paris\/noel\" target=\"_blank\" rel=\"noopener\">No\u00ebl <\/a>\u00e0 faire peuvent constituer des arguments valables pour ne pas avoir envie de profiter des illuminations de la ville vues d\u2019en haut, mais, heureusement, des \u00e9tablissements ont investi (plut\u00f4t \u00e0 l\u2019ouest de Paris) dans des moyens de r\u00e9chauffer le chaland. Voil\u00e0 notre s\u00e9lection des rooftops hivernaux de Paris !<\/p>\n<p><strong>The Ranch House of SirDavis du Terrass\u2019 H\u00f4tel<\/strong><br \/>\n<img decoding=\"async\" id=\"6333e40f-48f0-63b2-9d34-4931dd465ed0\" class=\"photo lazy inline\" loading=\"lazy\" data-component=\"lazy-embed\" src=\"https:\/\/www.europesays.com\/fr\/wp-content\/uploads\/2025\/12\/1765986196_9_image.webp.webp\" alt=\"Rooftop d'hiver\" data-caption=\"\" data-credit=\"\u00a9 Terrass' Hotel\" data-width-class=\"\" data-image-id=\"106355789\"\/>&#13;<br \/>\n\u00a9 Terrass&rsquo; Hotel&#13;<\/p>\n<p>Yeehaw ! Chevauchant \u00e0 bride abattue sur la tendance cowboy, le Terrass\u2019 H\u00f4tel a mis son rooftop aux couleurs du Texas en nouant un partenariat avec SirDavis, le whisky en collab entre Beyonc\u00e9 Knowles-Carter (mais oui) et Mo\u00ebt Hennessy. Ambiance ranch, avec peaux de vache, cactus et cocktails charpent\u00e9s (18 \u20ac), \u00e0 faire couler avec des assiettes au diapason (burgers, ribs, tacos).<\/p>\n<p><strong>O\u00f9 ?<\/strong> 12-14 rue Joseph-de-Maistre, Paris 18\u1d49<\/p>\n<p><strong>La Ferme Saint Amour \u00e0 l\u2019H\u00f4tel Sax<\/strong><br \/>\n<img decoding=\"async\" id=\"4db44000-b764-ea2b-09b6-f25bd4785525\" class=\"photo lazy inline\" loading=\"lazy\" data-component=\"lazy-embed\" src=\"https:\/\/www.europesays.com\/fr\/wp-content\/uploads\/2025\/12\/1765986198_28_image.webp.webp\" alt=\"Rooftop d'hiver\" data-caption=\"\" data-credit=\"\u00a9 DR\" data-width-class=\"\" data-image-id=\"106355791\"\/>&#13;<br \/>\n\u00a9 DR&#13;<\/p>\n<p>Si vous \u00eates habitu\u00e9 des pistes de Meg\u00e8ve, Courch\u2019 ou Crans-Montana (et du dernier d\u00e9cile des imposables), vous connaissez forc\u00e9ment la Ferme Saint-Amour, adresse dor\u00e9e sur tranche des nuits alpines. Pour l\u2019hiver 2025, elle vient se poser \u00e0 Paris, sur le toit du tr\u00e8s \u00e9l\u00e9gant H\u00f4tel Sax. \u00c9ric Fr\u00e9chon (rien que \u00e7a !) y signe un menu montagnard, dans une ambiance de chalet : soupe \u00e0 l\u2019oignon gratin\u00e9e au reblochon fermier, mont d\u2019Or truff\u00e9\u2026 Comptez 150 \u20ac par personne (soit deux jours de forfait \u00e0 Gstaad).<\/p>\n<p><strong>O\u00f9 ?<\/strong> 55 avenue de Saxe, Paris 7\u1d49<\/p>\n<p><strong>Aqua Kyoto Paris<\/strong><br \/>\n<img decoding=\"async\" id=\"a0fecbf1-623e-0d50-6ad0-a7a6c8f3f55d\" class=\"photo lazy inline\" loading=\"lazy\" data-component=\"lazy-embed\" src=\"https:\/\/www.europesays.com\/fr\/wp-content\/uploads\/2025\/12\/1765986198_186_image.webp.webp\" alt=\"Rooftop d'hiver\" data-caption=\"\" data-credit=\"\u00a9 Aqua Kyoto\" data-width-class=\"\" data-image-id=\"106355785\"\/>&#13;<br \/>\n\u00a9 Aqua Kyoto&#13;<\/p>\n<p data-start=\"93\" data-end=\"406\">D\u00e9sormais prot\u00e9g\u00e9e et chauff\u00e9e, la terrasse XXL de ce restaurant japonais chicos, donnant plein sud, offre un panorama assez bluffant sur les toits des Champs-\u00c9lys\u00e9es et la tour Eiffel, en plein cadre. Dans les assiettes ? Des sp\u00e9cialit\u00e9s nipponnes tous azimuts (yakitori, sushi, tempura), \u00e0 tarif d\u2019altitude.<\/p>\n<p><strong>O\u00f9 ?<\/strong> 26 avenue des Champs-\u00c9lys\u00e9es, Paris 8\u1d49<\/p>\n<p><strong>Eylau au\u00a0Canopy by Hilton Paris Eiffel Tower<\/strong><br \/>\n<img decoding=\"async\" id=\"d19b9dd3-3662-84f3-17b1-02d54480905f\" class=\"photo lazy inline\" loading=\"lazy\" data-component=\"lazy-embed\" src=\"https:\/\/www.europesays.com\/fr\/wp-content\/uploads\/2025\/12\/1765986201_993_image.webp.webp\" alt=\"Rooftop d'hiver\" data-caption=\"\" data-credit=\"\u00a9 Eylau Paris\" data-width-class=\"\" data-image-id=\"106355783\"\/>&#13;<br \/>\n\u00a9 Eylau Paris&#13;<\/p>\n<p>Quand on est pos\u00e9 sur le toit-terrasse de ce discret (mais chic) h\u00f4tel situ\u00e9 \u00e0 deux pas du Trocad\u00e9ro, la tour Eiffel occupe une impressionnante portion de ciel ! Gr\u00e2ce \u00e0 cette bulle chauff\u00e9e, vous allez pouvoir le constater par vous-m\u00eame sans vous geler. Il est possible d\u2019y siroter un th\u00e9 d\u00e8s 16 h 30 ou d\u2019y ap\u00e9roter autour d\u2019un cocktail (19 \u20ac) et d\u2019une planche de fromages (33 \u20ac).<br \/><strong>O\u00f9 ?<\/strong> 16 avenue d\u2019Eylau, Paris 16\u1d49<\/p>\n","protected":false},"excerpt":{"rendered":"Non et non, l\u2019envie de se mettre sur le toit ne se limite pas aux beaux jours de&hellip;\n","protected":false},"author":2,"featured_media":605514,"comment_status":"","ping_status":"","sticky":false,"template":"","format":"standard","meta":{"footnotes":""},"categories":[1888],"tags":[11,2925,2924,1777,674,1011,27,12,626,25,2923],"class_list":{"0":"post-605513","1":"post","2":"type-post","3":"status-publish","4":"format-standard","5":"has-post-thumbnail","7":"category-paris","8":"tag-actualites","9":"tag-actualites-dans-nos-assiettes","10":"tag-categories-restaurants","11":"tag-eu","12":"tag-europe","13":"tag-fr","14":"tag-france","15":"tag-news","16":"tag-paris","17":"tag-republique-francaise","18":"tag-restaurants"},"share_on_mastodon":{"url":"https:\/\/pubeurope.com\/@fr\/115735680705674664","error":""},"_links":{"self":[{"href":"https:\/\/www.europesays.com\/fr\/wp-json\/wp\/v2\/posts\/605513","targetHints":{"allow":["GET"]}}],"collection":[{"href":"https:\/\/www.europesays.com\/fr\/wp-json\/wp\/v2\/posts"}],"about":[{"href":"https:\/\/www.europesays.com\/fr\/wp-json\/wp\/v2\/types\/post"}],"author":[{"embeddable":true,"href":"https:\/\/www.europesays.com\/fr\/wp-json\/wp\/v2\/users\/2"}],"replies":[{"embeddable":true,"href":"https:\/\/www.europesays.com\/fr\/wp-json\/wp\/v2\/comments?post=605513"}],"version-history":[{"count":0,"href":"https:\/\/www.europesays.com\/fr\/wp-json\/wp\/v2\/posts\/605513\/revisions"}],"wp:featuredmedia":[{"embeddable":true,"href":"https:\/\/www.europesays.com\/fr\/wp-json\/wp\/v2\/media\/605514"}],"wp:attachment":[{"href":"https:\/\/www.europesays.com\/fr\/wp-json\/wp\/v2\/media?parent=605513"}],"wp:term":[{"taxonomy":"category","embeddable":true,"href":"https:\/\/www.europesays.com\/fr\/wp-json\/wp\/v2\/categories?post=605513"},{"taxonomy":"post_tag","embeddable":true,"href":"https:\/\/www.europesays.com\/fr\/wp-json\/wp\/v2\/tags?post=605513"}],"curies":[{"name":"wp","href":"https:\/\/api.w.org\/{rel}","templated":true}]}}