{"id":605517,"date":"2025-12-17T15:45:17","date_gmt":"2025-12-17T15:45:17","guid":{"rendered":"https:\/\/www.europesays.com\/fr\/605517\/"},"modified":"2025-12-17T15:45:17","modified_gmt":"2025-12-17T15:45:17","slug":"friedrich-merz-appelle-lunion-europeenne-a-utiliser-les-avoirs-russes-geles-pour-intensifier-la-pression-sur-poutine","status":"publish","type":"post","link":"https:\/\/www.europesays.com\/fr\/605517\/","title":{"rendered":"Friedrich Merz appelle l\u2019Union europ\u00e9enne \u00e0 utiliser les avoirs russes gel\u00e9s pour \u00ab\u00a0intensifier la pression sur Poutine\u00a0\u00bb"},"content":{"rendered":"<p>   Cargo russe gel\u00e9 \u00e0 Saint-Malo\u00a0: le tribunal condamne l\u2019armateur Alpha LLC, la vente aux ench\u00e8res d\u00e9sormais possible             <\/p>\n<p class=\"post__live-container--answer-text post__space-node\">Le tribunal de commerce de Saint-Malo a condamn\u00e9 l\u2019armateur du Vladimir Latyshev, un cargo russe gel\u00e9 depuis mars\u00a02022 dans le port de Saint-Malo en France, suite aux sanctions europ\u00e9ennes contre Moscou. La soci\u00e9t\u00e9 russe Alpha LLC, armateur du cargo a \u00e9t\u00e9 condamn\u00e9e \u00e0 payer 125\u00a0960\u00a0euros au fabricant d\u2019engrais Timac Agro, selon une copie du jugement dat\u00e9e du 16\u00a0d\u00e9cembre consult\u00e9e par l\u2019Agence France Presse (AFP).<\/p>\n<p class=\"post__live-container--answer-text post__space-node\">De mars\u00a02022 \u00e0 ao\u00fbt\u00a02025, la soci\u00e9t\u00e9 malouine Timac Agro a r\u00e9gl\u00e9 les factures n\u00e9cessaires au maintien du navire et aux besoins de l\u2019\u00e9quipage (carburant, \u00e9lectricit\u00e9, frais de port et vivres pour les marins) mais elle n\u2019\u00e9tait plus rembours\u00e9e par l\u2019armateur russe depuis f\u00e9vrier\u00a02025. Le 17\u00a0novembre, Alpha LLC a seulement vers\u00e9 un acompte de 30\u00a0000\u00a0euros \u00e0 Timac Agro sur sa cr\u00e9ance de 156\u00a0000\u00a0euros environ.<\/p>\n<p class=\"post__live-container--answer-text post__space-node\">\u00ab\u00a0On va faire signifier le jugement \u00e0 l\u2019armateur pour savoir s\u2019il fait appel ou s\u2019il paye. Une fois que le jugement sera d\u00e9finitif, s\u2019il ne paye pas, on fera vendre le navire aux ench\u00e8res\u00a0\u00bb, a d\u00e9clar\u00e9 \u00e0 l\u2019AFP Me Christophe Nicolas, avocat de Timac Agro. En cas de vente aux ench\u00e8res, \u00ab\u00a0le prix de vente devrait \u00eatre sup\u00e9rieur aux cr\u00e9ances\u00a0\u00bb, a soulign\u00e9 l\u2019avocat.<\/p>\n<p class=\"post__live-container--answer-text post__space-node\">Le cargo de 141 m\u00e8tres de long, construit en\u00a02021 et capable de transporter plus de 11\u00a0000\u00a0m3 de marchandises, vaudrait entre 15 et 20\u00a0millions d\u2019euros, selon David Lebec, directeur financier de l\u2019agent maritime AFCC, soci\u00e9t\u00e9 cr\u00e9anci\u00e8re d\u2019un navire identique, le\u00a0Victor Andryukhin, gel\u00e9 \u00e0 Marseille dans le cadre des sanctions europ\u00e9ennes.<\/p>\n<p class=\"post__live-container--answer-text post__space-node\">Le d\u00e9lai d\u2019appel du jugement est d\u2019un \u00e0 trois mois \u00e0 compter de sa signification aux parties, selon Me Nicolas. Contact\u00e9e par l\u2019AFP, l\u2019avocate d\u2019Alpha LLC n\u2019\u00e9tait pas en mesure de r\u00e9agir dans l\u2019imm\u00e9diat.<\/p>\n","protected":false},"excerpt":{"rendered":"Cargo russe gel\u00e9 \u00e0 Saint-Malo\u00a0: le tribunal condamne l\u2019armateur Alpha LLC, la vente aux ench\u00e8res d\u00e9sormais possible Le&hellip;\n","protected":false},"author":2,"featured_media":605518,"comment_status":"","ping_status":"","sticky":false,"template":"","format":"standard","meta":{"footnotes":""},"categories":[1591],"tags":[11,1887,12,1885,1886,132],"class_list":{"0":"post-605517","1":"post","2":"type-post","3":"status-publish","4":"format-standard","5":"has-post-thumbnail","7":"category-russie","8":"tag-actualites","9":"tag-federation-de-russie","10":"tag-news","11":"tag-russia","12":"tag-russian-federation","13":"tag-russie"},"share_on_mastodon":{"url":"https:\/\/pubeurope.com\/@fr\/115735686369629550","error":""},"_links":{"self":[{"href":"https:\/\/www.europesays.com\/fr\/wp-json\/wp\/v2\/posts\/605517","targetHints":{"allow":["GET"]}}],"collection":[{"href":"https:\/\/www.europesays.com\/fr\/wp-json\/wp\/v2\/posts"}],"about":[{"href":"https:\/\/www.europesays.com\/fr\/wp-json\/wp\/v2\/types\/post"}],"author":[{"embeddable":true,"href":"https:\/\/www.europesays.com\/fr\/wp-json\/wp\/v2\/users\/2"}],"replies":[{"embeddable":true,"href":"https:\/\/www.europesays.com\/fr\/wp-json\/wp\/v2\/comments?post=605517"}],"version-history":[{"count":0,"href":"https:\/\/www.europesays.com\/fr\/wp-json\/wp\/v2\/posts\/605517\/revisions"}],"wp:featuredmedia":[{"embeddable":true,"href":"https:\/\/www.europesays.com\/fr\/wp-json\/wp\/v2\/media\/605518"}],"wp:attachment":[{"href":"https:\/\/www.europesays.com\/fr\/wp-json\/wp\/v2\/media?parent=605517"}],"wp:term":[{"taxonomy":"category","embeddable":true,"href":"https:\/\/www.europesays.com\/fr\/wp-json\/wp\/v2\/categories?post=605517"},{"taxonomy":"post_tag","embeddable":true,"href":"https:\/\/www.europesays.com\/fr\/wp-json\/wp\/v2\/tags?post=605517"}],"curies":[{"name":"wp","href":"https:\/\/api.w.org\/{rel}","templated":true}]}}