{"id":605523,"date":"2025-12-17T15:48:16","date_gmt":"2025-12-17T15:48:16","guid":{"rendered":"https:\/\/www.europesays.com\/fr\/605523\/"},"modified":"2025-12-17T15:48:16","modified_gmt":"2025-12-17T15:48:16","slug":"welcome-les-etudiants-en-erasmus-vont-faire-leur-retour-au-royaume-uni","status":"publish","type":"post","link":"https:\/\/www.europesays.com\/fr\/605523\/","title":{"rendered":"Welcome ! Les \u00e9tudiants en Erasmus vont faire leur retour au Royaume-Uni"},"content":{"rendered":"<p><img decoding=\"async\" class=\"\" style=\"width:100%;max-width:100%\" src=\"https:\/\/www.europesays.com\/fr\/wp-content\/uploads\/2025\/12\/Londres_towerbridge_Alouette_DLB1765984169399-format16by9.png\" alt=\"Tower bridge \u00e0 Londres\"\/><\/p>\n<p>Avant le Brexit, le Royaume-Uni \u00e9tait la destination pr\u00e9f\u00e9r\u00e9e des \u00e9tudiants en Erasmus.<\/p>\n<p>Cr\u00e9dit : Alouette |DLB<\/p>\n<p style=\"text-align: justify;\"><strong>Cr\u00e9\u00e9 en 1987, le programme Erasmus, permet aux \u00e9tudiants europ\u00e9ens d\u2019aller suivre des cours \u00e0 l\u2019\u00e9tranger pendant plusieurs mois, voire une ann\u00e9e scolaire compl\u00e8te.<\/strong> Ces derniers paient g\u00e9n\u00e9ralement leurs frais d&rsquo;inscription \u00e0 leur \u00e9tablissement d&rsquo;origine, les co\u00fbts suppl\u00e9mentaires \u00e9tant pris en charge par l&rsquo;Union europ\u00e9enne, via des fonds publics.<\/p>\n<p style=\"text-align: justify;\">Depuis sa cr\u00e9ation, <strong>neuf millions<\/strong> de personnes ont b\u00e9n\u00e9fici\u00e9 d&rsquo;Erasmus.<\/p>\n<p style=\"text-align: justify;\">\u00a0<\/p>\n<p>Le Royaume-Uni en t\u00eate des destinations<\/p>\n<p style=\"text-align: justify;\">\u00a0<\/p>\n<p style=\"text-align: justify;\">Parmi les destinations les plus pris\u00e9es par les jeunes Fran\u00e7ais inscrits en Erasmus\u00a0: <strong>le Royaume-Uni.<\/strong> Or, <strong>depuis d\u00e9cembre 2020, et le Brexit<\/strong>, il n\u2019est plus possible d\u2019aller passer une ann\u00e9e d\u2019\u00e9tudes dans ce pays dans le cadre d\u2018Erasmus. Depuis cinq ans, les jeunes europ\u00e9ens \u00e9tudiant au Royaume-Uni doivent s&rsquo;acquitter comme les autres \u00e9tudiants internationaux de frais universitaires \u00e9lev\u00e9s, souvent trois fois sup\u00e9rieurs \u00e0 ceux pay\u00e9s par les \u00e9tudiants britanniques.<\/p>\n<p style=\"text-align: justify;\">Finalement, le gouvernement britannique a trouv\u00e9 <strong>un accord avec Bruxelles<\/strong> pour r\u00e9int\u00e9grer d\u00e8s 2027 ce programme europ\u00e9en d&rsquo;\u00e9changes universitaires, une mesure embl\u00e9matique d&rsquo;une volont\u00e9 de rapprochement avec l&rsquo;Union europ\u00e9enne.<\/p>\n<p style=\"text-align: justify;\">\u00a0<\/p>\n<p>\u00ab\u00a0De nouvelles exp\u00e9riences et des amiti\u00e9s durables\u00a0\u00bb<\/p>\n<p style=\"text-align: justify;\">\u00a0<\/p>\n<p style=\"text-align: justify;\">\u00ab\u00a0L&rsquo;adh\u00e9sion \u00e0 Erasmus+ est une victoire majeure pour nos jeunes, en levant les obstacles et en \u00e9largissant les horizons afin que chacun, quelle que soit son origine, ait la possibilit\u00e9 d&rsquo;\u00e9tudier et de se former \u00e0 l&rsquo;\u00e9tranger\u00a0\u00bb, a d\u00e9clar\u00e9 le ministre britannique des relations avec l&rsquo;Union europ\u00e9enne, Nick Thomas-Symonds, dans un communiqu\u00e9 publi\u00e9 mercredi.<\/p>\n<p style=\"text-align: justify;\">Ce retour \u00ab\u00a0ouvre la voie \u00e0 de nouvelles exp\u00e9riences partag\u00e9es et \u00e0 des amiti\u00e9s durables\u00a0\u00bb \u00e0 tous les \u00e9tudiants qui pourront b\u00e9n\u00e9ficier de cette extension du programme, a soulign\u00e9 sur X la pr\u00e9sidente de l&rsquo;ex\u00e9cutif europ\u00e9en Ursula von der Leyen.<\/p>\n<p style=\"text-align: justify;\">L&rsquo;accord s&rsquo;inscrit dans le cadre de <strong>la relance des relations avec l&rsquo;UE<\/strong> entreprise par le Premier ministre travailliste Keir Starmer depuis son arriv\u00e9e au pouvoir en juillet 2024, apr\u00e8s des ann\u00e9es de tensions entre les 27 et les pr\u00e9c\u00e9dents gouvernements conservateurs li\u00e9es au Brexit.<\/p>\n<p style=\"text-align: justify;\"><strong>L&rsquo;accord trouv\u00e9 sur Erasmus devra encore \u00eatre approuv\u00e9 par les 27 Etats membres<\/strong>.<\/p>\n<p style=\"text-align: justify;\">(Avec AFP)<\/p>\n<p>\u00a0<\/p>\n","protected":false},"excerpt":{"rendered":"Avant le Brexit, le Royaume-Uni \u00e9tait la destination pr\u00e9f\u00e9r\u00e9e des \u00e9tudiants en Erasmus. Cr\u00e9dit : Alouette |DLB Cr\u00e9\u00e9&hellip;\n","protected":false},"author":2,"featured_media":605524,"comment_status":"","ping_status":"","sticky":false,"template":"","format":"standard","meta":{"footnotes":""},"categories":[1588],"tags":[11,1353,2360,1057,9614,8273,1777,674,12,473,1853,1851,1850,1852],"class_list":{"0":"post-605523","1":"post","2":"type-post","3":"status-publish","4":"format-standard","5":"has-post-thumbnail","7":"category-royaume-uni","8":"tag-actualites","9":"tag-brexit","10":"tag-bruxelles","11":"tag-education","12":"tag-enseignement","13":"tag-erasmus","14":"tag-eu","15":"tag-europe","16":"tag-news","17":"tag-royaume-uni","18":"tag-royaume-uni-de-grande-bretagne-et-dirlande-du-nord","19":"tag-uk","20":"tag-united-kingdom","21":"tag-united-kingdom-of-great-britain-and-northern-ireland"},"share_on_mastodon":{"url":"https:\/\/pubeurope.com\/@fr\/115735698249357332","error":""},"_links":{"self":[{"href":"https:\/\/www.europesays.com\/fr\/wp-json\/wp\/v2\/posts\/605523","targetHints":{"allow":["GET"]}}],"collection":[{"href":"https:\/\/www.europesays.com\/fr\/wp-json\/wp\/v2\/posts"}],"about":[{"href":"https:\/\/www.europesays.com\/fr\/wp-json\/wp\/v2\/types\/post"}],"author":[{"embeddable":true,"href":"https:\/\/www.europesays.com\/fr\/wp-json\/wp\/v2\/users\/2"}],"replies":[{"embeddable":true,"href":"https:\/\/www.europesays.com\/fr\/wp-json\/wp\/v2\/comments?post=605523"}],"version-history":[{"count":0,"href":"https:\/\/www.europesays.com\/fr\/wp-json\/wp\/v2\/posts\/605523\/revisions"}],"wp:featuredmedia":[{"embeddable":true,"href":"https:\/\/www.europesays.com\/fr\/wp-json\/wp\/v2\/media\/605524"}],"wp:attachment":[{"href":"https:\/\/www.europesays.com\/fr\/wp-json\/wp\/v2\/media?parent=605523"}],"wp:term":[{"taxonomy":"category","embeddable":true,"href":"https:\/\/www.europesays.com\/fr\/wp-json\/wp\/v2\/categories?post=605523"},{"taxonomy":"post_tag","embeddable":true,"href":"https:\/\/www.europesays.com\/fr\/wp-json\/wp\/v2\/tags?post=605523"}],"curies":[{"name":"wp","href":"https:\/\/api.w.org\/{rel}","templated":true}]}}