{"id":605527,"date":"2025-12-17T15:50:14","date_gmt":"2025-12-17T15:50:14","guid":{"rendered":"https:\/\/www.europesays.com\/fr\/605527\/"},"modified":"2025-12-17T15:50:14","modified_gmt":"2025-12-17T15:50:14","slug":"avortement-sur-et-accessible-a-toutes-en-europe-une-avancee-le-combat-continue","status":"publish","type":"post","link":"https:\/\/www.europesays.com\/fr\/605527\/","title":{"rendered":"Avortement s\u00fbr et accessible \u00e0 toutes en Europe : une avanc\u00e9e, le combat continue !"},"content":{"rendered":"<p>        Le Parlement europ\u00e9en a approuv\u00e9 une initiative citoyenne europ\u00e9enne visant \u00e0 faciliter l\u2019acc\u00e8s \u00e0 l\u2019avortement en Europe par la mise en place d\u2019un m\u00e9canisme volontaire de solidarit\u00e9 financi\u00e8re entre \u00c9tats membres. Et ceci malgr\u00e9 l\u2019opposition de la droite et de l\u2019extr\u00eame-droite europ\u00e9enne. Pour l\u2019Union syndicale Solidaires, cette avanc\u00e9e est le fruit de mobilisations f\u00e9ministes et syndicales.<\/p>\n<p data-block-key=\"7u31c\">Le texte adopt\u00e9 dans le cadre de l\u2019initiative \u00ab Ma voix, mon choix \u00bb, va conduire \u00e0 la mise en place d\u2019un m\u00e9canisme financier aidant les \u00c9tats membres \u00e0 fournir une possibilit\u00e9 d\u2019avorter sans risque \u00e0 toutes celles qui n\u2019y ont pas acc\u00e8s. C\u2019est une r\u00e9ponse concr\u00e8te \u00e0 l\u2019urgence, m\u00eame si elle reste insuffisante.<\/p>\n<p data-block-key=\"ec1o7\"><b>L\u2019Union syndicale Solidaires rappelle que l\u2019avortement est un droit fondamental qui doit faire l\u2019objet d\u2019une inscription explicite dans la Charte des droits fondamentaux de l\u2019Union europ\u00e9enne.<\/b> C\u2019est la garantie durable contre les reculs r\u00e9actionnaires \u00e0 l\u2019\u0153uvre dans de nombreux pays, la mont\u00e9e des forces d&rsquo;extr\u00eame droite et les attaques r\u00e9p\u00e9t\u00e9es contre les droits sexuels et reproductifs.<\/p>\n<p>Nous partageons la vive inqui\u00e9tude exprim\u00e9e face au recul des droits des femmes et de l\u2019\u00e9galit\u00e9 de genre en Europe et dans le monde. Les offensives des mouvements r\u00e9actionnaires et anti-genre visent \u00e0 remettre en cause des droits conquis de haute lutte. L\u2019Union syndicale Solidaires les combat sans ambigu\u00eft\u00e9.<\/p>\n<p data-block-key=\"dm5lp\">L\u2019initiative citoyenne \u00ab Ma voix, mon choix \u00bb, qui a recueilli plus de 1,2 million de signatures dans l\u2019Union europ\u00e9enne, d\u00e9montre que les populations refusent ces reculs et exigent des institutions europ\u00e9ennes qu\u2019elles prennent leurs responsabilit\u00e9s.<\/p>\n<p data-block-key=\"bc0u5\"><b>Nous continuerons \u00e0 nous battre pour que ce droit soit accompagn\u00e9 des moyens pour l\u2019exercer concr\u00e8tement. Cela passe par la r\u00e9ouverture de centres d\u2019IVG ferm\u00e9s, contre les politiques d\u2019aust\u00e9rit\u00e9 qui affaiblissent le syst\u00e8me de sant\u00e9 et contre la baisse des subventions aux associations.<\/b><\/p>\n<p data-block-key=\"cmpaq\">La Commission europ\u00e9enne a d\u00e9sormais jusqu\u2019\u00e0 mars 2026 pour annoncer les suites qu\u2019elle entend donner \u00e0 cette d\u00e9cision. <b>L\u2019Union syndicale Solidaires sera vigilante, nous continuerons \u00e0 nous mobiliser, aux c\u00f4t\u00e9s des associations f\u00e9ministes, des collectifs, des syndicats et des mouvements sociaux, pour que le droit \u00e0 l\u2019avortement soit garanti partout en Europe et dans le monde, sans condition de ressources, de nationalit\u00e9 ou de lieu de r\u00e9sidence.<\/b><\/p>\n<blockquote data-block-key=\"3kkr1\"><p>Le combat n\u2019est pas termin\u00e9. Tant qu\u2019une seule femme verra son droit \u00e0 l\u2019avortement remis en cause, nous continuerons \u00e0 nous battre, ensemble, avec d\u00e9termination et solidarit\u00e9.<\/p><\/blockquote>\n<p><b>Notre corps, nos choix, nos droits : en Europe, dans le monde, maintenant.<\/b><\/p>\n","protected":false},"excerpt":{"rendered":"Le Parlement europ\u00e9en a approuv\u00e9 une initiative citoyenne europ\u00e9enne visant \u00e0 faciliter l\u2019acc\u00e8s \u00e0 l\u2019avortement en Europe par&hellip;\n","protected":false},"author":2,"featured_media":605528,"comment_status":"","ping_status":"","sticky":false,"template":"","format":"standard","meta":{"footnotes":""},"categories":[1586],"tags":[11,10660,1777,674,1011,27,12768,12771,12,25,12767,12770,11564,12766,12769],"class_list":{"0":"post-605527","1":"post","2":"type-post","3":"status-publish","4":"format-standard","5":"has-post-thumbnail","7":"category-europe","8":"tag-actualites","9":"tag-egalite","10":"tag-eu","11":"tag-europe","12":"tag-fr","13":"tag-france","14":"tag-independance-syndicale","15":"tag-mouvements-sociaux","16":"tag-news","17":"tag-republique-francaise","18":"tag-revendications","19":"tag-solidarite-internationale","20":"tag-syndicat","21":"tag-transformation-sociale","22":"tag-unite-syndicale"},"share_on_mastodon":{"url":"https:\/\/pubeurope.com\/@fr\/115735706034419043","error":""},"_links":{"self":[{"href":"https:\/\/www.europesays.com\/fr\/wp-json\/wp\/v2\/posts\/605527","targetHints":{"allow":["GET"]}}],"collection":[{"href":"https:\/\/www.europesays.com\/fr\/wp-json\/wp\/v2\/posts"}],"about":[{"href":"https:\/\/www.europesays.com\/fr\/wp-json\/wp\/v2\/types\/post"}],"author":[{"embeddable":true,"href":"https:\/\/www.europesays.com\/fr\/wp-json\/wp\/v2\/users\/2"}],"replies":[{"embeddable":true,"href":"https:\/\/www.europesays.com\/fr\/wp-json\/wp\/v2\/comments?post=605527"}],"version-history":[{"count":0,"href":"https:\/\/www.europesays.com\/fr\/wp-json\/wp\/v2\/posts\/605527\/revisions"}],"wp:featuredmedia":[{"embeddable":true,"href":"https:\/\/www.europesays.com\/fr\/wp-json\/wp\/v2\/media\/605528"}],"wp:attachment":[{"href":"https:\/\/www.europesays.com\/fr\/wp-json\/wp\/v2\/media?parent=605527"}],"wp:term":[{"taxonomy":"category","embeddable":true,"href":"https:\/\/www.europesays.com\/fr\/wp-json\/wp\/v2\/categories?post=605527"},{"taxonomy":"post_tag","embeddable":true,"href":"https:\/\/www.europesays.com\/fr\/wp-json\/wp\/v2\/tags?post=605527"}],"curies":[{"name":"wp","href":"https:\/\/api.w.org\/{rel}","templated":true}]}}