{"id":605529,"date":"2025-12-17T15:51:16","date_gmt":"2025-12-17T15:51:16","guid":{"rendered":"https:\/\/www.europesays.com\/fr\/605529\/"},"modified":"2025-12-17T15:51:16","modified_gmt":"2025-12-17T15:51:16","slug":"que-contient-laccord-ue-mercosur-et-quels-sont-les-points-contestes-17-12-2025-a-1550","status":"publish","type":"post","link":"https:\/\/www.europesays.com\/fr\/605529\/","title":{"rendered":"Que contient l&rsquo;accord UE-Mercosur et quels sont les points contest\u00e9s ? &#8211; 17\/12\/2025 \u00e0 15:50"},"content":{"rendered":"<p>\n par Philip Blenkinsop\n<\/p>\n<p>\n La Commission<br \/>\neurop\u00e9enne pr\u00e9voit de signer officiellement d&rsquo;ici la fin de<br \/>\nl&rsquo;ann\u00e9e l&rsquo;accord commercial entre l&rsquo;Union europ\u00e9enne et le<br \/>\nmarch\u00e9 commun sud-am\u00e9ricain (Mercosur), finalis\u00e9 en d\u00e9cembre<br \/>\n2024.\n<\/p>\n<p>\n L&rsquo;ex\u00e9cutif europ\u00e9en peine cependant \u00e0 obtenir l&rsquo;accord de la<br \/>\nFrance, de l&rsquo;Italie, de la Pologne ou encore de la Hongrie, qui<br \/>\nsemble indispensable \u00e0 la conclusion de ce trait\u00e9 de<br \/>\nlibre-\u00e9change.\n<\/p>\n<p>\n Voici les principales mesures de l&rsquo;accord et les points de<br \/>\ncontentieux:\n<\/p>\n<p>\n MOINS DE DROITS DE DOUANE, DES QUOTAS AGRICOLES \u00c9LARGIS\n<\/p>\n<p>\n Le texte pr\u00e9voit que le bloc sud-am\u00e9ricain supprime les<br \/>\ndroits de douane sur 91% des produits en provenance de l&rsquo;UE,<br \/>\nnotamment sur le secteur automobile actuellement tax\u00e9 \u00e0 35%,<br \/>\ndans un d\u00e9lai de 15 ans. De son c\u00f4t\u00e9, l&rsquo;UE doit progressivement<br \/>\nretirer les droits de douane sur 92% des exportations du<br \/>\nMercosur d&rsquo;ici 10 ans.\n<\/p>\n<p>\n Certains produits europ\u00e9ens comme le vin, vis\u00e9 actuellement<br \/>\npar des taxes douani\u00e8res de 17%, ou les spiritueux (taxes<br \/>\ncomprises entre 20% et 35%), ne seront plus soumis \u00e0 des droits<br \/>\nde douane dans les pays du Mercosur.\n<\/p>\n<p>\n S&rsquo;agissant des produits agricoles les plus sensibles, l&rsquo;UE<br \/>\naccepte d&rsquo;accro\u00eetre ses quotas d&rsquo;importation, avec par exemple<br \/>\n99.000 tonnes suppl\u00e9mentaires de boeuf en provenance du<br \/>\nMercosur. En \u00e9change, le march\u00e9 commun sud-am\u00e9ricain doit<br \/>\naccorder un quota de 30.000 tonnes de fromage europ\u00e9en exon\u00e9r\u00e9es<br \/>\nde toute taxe douani\u00e8re.\n<\/p>\n<p>\n Des quotas europ\u00e9ens sont \u00e9galement pr\u00e9vus pour la volaille,<br \/>\nle porc, le sucre, l&rsquo;\u00e9thanol, le riz, le miel et le ma\u00efs, et,<br \/>\nc\u00f4t\u00e9 Mercosur, sur le lait en poudre et la nourriture infantile.\n<\/p>\n<p>\n Les quotas suppl\u00e9mentaires repr\u00e9sentent 1,6% de la<br \/>\nconsommation de boeuf au sein de l&rsquo;UE et 1,4% pour les<br \/>\nvolailles. Pour les partisans de l&rsquo;accord, le fait que l&rsquo;UE<br \/>\nimporte d\u00e9j\u00e0 ces produits prouve qu&rsquo;ils respectent les normes<br \/>\neurop\u00e9ennes.\n<\/p>\n<p>\n L&rsquo;accord reconna\u00eet aussi 350 indications g\u00e9ographiques afin<br \/>\nde prot\u00e9ger certaines sp\u00e9cialit\u00e9s culinaires de l&rsquo;UE.\n<\/p>\n<p>\n CE QUE DISENT LES PARTISANS DE L&rsquo;ACCORD\n<\/p>\n<p>\n La Commission europ\u00e9enne et les pays favorables \u00e0 l&rsquo;accord,<br \/>\ncomme l&rsquo;Allemagne et l&rsquo;Espagne, affirment que cet accord<br \/>\npermettrait de r\u00e9duire la d\u00e9pendance \u00e0 l&rsquo;\u00e9gard de la Chine,<br \/>\nparticuli\u00e8rement pour les minerais tels que le lithium pour<br \/>\nbatteries, en garantissant l&rsquo;absence de droits de douane sur la<br \/>\nplupart de ces produits.\n<\/p>\n<p>\n Ils jugent aussi qu&rsquo;il permettra d&rsquo;att\u00e9nuer l&rsquo;impact des<br \/>\ndroits de douane impos\u00e9s par le pr\u00e9sident am\u00e9ricain Donald<br \/>\nTrump.\n<\/p>\n<p>\n Bruxelles pr\u00e9sente l&rsquo;accord avec le Mercosur comme le plus<br \/>\nimportant jamais scell\u00e9 par l&rsquo;UE en termes de suppressions de<br \/>\nbarri\u00e8res tarifaires, chiffrant \u00e0 plus de quatre milliards<br \/>\nd&rsquo;euros par an le montant des droits de douane ainsi lev\u00e9s. La<br \/>\nCommission juge en outre cet accord indispensable aux efforts du<br \/>\nbloc pour diversifier ses liens commerciaux.\n<\/p>\n<p>\n L&rsquo;accord pr\u00e9voit aussi des clauses de sauvegarde<br \/>\nsusceptibles d&rsquo;\u00eatre activ\u00e9es en cas de perturbations sur<br \/>\ncertains march\u00e9s.\n<\/p>\n<p>\n CE QUE DISENT LES D\u00c9TRACTEURS DE L&rsquo;ACCORD\n<\/p>\n<p>\n Les agriculteurs europ\u00e9ens d\u00e9noncent un accord ouvrant leurs<br \/>\nmarch\u00e9s \u00e0 des importations de produits sud-am\u00e9ricains bon<br \/>\nmarch\u00e9, notamment de boeuf, ne respectant pas les normes de l&rsquo;UE<br \/>\nen mati\u00e8re de respect de l&rsquo;environnement et de s\u00e9curit\u00e9<br \/>\nalimentaire. La Commission affirme que les normes europ\u00e9ennes ne<br \/>\nsont pas remises en cause.\n<\/p>\n<p>\n L&rsquo;accord pr\u00e9voit des engagements en mati\u00e8re<br \/>\nenvironnementale, notamment l&rsquo;arr\u00eat de toute d\u00e9forestation<br \/>\nsuppl\u00e9mentaire apr\u00e8s 2030. Les organisations de d\u00e9fense de<br \/>\nl&rsquo;environnement d\u00e9noncent cependant le manque de mesures<br \/>\ncontraignantes.\n<\/p>\n<p>\n L&rsquo;ONG Les Amis de la Terre parle d&rsquo;un accord \u00ab\u00a0destructeur\u00a0\u00bb<br \/>\npour l&rsquo;environnement et affirme qu&rsquo;il conduira \u00e0 une<br \/>\nd\u00e9forestation accrue, notamment en Amazonie, du fait des<br \/>\nexportations suppl\u00e9mentaires de produits agricoles et de<br \/>\nmati\u00e8res premi\u00e8res qu&rsquo;effectuerait le Mercosur.\n<\/p>\n<p>\n La France, principal producteur europ\u00e9en de boeuf dont le<br \/>\nsecteur pourrait \u00eatre menac\u00e9 par des importations accrues en<br \/>\nprovenance du Mercosur, juge que l&rsquo;accord n&rsquo;est pas acceptable<br \/>\nen l&rsquo;\u00e9tat et a demand\u00e9 un report de sa signature, le pr\u00e9sident<br \/>\nEmmanuel Macron mena\u00e7ant de s&rsquo;opposer \u00ab\u00a0de mani\u00e8re tr\u00e8s ferme\u00a0\u00bb \u00e0<br \/>\ntoute tentative de passage en force de la part de la Commission.\n<\/p>\n<p>\n L&rsquo;Italie, la Pologne et la Hongrie ont aussi exprim\u00e9 leurs<br \/>\nr\u00e9ticences, voire leur opposition \u00e0 l&rsquo;accord tel qu&rsquo;il est<br \/>\npropos\u00e9. Ensemble, ces quatre pays peuvent bloquer l&rsquo;accord.\n<\/p>\n<p>\n COMMENT LA COMMISSION EUROP\u00c9ENNE ESSAIE DE CONVAINCRE ?\n<\/p>\n<p>\n Lorsque la Commission europ\u00e9enne a soumis l&rsquo;accord pour<br \/>\napprobation en septembre, elle a propos\u00e9 des clauses de<br \/>\nsauvegarde pour certains produits agricoles, tels que le boeuf.\n<\/p>\n<p>\n Aux termes de ce m\u00e9canisme, des enqu\u00eates pourraient \u00eatre<br \/>\nd\u00e9clench\u00e9es si les volumes d&rsquo;importation augmentent de plus de<br \/>\n10% par an ou si les prix baissent d&rsquo;autant dans un ou plusieurs<br \/>\nEtats membres de l&rsquo;UE. Le Parlement europ\u00e9en a abaiss\u00e9 mardi ce<br \/>\nseuil de d\u00e9clenchement \u00e0 5%.\n<\/p>\n<p>\n L&rsquo;ex\u00e9cutif europ\u00e9en s&rsquo;est aussi engag\u00e9 \u00e0 \u00e9tudier un \u00e9ventuel<br \/>\nalignement des normes entre productions locale et import\u00e9e,<br \/>\nnotamment concernant l&rsquo;utilisation des pesticides et le<br \/>\nbien-\u00eatre animal.\n<\/p>\n<p>\n Il a aussi promis de renforcer les contr\u00f4les sur les<br \/>\nimportations de produits alimentaires, animaux et v\u00e9g\u00e9taux en<br \/>\naugmentant le nombre d&rsquo;inspections dans les pays tiers.\n<\/p>\n<p>\n La Commission a enfin annonc\u00e9 la cr\u00e9ation au sein du<br \/>\nprochain budget communautaire d&rsquo;un fonds sp\u00e9cial de 6,3<br \/>\nmilliards d&rsquo;euros susceptible d&rsquo;\u00eatre activ\u00e9 dans le cas<br \/>\n\u00ab\u00a0improbable\u00a0\u00bb d&rsquo;une perturbation des march\u00e9s agricoles europ\u00e9ens.\n<\/p>\n<p>\n (Philip Blenkinsop; version fran\u00e7aise Jean Terzian et Bertrand<br \/>\nBoucey)<\/p>\n","protected":false},"excerpt":{"rendered":"par Philip Blenkinsop La Commission europ\u00e9enne pr\u00e9voit de signer officiellement d&rsquo;ici la fin de l&rsquo;ann\u00e9e l&rsquo;accord commercial entre&hellip;\n","protected":false},"author":2,"featured_media":15273,"comment_status":"","ping_status":"","sticky":false,"template":"","format":"standard","meta":{"footnotes":""},"categories":[1586],"tags":[400,11,398,408,405,1777,674,1779,1011,27,403,402,399,404,12,25,401,406,1778,364,407],"class_list":{"0":"post-605529","1":"post","2":"type-post","3":"status-publish","4":"format-standard","5":"has-post-thumbnail","7":"category-europe","8":"tag-action-cac-40","9":"tag-actualites","10":"tag-bourse-de-paris","11":"tag-boursorama","12":"tag-cotations","13":"tag-eu","14":"tag-europe","15":"tag-european-union","16":"tag-fr","17":"tag-france","18":"tag-indices-devises","19":"tag-investir","20":"tag-investissement","21":"tag-marche-boursier","22":"tag-news","23":"tag-republique-francaise","24":"tag-sicav","25":"tag-trackers","26":"tag-ue","27":"tag-union-europeenne","28":"tag-warrants"},"share_on_mastodon":{"url":"https:\/\/pubeurope.com\/@fr\/115735709992984684","error":""},"_links":{"self":[{"href":"https:\/\/www.europesays.com\/fr\/wp-json\/wp\/v2\/posts\/605529","targetHints":{"allow":["GET"]}}],"collection":[{"href":"https:\/\/www.europesays.com\/fr\/wp-json\/wp\/v2\/posts"}],"about":[{"href":"https:\/\/www.europesays.com\/fr\/wp-json\/wp\/v2\/types\/post"}],"author":[{"embeddable":true,"href":"https:\/\/www.europesays.com\/fr\/wp-json\/wp\/v2\/users\/2"}],"replies":[{"embeddable":true,"href":"https:\/\/www.europesays.com\/fr\/wp-json\/wp\/v2\/comments?post=605529"}],"version-history":[{"count":0,"href":"https:\/\/www.europesays.com\/fr\/wp-json\/wp\/v2\/posts\/605529\/revisions"}],"wp:featuredmedia":[{"embeddable":true,"href":"https:\/\/www.europesays.com\/fr\/wp-json\/wp\/v2\/media\/15273"}],"wp:attachment":[{"href":"https:\/\/www.europesays.com\/fr\/wp-json\/wp\/v2\/media?parent=605529"}],"wp:term":[{"taxonomy":"category","embeddable":true,"href":"https:\/\/www.europesays.com\/fr\/wp-json\/wp\/v2\/categories?post=605529"},{"taxonomy":"post_tag","embeddable":true,"href":"https:\/\/www.europesays.com\/fr\/wp-json\/wp\/v2\/tags?post=605529"}],"curies":[{"name":"wp","href":"https:\/\/api.w.org\/{rel}","templated":true}]}}