{"id":605530,"date":"2025-12-17T15:52:22","date_gmt":"2025-12-17T15:52:22","guid":{"rendered":"https:\/\/www.europesays.com\/fr\/605530\/"},"modified":"2025-12-17T15:52:22","modified_gmt":"2025-12-17T15:52:22","slug":"direct-dermatose-nodulaire-contagieuse-lautoroute-a9-bloquee-a-narbonne-operation-escargot-sur-la61-vers-une-vaccination-massive-de-tous-les-bovins-dans-laude","status":"publish","type":"post","link":"https:\/\/www.europesays.com\/fr\/605530\/","title":{"rendered":"DIRECT. Dermatose nodulaire contagieuse\u00a0: l\u2019autoroute A9 bloqu\u00e9e \u00e0 Narbonne, op\u00e9ration escargot sur l\u2019A61, vers une vaccination massive de tous les bovins dans l\u2019Aude\u2026 Le point \u00e0 14\u00a0heures sur la mobilisation des agriculteurs"},"content":{"rendered":"<p>\u00c0 8\u00a0heures, ce mercredi 17\u00a0d\u00e9cembre 2025, plusieurs centaines d\u2019agriculteurs \u00e9taient mobilis\u00e9es \u00e0 l\u2019\u00e9changeur Croix Sud de l\u2019autoroute A9 \u00e0 Narbonne. Les tracteurs bloquent l\u2019entr\u00e9e et la sortie. Les agriculteurs sont \u00e9galement pr\u00e9sents \u00e0 Castelnaudary sur l\u2019A61 alors qu\u2019un autre convoi est parti de la Haute Vall\u00e9e de l\u2019Aude. Ces trois op\u00e9rations vont se rejoindre \u00e0 Carcassonne.<\/p>\n<p>Depuis vendredi dernier, les agriculteurs manifestent leur m\u00e9contentement par rapport aux mesures d\u2019abattage prises par le gouvernement afin de lutter contre la dermatose nodulaire contagieuse.<\/p>\n<p>Un premier cas de\u00a0dermatose nodulaire contagieuse a \u00e9t\u00e9 d\u00e9tect\u00e9 dans le d\u00e9partement de l\u2019Aude ce dimanche. Une dizaine de vaches ont \u00e9t\u00e9 euthanasi\u00e9es pr\u00e8s de Pomas, entre Carcassonne et Limoux, apr\u00e8s que l\u2019une d\u2019elles a \u00e9t\u00e9 test\u00e9e positive.<\/p>\n<p>Un large plan de vaccination de tous les bovins doit \u00eatre annonc\u00e9 pour l\u2019Aude dans les prochaines heures.<\/p>\n<p>16h03.Mobilisation des agriculteurs devant la DDTM<\/p>\n<p class=\"live-post__amorce\">Alors qu&rsquo;une d\u00e9l\u00e9gation d&rsquo;agriculteurs a \u00e9t\u00e9 re\u00e7ue en pr\u00e9fecture \u00e0 Carcassonne, d&rsquo;autres manifestants ont rejoint la DDTM de l&rsquo;Aude.<\/p>\n<p>        <img decoding=\"async\" class=\"std-img__img responsive-img\" src=\"https:\/\/www.europesays.com\/fr\/wp-content\/uploads\/2025\/12\/1765986735_966_image.jpg\" alt=\"Des agriculteurs manifestent devant la DDTM \u00e0 Carcassonne\"\/><\/p>\n<p>                Des agriculteurs manifestent devant la DDTM \u00e0 Carcassonne<br \/>\n                                    Christophe Parra<\/p>\n<p>15h52.D&rsquo;ici 10 jours, toute l&rsquo;Aude sera vaccin\u00e9e<\/p>\n<p class=\"live-post__amorce\">\u00ab\u00a0Les vaccins sont arriv\u00e9s ce matin par avions militaires. D\u2019ici dix jours toute l\u2019Aude sera vaccin\u00e9e\u00a0\u00bb confirme \u00e0 la r\u00e9daction de L&rsquo;Ind\u00e9pendant les membres d&rsquo;une d\u00e9l\u00e9gation re\u00e7ue en pr\u00e9fecture de l&rsquo;Aude<\/p>\n<p>15h09.Dans l&rsquo;H\u00e9rault, la pr\u00e9fecture annonce la vaccination \u00e0 venir de 12 900 bovins, un plan massif qui concernera l&rsquo;Aude ?<\/p>\n<p class=\"live-post__amorce\">Suite \u00e0 la d\u00e9cision du Premier ministre S\u00e9bastien Lecornu de renforcer la vaccination des bovins, on apprend ce mercredi 17 d\u00e9cembre que la pr\u00e9fecture de l&rsquo;H\u00e9rault a le projet de vacciner 12 900 bovins sur son territoire. Un arr\u00eat\u00e9 minist\u00e9riel paru ce jour au journal officiel et qui entrera en vigueur le vendredi 19 d\u00e9cembre rend obligatoire la vaccination des bovins dans toutes les communes de l\u2019H\u00e9rault (outre celles situ\u00e9es en zone r\u00e9glement\u00e9e o\u00f9 l\u2019obligation vaccinale \u00e9tait d\u00e9j\u00e0 en vigueur) afin de constituer un cordon sanitaire. Selon l&rsquo;arr\u00eat\u00e9 minist\u00e9riel en question, sept d\u00e9partements seraient dans le m\u00eame cas dont l&rsquo;Aude. Il stipule : \u00ab\u00a0Outre l\u2019obligation vaccinale s\u2019imposant aux communes situ\u00e9es en zone r\u00e8glement\u00e9e au titre de l\u2019article 2 du pr\u00e9sent arr\u00eat\u00e9, la vaccination est rendue obligatoire dans les autres communes des d\u00e9partements de l\u2019Aude, de la Haute-Garonne, de l\u2019H\u00e9rault, du Gers, des Landes et des Pyr\u00e9n\u00e9es-Atlantiques et du Tarn. Cette vaccination est<br \/>r\u00e9alis\u00e9e par un v\u00e9t\u00e9rinaire officiel dans chacun des \u00e9levages sur tous les animaux d\u2019esp\u00e8ces sensibles dans le cadre<br \/>fix\u00e9 par le laboratoire fabricant les vaccins utilis\u00e9s\u00a0\u00bb. <\/p>\n<p>14h29.Une partie des agriculteurs en col\u00e8re est devant la pr\u00e9fecture de l&rsquo;Aude<\/p>\n<p class=\"live-post__amorce\">Comme cela \u00e9tait attendu, une partie du cort\u00e8ge des agriculteurs mobilis\u00e9s contre la politique du gouvernement sur la gestion de la crise de la dermatose nodulaire est arriv\u00e9e devant la pr\u00e9fecture de l&rsquo;Aude \u00e0 Carcassonne. <\/p>\n<p>        <img decoding=\"async\" class=\"std-img__img responsive-img\" src=\"https:\/\/www.europesays.com\/fr\/wp-content\/uploads\/2025\/12\/1765986737_187_image.jpg\" alt=\"La mobilisation \u00e9tait \u00e0 Carcassonne devant la pr\u00e9fecture de l'Aude\"\/><\/p>\n<p>                La mobilisation \u00e9tait \u00e0 Carcassonne devant la pr\u00e9fecture de l&rsquo;Aude<br \/>\n                                    Claude Boyer<\/p>\n<p>13h54.Le point \u00e0 14 heures\u00a0<\/p>\n<p class=\"live-post__amorce\">En raison de la pr\u00e9sence de manifestants sur l&rsquo;A61, l&rsquo;entr\u00e9e et la sortie du p\u00e9age de Carcassonne-Est sont interdites. Concernant le p\u00e9age de Carcassonne-Ouest, l&rsquo;entr\u00e9e est r\u00e9ouverte en direction de Narbonne, cependant la sortie est interdite.  Il est conseill\u00e9 de sortir de l&rsquo;A61 \u00e0 L\u00e9zignan-Corbi\u00e8res pour les v\u00e9hicules l\u00e9gers circulant dans le sens Narbonne -&gt; Toulouse, sinon sortie obligatoire \u00e0 Carcassonne-Est.<\/p>\n<p>11h47.L&rsquo;\u00e9changeur autoroutier de Carcassonne est bloqu\u00e9<\/p>\n<p class=\"live-post__amorce\">La mobilisation des agriculteurs se poursuit et la plupart des manifestants sont dans le secteur de Carcassonne. L&rsquo;\u00e9changeur ouest de l&rsquo;autoroute A61 est compl\u00e8tement bloqu\u00e9 pour l&rsquo;heure. <\/p>\n<p>        <img decoding=\"async\" class=\"std-img__img responsive-img\" src=\"https:\/\/www.europesays.com\/fr\/wp-content\/uploads\/2025\/12\/1765986738_148_image.jpg\" alt=\"Mobilisation des agriculteurs dans l\u2019Aude ce mercredi 17\u00a0d\u00e9cembre\"\/><\/p>\n<p>                Mobilisation des agriculteurs dans l\u2019Aude ce mercredi 17\u00a0d\u00e9cembre<br \/>\n                                    Luna Guttierez<\/p>\n<p>11h02.La carte des blocages sur les autoroutes<\/p>\n<p class=\"live-post__amorce\">Vinci a publi\u00e9 la derni\u00e8re carte des blocages sur les autoroutes <\/p>\n<p>        <img decoding=\"async\" class=\"std-img__img responsive-img\" src=\"https:\/\/www.europesays.com\/fr\/wp-content\/uploads\/2025\/12\/1765986739_342_image.png\" alt=\"Mobilisation des agriculteurs dans l\u2019Aude ce mercredi 17\u00a0d\u00e9cembre\"\/><\/p>\n<p>                Mobilisation des agriculteurs dans l\u2019Aude ce mercredi 17\u00a0d\u00e9cembre<br \/>\n                                    Vinci autoroutes<\/p>\n<p>10h44.Le point de la situation \u00e0 10h30<\/p>\n<p class=\"live-post__amorce\">A61 :\u00a0Au niveau du p\u00e9age de Castelnaudary : Interdiction entr\u00e9e et sortie (d\u00e9chets sur la voie). Sortie obligatoire \u00e0 Bram  Carcassonne OUEST. Pr\u00e9sence de tracteurs sur l&rsquo;A61 entre Bizanet et Carcassonne. R\u00e9ouverture progressive du p\u00e9age de Narbonne Croix Sud. Itin\u00e9raire de d\u00e9viation : Trajet Carcassonne -&gt; Villefranche par la D6113 direction\u00a0Revel par la D624.<\/p>\n<p>        <img decoding=\"async\" class=\"std-img__img responsive-img\" src=\"https:\/\/www.europesays.com\/fr\/wp-content\/uploads\/2025\/12\/1765986740_18_image.jpg\" alt=\"Mobilisation des agriculteurs dans l\u2019Aude ce mercredi 17\u00a0d\u00e9cembre\"\/><\/p>\n<p>                Mobilisation des agriculteurs dans l\u2019Aude ce mercredi 17\u00a0d\u00e9cembre<br \/>\n                                    Claude Boyer<\/p>\n<p>10h28.Les tracteurs sur l&rsquo;A61 en direction de Carcassonne<\/p>\n<p class=\"live-post__amorce\">Apr\u00e8s plusieurs jours d&rsquo;actions sur Bram et Castelnaudary, les agriculteurs ont pris les tracteurs et se dirigent vers Carcassonne. <\/p>\n<p>        <img decoding=\"async\" class=\"std-img__img responsive-img\" src=\"https:\/\/www.europesays.com\/fr\/wp-content\/uploads\/2025\/12\/1765986741_431_image.jpg\" alt=\"Mobilisation des agriculteurs dans l\u2019Aude ce mercredi 17\u00a0d\u00e9cembre\"\/><\/p>\n<p>                Mobilisation des agriculteurs dans l\u2019Aude ce mercredi 17\u00a0d\u00e9cembre<br \/>\n                                    Claude Boyer<\/p>\n<p>10h09.La mobilisation \u00e0 Limoux<\/p>\n<p class=\"live-post__amorce\">Les agriculteurs mobilis\u00e9s \u00e0 Limoux vont prendre la direction de Carcassonne.\u00a0<\/p>\n<p>        <img decoding=\"async\" class=\"std-img__img responsive-img\" src=\"https:\/\/www.europesays.com\/fr\/wp-content\/uploads\/2025\/12\/1765986742_287_image.jpg\" alt=\"Mobilisation des agriculteurs dans l\u2019Aude ce mercredi 17\u00a0d\u00e9cembre\"\/><\/p>\n<p>                Mobilisation des agriculteurs dans l\u2019Aude ce mercredi 17\u00a0d\u00e9cembre<br \/>\n                                    Marie D\u00e9d\u00e9ban<\/p>\n<p>09h56.Ca bouge du c\u00f4t\u00e9 de Castelnaudary et de Limoux<\/p>\n<p class=\"live-post__amorce\">Les manifestants de Castelnaudary viennent de p\u00e9n\u00e9trer sur l&rsquo;A61 pour prendre la direction de Carcassonne. A noter \u00e9galement dans le m\u00eame temps qu&rsquo;un convoi est arriv\u00e9 \u00e0 Limoux en provenance de Couiza. Ils sont une petite centaine \u00e0 \u00eatre descendus de la Haute Vall\u00e9e de l&rsquo;Aude pour prendre eux-aussi la direction de Carcassonne. <\/p>\n<p>09h51.Ce qu&rsquo;il faut savoir des blocages sur les autoroutes\u00a0\u00a0<\/p>\n<p class=\"live-post__amorce\">En raison de la pr\u00e9sence de manifestants et de d\u00e9versements sur les voies, la circulation est perturb\u00e9e avec plusieurs coupures d\u2019autoroutes. Le Sud-Ouest du r\u00e9seau reste tr\u00e8s fortement impact\u00e9, en particulier les axes A64 (Bayonne-Toulouse) et A63 (Espagne-Bordeaux). Plusieurs tron\u00e7ons autoroutiers restent partiellement ferm\u00e9s compliquant fortement la circulation notamment sur les axes A20 (Cahors-Brive-la-Gaillarde), A89 (P\u00e9rigueux-Ussel), A61 (Lauragais). Auxquels s\u2019ajoute ce matin une coupure au niveau de l\u2019A9 (Narbonne Sud). Vinci souligne que \u00ab\u00a0la situation \u00e9volue rapidement et de nouveaux blocages pourraient concerner d&rsquo;autres secteurs dans les heures \u00e0 venir sur plusieurs axes du r\u00e9seau. Ils pourraient fortement perturber le trafic matinal. En particulier dans le Languedoc-Roussillon, sur les axes A9 et A61, notamment aux \u00e9changeurs Castelnaudary (n\u00b021) et Bram (n\u00b022).<\/p>\n<p>09h44.Une mobilisation agricole malgr\u00e9 les annonces du Premier ministre<\/p>\n<p class=\"live-post__amorce\">Ce mardi 16 d\u00e9cembre en fin de journ\u00e9e, le Premier ministre S\u00e9bastien Lecornu a fait plusieurs annonces alors que la crise de la dermatose et l&rsquo;incompr\u00e9hension face aux abattages syst\u00e9matiques grandissent. \u00ab\u00a0Pour prot\u00e9ger tout le cheptel bovin fran\u00e7ais, le gouvernement a d\u00e9cid\u00e9 de vacciner l\u2019int\u00e9gralit\u00e9 des zones r\u00e9cemment touch\u00e9es par le virus, en faisant \u00e9voluer sa strat\u00e9gie sanitaire par la mise en place d\u2019un cordon sanitaire emp\u00eachant la DNC de se propager. Au total, la vaccination concernera les d\u00e9partements concern\u00e9s par des foyers (Ari\u00e8ge, Aude, Haute-Garonne, Hautes-Pyr\u00e9n\u00e9es, Pyr\u00e9n\u00e9es-Orientales) et ceux int\u00e9gr\u00e9s au cordon sanitaire (Gers, H\u00e9rault, Landes, Pyr\u00e9n\u00e9es-Atlantiques, Tarn). La strat\u00e9gie de vaccination en question, qui concerne 750 000 bovins, sera adapt\u00e9e au quotidien afin de s\u2019assurer d\u2019une vaccination la plus rapide possible. Les 1 000 exploitations de l\u2019Ari\u00e8ge seront int\u00e9gralement vaccin\u00e9es au 31 d\u00e9cembre 2025. Cette campagne mobilisera, outre les v\u00e9t\u00e9rinaires des services de l\u2019Etat : Des v\u00e9t\u00e9rinaires volontaires, retrait\u00e9s ou en activit\u00e9, de toute la France ; Des v\u00e9t\u00e9rinaires militaires ; Des \u00e9l\u00e8ves v\u00e9t\u00e9rinaires\u00a0\u00bb.<\/p>\n<p>09h40.Les conditions de circulation des trains<\/p>\n<p class=\"live-post__amorce\"> Le trafic ferroviaire est fortement perturb\u00e9 sur l&rsquo;axe Toulouse-Narbonne avec une interruption entre Toulouse et Castelnaudary \u00e0 cause du d\u00e9p\u00f4t de diff\u00e9rents mat\u00e9riaux sur les voies par des manifestants agricoles. Le trafic restera interrompu jusqu&rsquo;\u00e0 12h et ne reprendra que si les autorit\u00e9s publiques nous y autorisent.<\/p>\n<p>09h28.Plusieurs centaines d&rsquo;agriculteurs sont pr\u00e9sents sur Castelnaudary et vont rejoindre les autres mouvements \u00e0\u00a0Carcassonne<\/p>\n<p class=\"live-post__amorce\">La mobilisation des agriculteurs de ce mercredi 17 d\u00e9cembre part depuis trois points avant un rassemblement pr\u00e9vu \u00e0 Carcassonne<\/p>\n<p> 09h26.Op\u00e9ration escargot et convergence des forces vers Carcassonne<\/p>\n<p class=\"live-post__amorce\">Les agriculteurs ont quitt\u00e9 le p\u00e9age de Croix Sud \u00e0 Narbonne et ont d\u00e9but\u00e9 une op\u00e9ration escargot sur l&rsquo;A61 en direction de Carcassonne. Trois manifestations, au d\u00e9part de Narbonne, Castelnaudary et Quillan, vont rejoindre la zone de Salvaza en fin de matin\u00e9e. <\/p>\n<p>08h55.\u00a0\u00bbC&rsquo;est une col\u00e8re qui vient de loin\u00a0\u00bb : la ministre de l&rsquo;Agriculture appelle \u00e0 \u00ab\u00a0l&rsquo;apaisement\u00a0\u00bb<\/p>\n<p class=\"live-post__amorce\">La ministre de l&rsquo;Agriculture Annie Genevard a appel\u00e9 mercredi \u00e0 \u00ab\u00a0l&rsquo;apaisement\u00a0\u00bb face aux manifestations et blocages routiers qui se poursuivent malgr\u00e9 ses annonces sur l&rsquo;amplification de la vaccination contre la dermatose dans le Sud-Ouest.<\/p>\n<p class=\"live-post__amorce\">\u00ab\u00a0C&rsquo;est une col\u00e8re qui vient de loin. Il faut la mesurer, il faut la comprendre. Il y a la question de la DNC (dermatose nodulaire contagieuse) qui, sur ce territoire d&rsquo;Occitanie qui est un territoire pauvre, est une difficult\u00e9. Mais je le dis, d&rsquo;abord, pas de violence (&#8230;) et pas de d\u00e9gradation non plus\u00a0\u00bb, a-t-elle d\u00e9clar\u00e9 dans une interview sur RTL, ajoutant plus tard \u00ab\u00a0pas de blocage\u00a0\u00bb.<\/p>\n<p>08h51.L&rsquo;arm\u00e9e mobilis\u00e9e, la campagne de vaccination s&rsquo;acc\u00e9l\u00e8re&#8230; On fait le point<\/p>\n<p class=\"live-post__amorce\">Mardi 16 d\u00e9cembre, la ministre de l&rsquo;Agriculture, Annie Genevard, a annonc\u00e9 une acc\u00e9l\u00e9ration de la campagne de vaccination, concernant 750 000 bovins.  \u00ab\u00a0On a les doses, 500.000 que nous avons d\u00e9j\u00e0 aujourd&rsquo;hui, et cette nuit, nous sommes all\u00e9s chercher aux Pays-Bas, 400.000 doses suppl\u00e9mentaires. On en a 900.000 qui sont disponibles pour vacciner 750.000 bovins\u00a0\u00bb, explique la ministre ce mercredi matin sur RTL.<\/p>\n<p class=\"live-post__amorce\">Elle a par ailleurs d\u00e9clar\u00e9 que les 1000 exploitations bovines de l&rsquo;Ari\u00e8ge seront int\u00e9gralement vaccin\u00e9es contre la dermatose d&rsquo;ici au 31 d\u00e9cembre.<\/p>\n<p class=\"live-post__amorce\">Elle a \u00e9galement annonc\u00e9 la cr\u00e9ation d&rsquo;un fonds de soutien de 10 millions d&rsquo;euros destin\u00e9 aux petits \u00e9leveurs, pour compenser les pertes de cheptel, les pertes \u00e9conomiques et la d\u00e9sinfection des installations.<\/p>\n","protected":false},"excerpt":{"rendered":"\u00c0 8\u00a0heures, ce mercredi 17\u00a0d\u00e9cembre 2025, plusieurs centaines d\u2019agriculteurs \u00e9taient mobilis\u00e9es \u00e0 l\u2019\u00e9changeur Croix Sud de l\u2019autoroute A9&hellip;\n","protected":false},"author":2,"featured_media":605531,"comment_status":"","ping_status":"","sticky":false,"template":"","format":"standard","meta":{"footnotes":""},"categories":[2],"tags":[11,327,4086,33,1011,27,35514,12,25],"class_list":{"0":"post-605530","1":"post","2":"type-post","3":"status-publish","4":"format-standard","5":"has-post-thumbnail","7":"category-actualites","8":"tag-actualites","9":"tag-agriculture","10":"tag-aude","11":"tag-economie","12":"tag-fr","13":"tag-france","14":"tag-narbonne","15":"tag-news","16":"tag-republique-francaise"},"share_on_mastodon":{"url":"https:\/\/pubeurope.com\/@fr\/115735715473860263","error":""},"_links":{"self":[{"href":"https:\/\/www.europesays.com\/fr\/wp-json\/wp\/v2\/posts\/605530","targetHints":{"allow":["GET"]}}],"collection":[{"href":"https:\/\/www.europesays.com\/fr\/wp-json\/wp\/v2\/posts"}],"about":[{"href":"https:\/\/www.europesays.com\/fr\/wp-json\/wp\/v2\/types\/post"}],"author":[{"embeddable":true,"href":"https:\/\/www.europesays.com\/fr\/wp-json\/wp\/v2\/users\/2"}],"replies":[{"embeddable":true,"href":"https:\/\/www.europesays.com\/fr\/wp-json\/wp\/v2\/comments?post=605530"}],"version-history":[{"count":0,"href":"https:\/\/www.europesays.com\/fr\/wp-json\/wp\/v2\/posts\/605530\/revisions"}],"wp:featuredmedia":[{"embeddable":true,"href":"https:\/\/www.europesays.com\/fr\/wp-json\/wp\/v2\/media\/605531"}],"wp:attachment":[{"href":"https:\/\/www.europesays.com\/fr\/wp-json\/wp\/v2\/media?parent=605530"}],"wp:term":[{"taxonomy":"category","embeddable":true,"href":"https:\/\/www.europesays.com\/fr\/wp-json\/wp\/v2\/categories?post=605530"},{"taxonomy":"post_tag","embeddable":true,"href":"https:\/\/www.europesays.com\/fr\/wp-json\/wp\/v2\/tags?post=605530"}],"curies":[{"name":"wp","href":"https:\/\/api.w.org\/{rel}","templated":true}]}}