{"id":605538,"date":"2025-12-17T15:58:15","date_gmt":"2025-12-17T15:58:15","guid":{"rendered":"https:\/\/www.europesays.com\/fr\/605538\/"},"modified":"2025-12-17T15:58:15","modified_gmt":"2025-12-17T15:58:15","slug":"sa-deuxieme-villa-au-cap-ferret-un-bijou-en-bois-clair-de-310-m%c2%b2","status":"publish","type":"post","link":"https:\/\/www.europesays.com\/fr\/605538\/","title":{"rendered":"sa deuxi\u00e8me villa au Cap Ferret, un bijou en bois clair de 310 m\u00b2"},"content":{"rendered":"<p data-start=\"149\" data-end=\"499\">Le Ministre de<br \/>\nl\u00a0\u00bbint\u00e9rieur, comme on a coutume de l&rsquo;appeler en \u00c9quipe de<br \/>\nFrance, alimente ann\u00e9e apr\u00e8s ann\u00e9e les conversations. Sacr\u00e9 en<br \/>\nRugby \u00e0 sept lors des Jeux olympiques de 2024, le capitaine du XV<br \/>\nde France est revenu en novembre d&rsquo;une rupture des ligaments<br \/>\ncrois\u00e9s du genou droit, qui l&rsquo;a \u00e9loign\u00e9 des terrains pendant 9<br \/>\nmois. anticipe d\u00e9j\u00e0 l\u2019apr\u00e8s-comp\u00e9tition et pr\u00e9pare un lieu id\u00e9al<br \/>\npour recharger les batteries. \u00c0 quelques encablures du Cap-Ferret,<br \/>\nAntoine Dupont s&rsquo;est ressourc\u00e9 dans sa villa de la Teste-de-Buch,<br \/>\nacquise en 2024.<\/p>\n<p>Antoine Dupont : un sportif<br \/>\nd&rsquo;exception<\/p>\n<p data-start=\"530\" data-end=\"946\">\u00c0 29 ans, <a href=\"https:\/\/www.lejournaldelamaison.fr\/le-journal-de-la-maison\/reportages-maisons\/maisons-bord-de-mer\/antoine-dupont-villa-310mc2b2-piscine-face-ocean-coeur-pyla-530652.html\" target=\"_blank\" rel=\"noopener\"><br \/>\nAntoine Dupont<\/a> s&rsquo;est impos\u00e9 comme l&rsquo;une des figures majeures de<br \/>\nl&rsquo;histoire du rugby tricolore. D\u00e9tect\u00e9 par le Stade Toulousain en<br \/>\n2017, il s&rsquo;est rapidement distingu\u00e9 par sa polyvalence et son<br \/>\nintelligence de jeu, au point de d\u00e9crocher le prestigieux titre de<br \/>\n<strong>meilleur joueur du monde World Rugby<\/strong> en 2021. Une<br \/>\nr\u00e9compense rare, jusque-l\u00e0 obtenue par seulement deux Fran\u00e7ais :<br \/>\nThierry Dusautoir et Fabien Galthi\u00e9.<\/p>\n<p data-start=\"948\" data-end=\"1293\">Son ascension n&rsquo;a pourtant rien<br \/>\nd&rsquo;un long fleuve tranquille. En 2018, une blessure s\u00e9rieuse<br \/>\nsurvenue d\u00e8s la premi\u00e8re journ\u00e9e du Tournoi des Six Nations a bien<br \/>\nfailli mettre un coup d&rsquo;arr\u00eat \u00e0 sa carri\u00e8re. Un coup dur dont il<br \/>\ns&rsquo;est relev\u00e9, comme il s&rsquo;est relev\u00e9 de la blessure qui l&rsquo;a \u00e9loign\u00e9<br \/>\ndes terrains pendant une bonne partie de l&rsquo;ann\u00e9e 2025.<\/p>\n<p>Antoine Dupont : une demeure<br \/>\nd&rsquo;exception face au Bassin d&rsquo;Arcachon<\/p>\n<p data-start=\"1350\" data-end=\"1630\">Natif des Hautes-Pyr\u00e9n\u00e9es,<br \/>\nAntoine Dupont a jet\u00e9 son d\u00e9volu sur <strong>la station baln\u00e9aire<br \/>\nde la Testerine<\/strong> pour b\u00e2tir sa r\u00e9sidence id\u00e9ale. Un choix<br \/>\nassum\u00e9 : tout est aujourd&rsquo;hui mis en \u0153uvre pour que le rugbyman<br \/>\npuisse s&rsquo;y offrir une parenth\u00e8se de calme pour se r\u00e9g\u00e9n\u00e9rer<br \/>\nl&rsquo;esprit et le corps.<\/p>\n<p data-start=\"1632\" data-end=\"2053\" data-is-last-node=\"\" data-is-only-node=\"\">Implant\u00e9e sur une parcelle de plus de 1 113<br \/>\nm\u00b2, perch\u00e9e dans <a href=\"https:\/\/www.lejournaldelamaison.fr\/le-journal-de-la-maison\/reportages-maisons\/maisons-reportages-maisons\/cap-ferret-coin-paradis-prise-stars-517898.html\" target=\"_blank\" rel=\"noopener\"><br \/>\nles hauteurs du Cap-Ferret<\/a>, la maison a \u00e9t\u00e9 finalis\u00e9e fin 2024.<br \/>\nD&rsquo;apr\u00e8s La D\u00e9p\u00eache du Bassin, il s&rsquo;agit d&rsquo;une<br \/>\n<strong>\u00e9l\u00e9gante construction de 310 m\u00b2 en bois clair<\/strong>. Les<br \/>\nbeaux jours venus, inutile pour lui de rejoindre les plages bond\u00e9es<br \/>\n: une piscine offrant une vue imprenable sur l&rsquo;\u00eele aux Oiseaux<br \/>\nl&rsquo;attend. De quoi lui permettre de se ressourcer pleinement, \u00e0<br \/>\nl&rsquo;abri du tumulte.<\/p>\n<blockquote class=\"instagram-media\" style=\"background: #ffffff;border: 0;margin: 1px;width: 100%;padding: 0;max-width: 500px;\" data-instgrm-permalink=\"https:\/\/www.instagram.com\/p\/DBgYObAo21W\/\" data-instgrm-version=\"14\"\/>\n<p>Antoine Dupont : une seconde demeure acquise au Pyla<\/p>\n<p data-start=\"1632\" data-end=\"2053\" data-is-last-node=\"\" data-is-only-node=\"\">Amoureux transi du bassin d&rsquo;Arcachon, Antoine<br \/>\nDupont s&rsquo;ancre plus que jamais dans la r\u00e9gion : le demi de m\u00eal\u00e9e du<br \/>\nStade Toulousain vient d&rsquo;acqu\u00e9rir <strong>une seconde villa au<br \/>\nPyla-sur-Mer, avec plus de 1 200m\u00b2 de terrain<\/strong>. \u00ab\u00a0Deux<br \/>\nmaisons au Pyla, c&rsquo;est vraiment de l&rsquo;amour&#8230;\u00a0\u00bb, a ainsi<br \/>\nrapport\u00e9 Sud-Ouest. De quoi prolonger sa lune de miel avec<br \/>\nsa compagne <a href=\"https:\/\/www.lejournaldelamaison.fr\/le-journal-de-la-maison\/reportages-maisons\/appartements\/iris-mittenaere-appartement-parisien-luxueux-485284.html\" target=\"_blank\" rel=\"noopener\"><br \/>\n<strong>Iris Mittenaere<\/strong><\/a>, Miss France et Miss Univers<br \/>\n2016.<\/p>\n<p><script async src=\"\/\/www.instagram.com\/embed.js\"><\/script><\/p>\n","protected":false},"excerpt":{"rendered":"Le Ministre de l\u00a0\u00bbint\u00e9rieur, comme on a coutume de l&rsquo;appeler en \u00c9quipe de France, alimente ann\u00e9e apr\u00e8s ann\u00e9e&hellip;\n","protected":false},"author":2,"featured_media":605539,"comment_status":"","ping_status":"","sticky":false,"template":"","format":"standard","meta":{"footnotes":""},"categories":[1416],"tags":[39846,32632,3031,945,4154,2511,30721,11526,1805,4070,2563,19433,3026,71721,1011,27,27752,38871,8661,71720,479,1468,10649,60,9066,7825,19657],"class_list":{"0":"post-605538","1":"post","2":"type-post","3":"status-publish","4":"format-standard","5":"has-post-thumbnail","7":"category-rugby","8":"tag-39846","9":"tag-antoine","10":"tag-au","11":"tag-bijou","12":"tag-bois","13":"tag-cest","14":"tag-cap","15":"tag-clair","16":"tag-de","17":"tag-deux","18":"tag-deuxieme","19":"tag-dupont","20":"tag-en","21":"tag-ferret","22":"tag-fr","23":"tag-france","24":"tag-lamour","25":"tag-m","26":"tag-maisons","27":"tag-pyla","28":"tag-rugby","29":"tag-rugby-football","30":"tag-sa","31":"tag-sports","32":"tag-un","33":"tag-villa","34":"tag-vraiment"},"share_on_mastodon":{"url":"https:\/\/pubeurope.com\/@fr\/115735737416870003","error":""},"_links":{"self":[{"href":"https:\/\/www.europesays.com\/fr\/wp-json\/wp\/v2\/posts\/605538","targetHints":{"allow":["GET"]}}],"collection":[{"href":"https:\/\/www.europesays.com\/fr\/wp-json\/wp\/v2\/posts"}],"about":[{"href":"https:\/\/www.europesays.com\/fr\/wp-json\/wp\/v2\/types\/post"}],"author":[{"embeddable":true,"href":"https:\/\/www.europesays.com\/fr\/wp-json\/wp\/v2\/users\/2"}],"replies":[{"embeddable":true,"href":"https:\/\/www.europesays.com\/fr\/wp-json\/wp\/v2\/comments?post=605538"}],"version-history":[{"count":0,"href":"https:\/\/www.europesays.com\/fr\/wp-json\/wp\/v2\/posts\/605538\/revisions"}],"wp:featuredmedia":[{"embeddable":true,"href":"https:\/\/www.europesays.com\/fr\/wp-json\/wp\/v2\/media\/605539"}],"wp:attachment":[{"href":"https:\/\/www.europesays.com\/fr\/wp-json\/wp\/v2\/media?parent=605538"}],"wp:term":[{"taxonomy":"category","embeddable":true,"href":"https:\/\/www.europesays.com\/fr\/wp-json\/wp\/v2\/categories?post=605538"},{"taxonomy":"post_tag","embeddable":true,"href":"https:\/\/www.europesays.com\/fr\/wp-json\/wp\/v2\/tags?post=605538"}],"curies":[{"name":"wp","href":"https:\/\/api.w.org\/{rel}","templated":true}]}}