{"id":605542,"date":"2025-12-17T16:03:13","date_gmt":"2025-12-17T16:03:13","guid":{"rendered":"https:\/\/www.europesays.com\/fr\/605542\/"},"modified":"2025-12-17T16:03:13","modified_gmt":"2025-12-17T16:03:13","slug":"moi-meme-je-vais-aussi-vite-quamstrong-plus-rapide-plus-dangereux-des-cadors-du-peloton-sinterrogent-sur-levolution-du-cyclisme","status":"publish","type":"post","link":"https:\/\/www.europesays.com\/fr\/605542\/","title":{"rendered":"\u00ab\u00a0Moi-m\u00eame, je vais aussi vite qu&rsquo;Amstrong\u00a0\u00bb, Plus rapide, plus dangereux, des cadors du peloton s&rsquo;interrogent sur l&rsquo;\u00e9volution du cyclisme"},"content":{"rendered":"<p>Dans une interview \u00e0 l&rsquo;AFP, Guillaume Martin-Guyonnet s&rsquo;est interrog\u00e9 sur les changements \u00ab\u00a0impressionnant\u00a0\u00bb du v\u00e9lo en dix ans. Mais le leader de la Groupama-FDJ n&rsquo;est pas le seul \u00e0 avoir le vertige face \u00e0 l&rsquo;\u00e9volution des performances et des risques.<\/p>\n<p>Que reste-t-il du cyclisme de 2016, Quand Guillaume Martin est arriv\u00e9 dans le pelton, pro, que Tadej Pogacar n&rsquo;\u00e9tait qu&rsquo;un junior prometteur et que Geraint Thomas \u00e9tait d\u00e9j\u00e0 champion du monde et olympique sur piste et vainqueur de paris-Nie sur route? \u00ab\u00a0La finalit\u00e9 reste la m\u00eame: passer la ligne d&rsquo;arriv\u00e9e le premier. Mais en dehors de \u00e7a, le changement est impressionnant, explique <a href=\"https:\/\/rmcsport.bfmtv.com\/cyclisme\/tour-de-france\/je-vais-aussi-vite-qu-armstrong-le-constat-de-guillaume-martin-guyonnet-sur-l-evolution-du-cyclisme_AV-202512170502.html\" title=\"&quot;Je vais aussi vite qu\u2019Armstrong&quot;, le constat de Guillaume Martin-Guyonnet sur l\u2019\u00e9volution du cyclisme\" class=\"internal_link\" target=\"_blank\" rel=\"noopener\">Guillaume Martin-Guyonnet dans un entretien tr\u00e8s int\u00e9ressant \u00e0 l&rsquo;AFP<\/a>.<\/p>\n<p>\u00ab\u00a0Il y a \u00e9norm\u00e9ment de tests en tous genres sur le mat\u00e9riel et le corps qui font que la performance est de plus en plus encadr\u00e9e par la science et qu&rsquo;on se trompe de moins en moins. La cons\u00e9quence est que chaque coureur r\u00e9ussit \u00e0 tirer le plein potentiel de sa physiologie. Et donc le niveau global du peloton est beaucoup plus \u00e9lev\u00e9. Avec des coureurs qui arrivent aussi de plus en plus jeunes dans le monde professionnel. Ce qui ne va pas sans poser certains probl\u00e8mes.\u00a0\u00bb<\/p>\n<p>\u00ab\u00a0Il n&rsquo;y a pas eu de grande \u00e9volution sur la s\u00e9curit\u00e9 depuis dix ans alors qu&rsquo;il y aurait certainement des choses \u00e0 imaginer comme les airbags\u00a0\u00bb<\/p>\n<p>Notamment que des jeunes se professionnalisant de plus en plus t\u00f4t (et l\u00e0, l<a href=\"https:\/\/rmcsport.bfmtv.com\/cyclisme\/uci-world-tour\/des-le-debut-de-saison-je-ne-me-poserai-pas-de-barriere-les-ambitions-de-paul-seixas-en-2026_AV-202512110598.html\" title=\"&quot;D\u00e8s le d\u00e9but de saison, je ne me poserai pas de barri\u00e8re&quot;: les ambitions de Paul Seixas en 2026\" class=\"internal_link\" target=\"_blank\" rel=\"noopener\">e regard se tourne vers Paul Seixas<\/a>). \u00ab\u00a0Les jeunes peuvent se comparer entre eux et pour ceux qui ont des trajectoires diff\u00e9rentes ou ne r\u00e9ussissent pas \u00e0 performer d\u00e8s le d\u00e9but, \u00e7a peut \u00eatre d\u00e9licat \u00e0 vivre. Il y a aussi le fait que m\u00e9caniquement \u00e7a les am\u00e8ne \u00e0 arr\u00eater les \u00e9tudes plus t\u00f4t. Etre confront\u00e9 \u00e0 autant de pression aussi jeune peut amener des risques psychologiques. Malgr\u00e9 \u00e7a, toutes les \u00e9quipes vont sur ce cr\u00e9neau pour \u00eatre pr\u00e9sent face \u00e0 la concurrence. Tant pis s&rsquo;il y a du d\u00e9chet\u00a0\u00bb, explique Guillaume Martin-Guyonnet.<\/p>\n<p>Ce dernier s&rsquo;interroge aussi sur la s\u00e9curit\u00e9, en baisse au fur et \u00e0 mesure que la vitesse des coureurs augmentent. \u00ab\u00a0Ce qui est \u00e9tonnant, c&rsquo;est qu&rsquo;il n&rsquo;y a pas eu de grande \u00e9volution sur la s\u00e9curit\u00e9 depuis dix ans alors qu&rsquo;il y aurait certainement des choses \u00e0 imaginer comme les airbags. Si c&rsquo;\u00e9tait obligatoire, \u00e7a rentrerait dans la routine comme le casque.\u00a0\u00bb<\/p>\n<p>Parmi les changements majeurs, le mat\u00e9riel bien s\u00fbr. R\u00e9cemment, <a href=\"https:\/\/rmcsport.bfmtv.com\/cyclisme\/face-a-jonas-pogacar-ne-gagnerait-pas-le-tour-sur-un-velo-de-2015-ou-meme-2020-le-materiel-s-est-tellement-ameliore-que-meme-geraint-thomas-ne-croit-pas-a-cet-impossible-exploit-de-pogacar_AN-202510290551.html\" title=\"&quot;Face \u00e0 Jonas, Pogacar ne gagnerait pas le Tour sur un v\u00e9lo de 2015 ou m\u00eame 2020!&quot; Le mat\u00e9riel s\u2019est tellement am\u00e9lior\u00e9 que m\u00eame Geraint Thomas ne croit pas \u00e0 cet impossible exploit de Pogacar\" class=\"internal_link\" target=\"_blank\" rel=\"noopener\">Geraint Thomas assurait que Tadej Pogacar<\/a>, qui a domin\u00e9 le dernier Tour de la t\u00eate et des \u00e9paules malgr\u00e9 une chute, n&rsquo;aurait pas gagn\u00e9 la comp\u00e9tition s&rsquo;il avait du la disputer avec un v\u00e9lo d&rsquo;il y a 10 ans.<\/p>\n<p>\u00ab\u00a0Si c\u2019est juste le cadre et qu\u2019il a des roues, pneus modernes, une combinaison\u2026 il pourrait, tentait de n\u00e9gocier Geraint Thomas dans le podcast Watts Occuring qu&rsquo;il anime avec Luke Rowe. Mais si il a un \u00e9quipement de 2015, les roues qu\u2019a eu Froomey, les pneus, le maillot&#8230;\u00a0\u00bb Une mani\u00e8re d\u2019illustrer que les progr\u00e8s techniques ont touch\u00e9 ces derni\u00e8res ann\u00e9es des domaines aussi vari\u00e9s que<a href=\"https:\/\/rmcsport.bfmtv.com\/cyclisme\/tour-de-france\/tour-de-france-l-un-des-composants-qui-a-le-plus-d-influence-sur-la-performance-pourquoi-tout-le-peloton-s-arrache-les-meilleurs-pneus_AV-202407040472.html\" title=\"Tour de France: &quot;L\u2019un des composants qui a le plus d\u2019influence sur la performance&quot;, pourquoi tout le peloton s&#039;arrache les meilleurs pneus\" class=\"internal_link\" target=\"_blank\" rel=\"noopener\"> <strong>les pneus<\/strong><\/a>, <strong><a href=\"https:\/\/rmcsport.bfmtv.com\/cyclisme\/tour-de-france\/tour-de-france-2024-le-cuissard-maillot-embleme-des-cyclistes-aujourd-hui-porte-disparu_AN-202407110458.html\" title=\"Tour de France 2024: le cuissard-maillot, embl\u00e8me des cyclistes aujourd\u2019hui port\u00e9 disparu\" class=\"internal_link\" target=\"_blank\" rel=\"noopener\">les combinaisons<\/a><\/strong>&#8230; On s\u2019\u00e9tait d\u2019ailleurs d\u00e9j\u00e0 amus\u00e9 \u00e0 montrer comment <strong><a href=\"https:\/\/rmcsport.bfmtv.com\/cyclisme\/le-nouveau-va-10km-h-plus-vite-comment-les-velos-se-sont-transformes-en-machines-de-guerre-en-5-ans_AV-202412270351.html\" title=\"&quot;Le nouveau va 10km\/h plus vite&quot;, comment les v\u00e9los se sont transform\u00e9s en machines de guerre en 5 ans\" class=\"internal_link\" target=\"_blank\" rel=\"noopener\">les v\u00e9los avaient chang\u00e9 entre l\u2019arriv\u00e9e de Pogacar dans le peloton<\/a><\/strong> professionnel en 2019 et sa monture cinq ans plus tard. Et c\u2019\u00e9tait avant que Colnago sorte cet hiver son nouveau v\u00e9lo au <strong><a href=\"https:\/\/rmcsport.bfmtv.com\/cyclisme\/le-guidon-mouette-de-pogacar-la-nouvelle-arme-qui-a-peut-etre-deja-plie-la-saison-cycliste-2025_AN-202412250211.html\" title=\"Le &quot;guidon mouette&quot; de Pogacar, la nouvelle arme qui a peut-\u00eatre d\u00e9j\u00e0 pli\u00e9 la saison cycliste 2025\" class=\"internal_link\" target=\"_blank\" rel=\"noopener\">\u00ab\u00a0guidon mouette\u00a0\u00bb cens\u00e9 rapporter 20 watts<\/a><\/strong>.<\/p>\n<p>Pogacar: \u00ab\u00a0Avant on mangeait beaucoup de glucides, au petit-d\u00e9jeuner. Des p\u00e2tes blanches, du riz blanc, une omelette\u00a0\u00bb<\/p>\n<p>Pour Pogacar, le plus gros changement concerne&#8230; la nutrition. L&rsquo;ogre du pelton a r\u00e9cemment d\u00e9taill\u00e9 comment son alimentation avait chang\u00e9 par rapport \u00e0 son d\u00e9but de carri\u00e8re. \u00ab\u00a0Le cyclisme \u00e9volue tellement\u00a0\u00bb a explique Pogacar. \u00ab\u00a0Je suis arriv\u00e9 dans l\u2019\u00e9quipe UAE il y a six-sept ans, aujourd\u2019hui cela n\u2019a plus rien \u00e0 voir. Avant on mangeait beaucoup de glucides, au petit-d\u00e9jeuner. Des p\u00e2tes blanches, du riz blanc, une omelette. Maintenant, c\u2019est beaucoup plus \u00e9quilibr\u00e9, avec toujours une omelette, mais du riz au lait, du porridge, du pain, des cr\u00eapes. \u00c7a fait toute la diff\u00e9rence.\u00a0\u00bb Dans le podcast Grand Plateau, un di\u00e9t\u00e9ticien avait expliqu\u00e9 comment la science avait \u00e9volu\u00e9 et transform\u00e9 la pratique des cyclistes ces derni\u00e8res ann\u00e9es.<\/p>\n<p><img decoding=\"async\" src=\"https:\/\/www.europesays.com\/fr\/wp-content\/uploads\/2025\/08\/principale-11_1.png\"  alt=\"La nutrition, cl\u00e9 de vo\u00fbte de la performance ! Avec Julien Louis, nutritionniste chez Decathlon AG2R La Mondiale\" title=\"La nutrition, cl\u00e9 de vo\u00fbte de la performance ! Avec Julien Louis, nutritionniste chez Decathlon AG2R La Mondiale\"\/>La nutrition, cl\u00e9 de vo\u00fbte de la performance ! Avec Julien Louis, nutritionniste chez Decathlon AG2R La Mondiale<\/p>\n<p>De quoi transformer compl\u00e8tement les performances et \u00e9carter le spectre du dopage qui vole pas tr\u00e8s loin des performances stratosph\u00e9riques de Pogacar and co? \u00ab\u00a0Moi-m\u00eame, je vois certains temps de mont\u00e9e o\u00f9 je vais aussi vite qu&rsquo;Amstrong sourit Guillaume Martin-Guyonnet. C&rsquo;est bien la preuve que, par le fait d&rsquo;\u00eatre plus professionnel et de ma\u00eetriser tous les aspects de la performance, on peut quand m\u00eame atteindre un haut niveau. Apr\u00e8s, il y a un monde entre moi et ceux qui dominent le Tour. Mais je ne peux pas me permettre de juger ou d&rsquo;accuser. Je n&rsquo;ai pas non plus envie de para\u00eetre pour un aigri. Un coureur en Nationale 1, du plus haut niveau amateur, il s&rsquo;entra\u00eene comme moi, et il y a quand m\u00eame un monde entre mon niveau et le sien. Je n&rsquo;ai pas envie que lui m&rsquo;accuse d&rsquo;\u00eatre dop\u00e9 simplement parce que je suis plus fort. Peut-\u00eatre que les coureurs devant sont naturellement plus forts. Dans toute l&rsquo;histoire du sport, il y a eu certains qui \u00e9taient une classe au-dessus des autres. Il faut l&rsquo;accepter.\u00a0\u00bb<\/p>\n","protected":false},"excerpt":{"rendered":"Dans une interview \u00e0 l&rsquo;AFP, Guillaume Martin-Guyonnet s&rsquo;est interrog\u00e9 sur les changements \u00ab\u00a0impressionnant\u00a0\u00bb du v\u00e9lo en dix ans.&hellip;\n","protected":false},"author":2,"featured_media":605543,"comment_status":"","ping_status":"","sticky":false,"template":"","format":"standard","meta":{"footnotes":""},"categories":[1411],"tags":[1154,207,1011,27,60],"class_list":{"0":"post-605542","1":"post","2":"type-post","3":"status-publish","4":"format-standard","5":"has-post-thumbnail","7":"category-cyclisme","8":"tag-cycling","9":"tag-cyclisme","10":"tag-fr","11":"tag-france","12":"tag-sports"},"share_on_mastodon":{"url":"https:\/\/pubeurope.com\/@fr\/115735758308822071","error":""},"_links":{"self":[{"href":"https:\/\/www.europesays.com\/fr\/wp-json\/wp\/v2\/posts\/605542","targetHints":{"allow":["GET"]}}],"collection":[{"href":"https:\/\/www.europesays.com\/fr\/wp-json\/wp\/v2\/posts"}],"about":[{"href":"https:\/\/www.europesays.com\/fr\/wp-json\/wp\/v2\/types\/post"}],"author":[{"embeddable":true,"href":"https:\/\/www.europesays.com\/fr\/wp-json\/wp\/v2\/users\/2"}],"replies":[{"embeddable":true,"href":"https:\/\/www.europesays.com\/fr\/wp-json\/wp\/v2\/comments?post=605542"}],"version-history":[{"count":0,"href":"https:\/\/www.europesays.com\/fr\/wp-json\/wp\/v2\/posts\/605542\/revisions"}],"wp:featuredmedia":[{"embeddable":true,"href":"https:\/\/www.europesays.com\/fr\/wp-json\/wp\/v2\/media\/605543"}],"wp:attachment":[{"href":"https:\/\/www.europesays.com\/fr\/wp-json\/wp\/v2\/media?parent=605542"}],"wp:term":[{"taxonomy":"category","embeddable":true,"href":"https:\/\/www.europesays.com\/fr\/wp-json\/wp\/v2\/categories?post=605542"},{"taxonomy":"post_tag","embeddable":true,"href":"https:\/\/www.europesays.com\/fr\/wp-json\/wp\/v2\/tags?post=605542"}],"curies":[{"name":"wp","href":"https:\/\/api.w.org\/{rel}","templated":true}]}}