{"id":605546,"date":"2025-12-17T16:05:16","date_gmt":"2025-12-17T16:05:16","guid":{"rendered":"https:\/\/www.europesays.com\/fr\/605546\/"},"modified":"2025-12-17T16:05:16","modified_gmt":"2025-12-17T16:05:16","slug":"lila-debbouze-la-fille-de-melissa-theuriau-et-jamel-debbouze-fait-une-premiere-apparition-remarquee-a-la-television","status":"publish","type":"post","link":"https:\/\/www.europesays.com\/fr\/605546\/","title":{"rendered":"Lila Debbouze, la fille de M\u00e9lissa Theuriau et Jamel Debbouze, fait une premi\u00e8re apparition remarqu\u00e9e \u00e0 la t\u00e9l\u00e9vision"},"content":{"rendered":"<p>\n    L\u2019adolescente de 14 ans a pris la parole dans le documentaire\u00a0Le Temps des femmes, diffus\u00e9 sur France 2 et produit par sa m\u00e8re, M\u00e9lissa Theuriau.<\/p>\n<p class=\"fig-paragraph\">Lila Debbouze joue d\u00e9j\u00e0 dans la cour des grands. \u00c0 seulement 14 ans, la fille de\u00a0<a href=\"http:\/\/madame.lefigaro.fr\/societe\/melissa-theuriau-on-a-longtemps-considere-que-les-cas-de-violence-intrafamiliale-etaient-d-ordre-prive-20231120\" data-fig-type=\"Article\" data-gtm-custom-categorie=\"navigation\" data-gtm-custom-action=\"crossclick\" data-gtm-custom-label=\"Contextuel\" data-gtm-event=\"customEventSPE\" data-fig-domain=\"MADAME\" target=\"_blank\" rel=\"noopener\">M\u00e9lissa Theuriau\u00a0<\/a>et\u00a0<a href=\"http:\/\/madame.lefigaro.fr\/celebrites\/actu-people\/l-argent-pervertit-jamel-debbouze-raconte-comment-la-reussite-a-bousille-sa-famille-20250215\" data-fig-type=\"Article\" data-gtm-custom-categorie=\"navigation\" data-gtm-custom-action=\"crossclick\" data-gtm-custom-label=\"Contextuel\" data-gtm-event=\"customEventSPE\" data-fig-domain=\"MADAME\" target=\"_blank\" rel=\"noopener\">Jamel Debbouze<\/a>\u00a0a fait sa toute premi\u00e8re apparition t\u00e9l\u00e9visuelle, ce mardi 16 d\u00e9cembre, dans le documentaire Le Temps des femmes, diffus\u00e9 sur France 2. Pens\u00e9, r\u00e9alis\u00e9 et produit par\u00a0M\u00e9lissa Theuriau, journaliste de formation, avec Karine Dusfour, ce film d\u2019une heure et demie raconte l\u2019\u00e9volution du quotidien et de la condition des femmes fran\u00e7aises des ann\u00e9es 1960 \u00e0 nos jours, \u00e0 travers les t\u00e9moignages de c\u00e9l\u00e9brit\u00e9s et d\u2019anonymes ayant entre 8 et 72 ans.<\/p>\n<p class=\"fig-paragraph\">Lila Debbouze, 12 ans au moment du tournage, prend la parole d\u00e8s les premi\u00e8res minutes du documentaire, dans une cour de r\u00e9cr\u00e9ation, entour\u00e9e de deux camarades, Noor et Dune. Sur ces images, Lila, v\u00eatue d\u2019un pull couleur cr\u00e8me, a les cheveux l\u00e2ch\u00e9s et porte de jolies cr\u00e9oles dor\u00e9es \u00e0 ses oreilles. La forme de son visage, ovale, est similaire \u00e0 celui de M\u00e9lissa Theuriau, tandis que son regard p\u00e9tillant \u00e9voque instantan\u00e9ment celui de Jamel Debbouze, toujours rieur.<\/p>\n<p>    Noor (\u00e0 gauche), Lila Debbouze (au centre) et Dune dans le documentaire Le Temps des femmes.<br \/>\n                Capture d\u2019\u00e9cran Le Temps des femmes<\/p>\n<p>                                                                <a class=\"fig-a11y-skip\" href=\"#fig-a11y-skip-main-inarticle\" data-module=\"a11y-skip\" data-context=\"was @visible\"><br \/>\n    Passer la publicit\u00e9<br \/>\n<\/a>            <\/p>\n<p>                                                                \u00abDire aux hommes qu\u2019on est fortes\u00bb<\/p>\n<p class=\"fig-paragraph\">Face cam\u00e9ra, les trois petites filles r\u00e9v\u00e8lent, des \u00e9toiles dans les yeux, avoir pour mod\u00e8les f\u00e9minins les chanteuses Aya Nakamura et Ang\u00e8le, deux ic\u00f4nes g\u00e9n\u00e9rationnelles qui ont cass\u00e9 les codes avec leur musique et leur image. Ensemble, Noor, Dune et Lila entonnent ensuite le tube\u00a0<a href=\"https:\/\/www.youtube.com\/watch?v=Hi7Rx3En7-k&amp;list=RDHi7Rx3En7-k&amp;start_radio=1\" target=\"_blank\" rel=\"sponsored noopener\" data-gtm-custom-categorie=\"navigation\" data-gtm-custom-action=\"crossclick\" data-gtm-custom-label=\"Contextuel\" data-gtm-event=\"customEventSPE\">Balance ton quoi<\/a> \u00a0d\u2019Ang\u00e8le, qui d\u00e9nonce les violences sexistes et sexuelles. \u00abCe clip moi je l\u2019aime bien, parce qu\u2019il repr\u00e9sente toutes les femmes, souligne Lila Debbouze. C\u2019est pour dire aux hommes qu\u2019on est fortes, on est comme vous. Il n\u2019y a pas \u00e0 faire des st\u00e9r\u00e9otypes comme quoi les hommes sont plus forts et les femmes sont moins fortes\u00bb.<\/p>\n<p class=\"fig-body-link&#10;    \">\n            \u00c0 lire aussi<br \/>\n        <a class=\"fig-body-link__link\" href=\"http:\/\/madame.lefigaro.fr\/celebrites\/actu-people\/le-temps-passe-et-ne-te-calcule-pas-la-tendre-declaration-de-jamel-debouzze-a-sa-femme-melissa-theuriau-pour-ses-47-ans-20250721\" data-fig-type=\"Article\" data-gtm-custom-categorie=\"navigation\" data-gtm-custom-action=\"crossclick\" data-gtm-custom-label=\"Contextuel\" data-gtm-event=\"customEventSPE\" data-fig-domain=\"MADAME\" target=\"_blank\" rel=\"noopener\"><br \/>\n        \u00abLe temps passe et ne te calcule pas\u00bb\u00a0: la tendre d\u00e9claration de Jamel Debouzze \u00e0 sa femme M\u00e9lissa Theuriau pour ses 47 ans<\/a>\n<\/p>\n<p>                                                                \u00abSors du terrain\u00a0!\u00bb<\/p>\n<p class=\"fig-paragraph\">Face cam\u00e9ra, elle \u00e9voque ensuite son exp\u00e9rience en tant que petite fille dans la cour de r\u00e9cr\u00e9ation, en se souvenant que les gar\u00e7ons avaient \u00abtout un terrain pour eux tout seuls\u00bb quand elle \u00e9tait \u00e0 l\u2019\u00e9cole primaire. \u00abEt il y avait quelques filles qui jouaient\u00a0au football\u00a0mais, comme je n\u2019aime pas trop le foot, quand j\u2019entrais dans le terrain sans faire expr\u00e8s, ils me criaient dessus et me disaient\u00a0\u201cSors du terrain\u00a0!\u201d.\u00a0Du coup, j\u2019\u00e9tais sur le c\u00f4t\u00e9 avec mes copines. On jouait \u00e0 la corde \u00e0 sauter, mais on n\u2019avait pas beaucoup de place\u00bb, d\u00e9plore-t-elle. Aujourd\u2019hui, la petite Lila entend toujours des remarques de ses camarades masculins comme la fameuse phrase \u00abTu ne peux pas comprendre, t\u2019es une fille\u00a0!\u00bb, qui l\u2019agace particuli\u00e8rement.<\/p>\n<p>                                                                \u00abUne lutte pour l\u2019espace\u00bb<\/p>\n<p class=\"fig-paragraph\">Sinc\u00e8re et spontan\u00e9, son t\u00e9moignage met en lumi\u00e8re les rapports de force qui se mettent en place dans les cours de r\u00e9cr\u00e9ation, o\u00f9 les petites filles se r\u00e9signent souvent \u00e0 laisser plus de place aux gar\u00e7ons dont les jeux, comme le foot, sont davantage valoris\u00e9s. \u00abC\u2019est une lutte pour l\u2019espace. Ce que \u00e7a dit, c\u2019est que \u00e7a conditionne ensuite les petites filles \u00e0 rester en marge et \u00e0 avoir cette attitude (&#8230;) de rester un peu discr\u00e8tes, modestes et de ne pas occuper l\u2019espace\u00bb, a d\u2019ailleurs analys\u00e9 sa m\u00e8re, M\u00e9lissa Theuriau, ce lundi 15 d\u00e9cembre lors de son passage sur le plateau de \u00abC \u00e0 vous\u00bb pour assurer la promotion de son documentaire.<\/p>\n<p class=\"fig-body-link&#10;    \">\n            \u00c0 lire aussi<br \/>\n        <a class=\"fig-body-link__link\" href=\"http:\/\/madame.lefigaro.fr\/celebrites\/actu-people\/lila-la-fille-de-jamel-debbouze-et-melissa-theuriau-improvise-quelques-notes-au-piano-a-la-gare-d-avignon-20240902\" data-fig-type=\"Article\" data-gtm-custom-categorie=\"navigation\" data-gtm-custom-action=\"crossclick\" data-gtm-custom-label=\"Contextuel\" data-gtm-event=\"customEventSPE\" data-fig-domain=\"MADAME\" target=\"_blank\" rel=\"noopener\"><br \/>\n        Lila, la fille de Jamel Debbouze et Melissa Theuriau, improvise quelques notes au piano \u00e0 la gare d&rsquo;Avignon<\/a>\n<\/p>\n<p class=\"fig-paragraph\">Son travail lui permet d\u2019\u00e9voquer ces probl\u00e9matiques soci\u00e9tales avec ses deux enfants, Lila et L\u00e9on. \u00abIls sont hyper impliqu\u00e9s, a-t-elle confi\u00e9 cette semaine dans les colonnes de\u00a0<a href=\"https:\/\/www.programme-tv.net\/news\/tv\/393389-exclu-ca-ma-fait-beaucoup-de-bien-melissa-theuriau-fait-de-rares-confidences-sur-sa-vie-privee\/?utm_term=photo&amp;utm_content=TeleLoisirs&amp;utm_source=twitter&amp;utm_medium=Social&amp;utm_campaign=Nonli\" target=\"_blank\" rel=\"sponsored noopener\" data-gtm-custom-categorie=\"navigation\" data-gtm-custom-action=\"crossclick\" data-gtm-custom-label=\"Contextuel\" data-gtm-event=\"customEventSPE\">T\u00e9l\u00e9-Loisirs<\/a> . Je suis contente parce que c\u2019est aussi beaucoup de discussions ensemble.\u00a0Mes enfants m\u2019inspirent aussi beaucoup dans ce qu\u2019ils peuvent dire ou ressentir. Et apr\u00e8s, ce sont des d\u00e9bats qui nous animent\u00bb. M\u00e9lissa Theuriau a donc tout naturellement propos\u00e9 \u00e0 sa fille de participer \u00e0 son dernier film, dont le sujet lui tenait particuli\u00e8rement \u00e0 c\u0153ur.<\/p>\n","protected":false},"excerpt":{"rendered":"L\u2019adolescente de 14 ans a pris la parole dans le documentaire\u00a0Le Temps des femmes, diffus\u00e9 sur France 2&hellip;\n","protected":false},"author":2,"featured_media":605547,"comment_status":"","ping_status":"","sticky":false,"template":"","format":"standard","meta":{"footnotes":""},"categories":[1359],"tags":[58,59,1011,27,19368,973],"class_list":{"0":"post-605546","1":"post","2":"type-post","3":"status-publish","4":"format-standard","5":"has-post-thumbnail","7":"category-people","8":"tag-divertissement","9":"tag-entertainment","10":"tag-fr","11":"tag-france","12":"tag-melissa-theuriau","13":"tag-people"},"share_on_mastodon":{"url":"https:\/\/pubeurope.com\/@fr\/115735764973313423","error":""},"_links":{"self":[{"href":"https:\/\/www.europesays.com\/fr\/wp-json\/wp\/v2\/posts\/605546","targetHints":{"allow":["GET"]}}],"collection":[{"href":"https:\/\/www.europesays.com\/fr\/wp-json\/wp\/v2\/posts"}],"about":[{"href":"https:\/\/www.europesays.com\/fr\/wp-json\/wp\/v2\/types\/post"}],"author":[{"embeddable":true,"href":"https:\/\/www.europesays.com\/fr\/wp-json\/wp\/v2\/users\/2"}],"replies":[{"embeddable":true,"href":"https:\/\/www.europesays.com\/fr\/wp-json\/wp\/v2\/comments?post=605546"}],"version-history":[{"count":0,"href":"https:\/\/www.europesays.com\/fr\/wp-json\/wp\/v2\/posts\/605546\/revisions"}],"wp:featuredmedia":[{"embeddable":true,"href":"https:\/\/www.europesays.com\/fr\/wp-json\/wp\/v2\/media\/605547"}],"wp:attachment":[{"href":"https:\/\/www.europesays.com\/fr\/wp-json\/wp\/v2\/media?parent=605546"}],"wp:term":[{"taxonomy":"category","embeddable":true,"href":"https:\/\/www.europesays.com\/fr\/wp-json\/wp\/v2\/categories?post=605546"},{"taxonomy":"post_tag","embeddable":true,"href":"https:\/\/www.europesays.com\/fr\/wp-json\/wp\/v2\/tags?post=605546"}],"curies":[{"name":"wp","href":"https:\/\/api.w.org\/{rel}","templated":true}]}}